{"id":42659,"date":"2024-09-23T10:04:38","date_gmt":"2024-09-23T10:04:38","guid":{"rendered":"https:\/\/dekkbi.com\/?p=42659"},"modified":"2024-09-23T11:24:45","modified_gmt":"2024-09-23T11:24:45","slug":"retraite-impots-ivg-ce-quil-faut-retenir-de-linterview-de-michel-barnier","status":"publish","type":"post","link":"https:\/\/dekkbi.com\/?p=42659","title":{"rendered":"Ce qu&rsquo;il faut retenir de l&rsquo;interview de Michel Barnier"},"content":{"rendered":"\n<p>Invit\u00e9 du JT de France 2, le Premier ministre fran\u00e7ais Michel Barnier a promis ce dimanche 22 septembre de faire des \u00ab&nbsp;<em>compromis&nbsp;<\/em>\u00bb, au lendemain de la pr\u00e9sentation de son gouvernement, menac\u00e9 d&rsquo;une censure de la gauche et de l&rsquo;extr\u00eame droite \u00e0 l&rsquo;Assembl\u00e9e nationale.<\/p>\n\n\n\n<p>Parmi les indications qu&rsquo;il a fournies,\u00a0<strong>Michel Barnier<\/strong>\u00a0promet notamment de ne \u00ab\u00a0<em>pas alourdir encore l&rsquo;imp\u00f4t sur l&rsquo;ensemble des Fran\u00e7ais<\/em>\u00a0\u00bb, mais estime que \u00ab\u00a0<em>les plus riches doivent prendre part \u00e0 l&rsquo;effort de solidarit\u00e9<\/em>\u00a0\u00bb. Selon le Premier ministre de droite, \u00ab\u00a0<em>ma\u00eetriser les d\u00e9penses, \u00e7a peut se faire notamment avec des pr\u00e9l\u00e8vements cibl\u00e9s sur les personnes fortun\u00e9es, ou certaines grosses entreprises\u00a0<\/em>\u00bb.\u00a0<\/p>\n\n\n\n<p>\u00ab\u00a0<em>Une grande partie de notre dette est \u00e9mise sur les march\u00e9s internationaux, ext\u00e9rieurs, il faut garder la cr\u00e9dibilit\u00e9 de la\u00a0<strong>France<\/strong><\/em>\u00a0\u00bb, a-t-il ajout\u00e9, alors que le d\u00e9ficit public du pays s&rsquo;affiche \u00e0 plus de 5% du PIB, bien au-del\u00e0 de la limite europ\u00e9enne fix\u00e9e \u00e0 3% dans le cadre du pacte de stabilit\u00e9.<\/p>\n\n\n\n<h2 class=\"wp-block-heading\">Premi\u00e8re urgence : le budget 2025&nbsp;<\/h2>\n\n\n\n<p><strong>L&rsquo;\u00e9laboration du budget 2025<\/strong>, qui a d\u00e9j\u00e0 pris un retard in\u00e9dit, est l&rsquo;urgence num\u00e9ro un, Michel Barnier ayant qualifi\u00e9 la \u00ab\u00a0<em>situation budg\u00e9taire<\/em>\u00a0\u00bb de la France de \u00ab\u00a0<em>tr\u00e8s grave<\/em>\u00a0\u00bb. Signe de son importance, il a voulu garder un \u0153il sur ce dossier explosif en mettant sous sa tutelle directe le ministre macroniste des Comptes publics, Laurent Saint-Martin.<\/p>\n\n\n\n<p>Concernant la tr\u00e8s controvers\u00e9e r\u00e9forme des retraites, entr\u00e9e en vigueur il y a un an et dont l&rsquo;abolition est r\u00e9clam\u00e9e par la gauche et le Rassemblement national, le successeur de Gabriel Attal a indiqu\u00e9 qu&rsquo;il souhaitait \u00ab&nbsp;<em>prendre le temps de l&rsquo;am\u00e9liorer&nbsp;<\/em>\u00bb. \u00ab&nbsp;<em>On a une loi qui pr\u00e9voit un cadre financier et je pense que ce cadre financier doit \u00eatre pr\u00e9serv\u00e9<\/em>&nbsp;\u00bb, a-t-il d\u00e9clar\u00e9, ajoutant toutefois qu&rsquo;il allait \u00ab&nbsp;<em>faire confiance aux partenaires sociaux pour am\u00e9liorer cette loi, pour r\u00e9former<\/em>&nbsp;\u00bb.<\/p>\n\n\n\n<h2 class=\"wp-block-heading\">La carte de l&rsquo;apaisement<\/h2>\n\n\n\n<p>Le Premier ministre, qui a redit qu&rsquo;il ne serait pas candidat \u00e0 la pr\u00e9sidentielle en 2027, a assur\u00e9 que \u00ab&nbsp;<em>dans l&rsquo;int\u00e9r\u00eat du pays<\/em>&nbsp;\u00bb, \u00ab&nbsp;<em>il n&rsquo;y aura pas de pol\u00e9mique<\/em>&nbsp;\u00bb avec Emmanuel Macron, appelant \u00e0 \u00ab&nbsp;<em>un esprit de compromis positif, dynamique avec le chef de l&rsquo;\u00c9tat<\/em>&nbsp;\u00bb. Mi-septembre, Michel Barnier avait estim\u00e9 qu&rsquo;il n&rsquo;y avait \u00ab&nbsp;<em>pas de domaines r\u00e9serv\u00e9s<\/em>&nbsp;\u00bb au pr\u00e9sident de la R\u00e9publique, pr\u00e9f\u00e9rant \u00e9voquer des \u00ab&nbsp;<em>domaines partag\u00e9s<\/em>&nbsp;\u00bb.<\/p>\n\n\n\n<p>Le Premier ministre a aussi appel\u00e9 \u00e0 \u00ab\u00a0<em>la coh\u00e9sion<\/em>\u00a0\u00bb et \u00e0 \u00ab\u00a0<em>la fraternit\u00e9\u00a0<\/em>\u00bb au sein de son\u00a0<strong>gouvernement<\/strong>, promettant des \u00ab\u00a0<em>compromis<\/em>\u00a0\u00bb. \u00ab\u00a0<em>On va parler dans un climat de plus grande coh\u00e9sion, de plus grande fraternit\u00e9<\/em>\u00a0\u00bb, a-t-il ajout\u00e9, pour \u00ab\u00a0<em>permettre \u00e0 toutes les initiatives, toutes les \u00e9nergies de s&rsquo;exprimer\u00a0<\/em>\u00bb.<\/p>\n\n\n\n<p>Tax\u00e9 d&rsquo;avoir choisi un gouvernement \u00ab&nbsp;<em>r\u00e9actionnaire<\/em>&nbsp;\u00bb avec des ministres conservateurs sur les questions de l&rsquo;IVG, des droits LGBT et des femmes ou de la fin de vie, le Premier ministre Michel Barnier a assur\u00e9 ce dimanche soir que les \u00ab&nbsp;<em>droits acquis<\/em>&nbsp;\u00bb seraient \u00ab&nbsp;<em>int\u00e9gralement pr\u00e9serv\u00e9s<\/em>&nbsp;\u00bb.<\/p>\n\n\n\n<p>Concernant l&rsquo;immigration &#8211; sujet \u00e0 propos duquel le chef du gouvernement est mis sous pression -, celui-ci a promis des \u00ab&nbsp;<em>ruptures<\/em>&nbsp;\u00bb et la mise en place d&rsquo;une politique alliant \u00ab&nbsp;<em>fermet\u00e9<\/em>&nbsp;\u00bb et \u00ab&nbsp;<em>humanit\u00e9<\/em>&nbsp;\u00bb men\u00e9e avec le nouveau ministre de l&rsquo;Int\u00e9rieur, Bruno Retailleau : \u00ab&nbsp;<em>Il n&rsquo;y aura pas d&rsquo;id\u00e9ologie, il n&rsquo;y aura pas de sectarisme, il y aura des mesures pratiques comme tous nos voisins en prennent, et on va essayer de les prendre en bonne intelligence avec eux<\/em>&nbsp;<em>\u00bb, a-t-il d\u00e9clar\u00e9 \u00e0 ce propos.<\/em><\/p>\n\n\n\n<p>Michel Barnier a par ailleurs annonc\u00e9 qu&rsquo;il souhaitait faire de la \u00ab&nbsp;<em>sant\u00e9 mentale<\/em>&nbsp;\u00bb la \u00ab&nbsp;<em>grande cause nationale<\/em>&nbsp;\u00bb de l&rsquo;ann\u00e9e 2025, alors que la psychiatrie subit une crise grave et persistante en France. Dans la foul\u00e9e des Jeux olympiques et paralympiques, il a par ailleurs assur\u00e9 vouloir faire du sport \u00ab&nbsp;<em>une grande ambition nationale d\u00e9centralis\u00e9e, partout<\/em>&nbsp;\u00bb.<\/p>\n\n\n\n<p>Par :RFI avec AFP<\/p>\n","protected":false},"excerpt":{"rendered":"<p>Invit\u00e9 du JT de France 2, le Premier ministre fran\u00e7ais Michel Barnier a promis ce dimanche 22 septembre de faire<\/p>\n","protected":false},"author":1,"featured_media":42660,"comment_status":"open","ping_status":"open","sticky":false,"template":"","format":"standard","meta":{"footnotes":""},"categories":[3],"tags":[],"class_list":["post-42659","post","type-post","status-publish","format-standard","has-post-thumbnail","hentry","category-event-more-news"],"_links":{"self":[{"href":"https:\/\/dekkbi.com\/index.php?rest_route=\/wp\/v2\/posts\/42659","targetHints":{"allow":["GET"]}}],"collection":[{"href":"https:\/\/dekkbi.com\/index.php?rest_route=\/wp\/v2\/posts"}],"about":[{"href":"https:\/\/dekkbi.com\/index.php?rest_route=\/wp\/v2\/types\/post"}],"author":[{"embeddable":true,"href":"https:\/\/dekkbi.com\/index.php?rest_route=\/wp\/v2\/users\/1"}],"replies":[{"embeddable":true,"href":"https:\/\/dekkbi.com\/index.php?rest_route=%2Fwp%2Fv2%2Fcomments&post=42659"}],"version-history":[{"count":3,"href":"https:\/\/dekkbi.com\/index.php?rest_route=\/wp\/v2\/posts\/42659\/revisions"}],"predecessor-version":[{"id":42709,"href":"https:\/\/dekkbi.com\/index.php?rest_route=\/wp\/v2\/posts\/42659\/revisions\/42709"}],"wp:featuredmedia":[{"embeddable":true,"href":"https:\/\/dekkbi.com\/index.php?rest_route=\/wp\/v2\/media\/42660"}],"wp:attachment":[{"href":"https:\/\/dekkbi.com\/index.php?rest_route=%2Fwp%2Fv2%2Fmedia&parent=42659"}],"wp:term":[{"taxonomy":"category","embeddable":true,"href":"https:\/\/dekkbi.com\/index.php?rest_route=%2Fwp%2Fv2%2Fcategories&post=42659"},{"taxonomy":"post_tag","embeddable":true,"href":"https:\/\/dekkbi.com\/index.php?rest_route=%2Fwp%2Fv2%2Ftags&post=42659"}],"curies":[{"name":"wp","href":"https:\/\/api.w.org\/{rel}","templated":true}]}}