{"id":42650,"date":"2024-09-23T09:53:46","date_gmt":"2024-09-23T09:53:46","guid":{"rendered":"https:\/\/dekkbi.com\/?p=42650"},"modified":"2024-09-23T09:53:47","modified_gmt":"2024-09-23T09:53:47","slug":"conseil-national-du-laicat-du-senegal-communique","status":"publish","type":"post","link":"https:\/\/dekkbi.com\/?p=42650","title":{"rendered":"Conseil national du la\u00efcat du S\u00e9n\u00e9gal : communique"},"content":{"rendered":"\n<p>1-Le Conseil national du La\u00efcat du S\u00e9n\u00e9gal (CNL) a suivi avec int\u00e9r\u00eat les conclusions de la r\u00e9union interminist\u00e9rielle sur la pr\u00e9paration de la rentr\u00e9e scolaire 2024-2025 tenue \u00e0 la Primature le jeudi 19 septembre 2024.<\/p>\n\n\n\n<p>2- Le CNL se r\u00e9jouit, \u00e0 la lecture des directives finales issues de cette rencontre, du souci du Gouvernement, notamment :<\/p>\n\n\n\n<p>-d\u2019am\u00e9liorer les conditions d\u2019enseignement-apprentissage ainsi que les performances des \u00e9l\u00e8ves,<\/p>\n\n\n\n<p>-de pr\u00e9venir et de g\u00e9rer les violences en milieu scolaire,<\/p>\n\n\n\n<p>-de prot\u00e9ger les couches vuln\u00e9rables,<\/p>\n\n\n\n<p>-de proc\u00e9der aux r\u00e9formes qui s\u2019imposent dans le secteur de l\u2019\u00c9ducation.<\/p>\n\n\n\n<p>3- L\u2019int\u00e9r\u00eat particulier port\u00e9 par le Gouvernement et le traitement m\u00e9diatique subs\u00e9quent fait sur la probl\u00e9matique du port obligatoire de l\u2019uniforme scolaire confortent l\u2019Enseignement priv\u00e9 catholique, pr\u00e9curseur en cette mati\u00e8re, dans sa pers\u00e9v\u00e9rance \u00e0 promouvoir l\u2019\u00e9gal acc\u00e8s de toutes les filles et de tous les fils du pays \u00e0 l\u2019\u00c9ducation, dans une \u00e9gale dignit\u00e9 que ne sapent ni les diff\u00e9rences de conditions socio-\u00e9conomiques, culturelles et religieuses, ni les disparit\u00e9s territoriales.<\/p>\n\n\n\n<p>4- Ce faisant, l\u2019Enseignement priv\u00e9 catholique, demeure ancr\u00e9 dans les principes fondamentaux \u00e9dict\u00e9s par la Constitution de l\u2019\u00c9tat la\u00efc du S\u00e9n\u00e9gal qui, en son article 8, consacre respectivement le droit \u00e0 l\u2019\u00e9ducation et le droit de savoir lire et \u00e9crire \u00e0 chaque citoyen s\u00e9n\u00e9galais.<\/p>\n\n\n\n<p>5- Le CNL encourage, d\u00e8s lors, tous les \u00e9tablissements priv\u00e9s catholiques du S\u00e9n\u00e9gal, \u00e9tablissements au demeurant tous s\u00e9n\u00e9galais et plac\u00e9s sous la responsabilit\u00e9 des autorit\u00e9s dioc\u00e9saines que sont les \u00c9v\u00eaques du S\u00e9n\u00e9gal, \u00e0 demeurer fermes dans la promotion des valeurs chr\u00e9tiennes qui fondent leur projet \u00e9ducatif, dans le respect des principes constitutionnels d\u2019\u00e9galit\u00e9, de libert\u00e9, de respect mutuel, au total, du VIVRE ENSEMBLE.<\/p>\n\n\n\n<p>6- Des S\u00e9n\u00e9galais de toutes conditions et de toutes ob\u00e9diences font confiance en l\u2019Enseignement priv\u00e9 catholique. Rien, ni personne ne doit le d\u00e9tourner de l\u2019ESSENTIEL : la formation de l\u2019HOMME et de TOUT L\u2019HOMME dans l\u2019AMOUR et la CHARIT\u00c9, SANS AUCUNE DISCRIMINATION.<\/p>\n\n\n\n<p>7-Sous ce prisme, le CNL regrette la persistance dans l\u2019erreur du Chef du Gouvernement \u00e0 consid\u00e9rer les \u00e9coles priv\u00e9es catholiques comme des \u00ab \u00e9coles \u00e9trang\u00e8res \u00bb. Cet acharnement \u00e0 stigmatiser l\u2019Enseignement priv\u00e9 catholique est \u00e0 d\u00e9noncer, tant il est \u00e9tranger aux valeurs culturelles qui cimentent et s\u00e9dimentent l\u2019exception s\u00e9n\u00e9galaise faite de pluralit\u00e9s vivant en harmonie.<\/p>\n\n\n\n<p>8- Le CNL invite, par cons\u00e9quent, tous les fid\u00e8les chr\u00e9tiens, tous les fr\u00e8res et s\u0153urs de toutes confessions religieuses et tous les citoyens \u00e9pris de justice et de paix, \u00e0 demeurer vigilants face \u00e0 ces signaux alarmants qui tendent, \u00e0 s\u2019y m\u00e9prendre, \u00e0 ostraciser la communaut\u00e9 catholique et, partant, \u00e0 fragiliser la coh\u00e9sion sociale. Les Chr\u00e9tiens du S\u00e9n\u00e9gal ne sauraient \u00eatre consid\u00e9r\u00e9s comme des citoyens de seconde zone.<\/p>\n\n\n\n<p>9- Le CNL invite le Chef du Gouvernement \u00e0 faire montre de plus de respect et de consid\u00e9ration \u00e0 l\u2019endroit de l\u2019Enseignement priv\u00e9 catholique bas\u00e9 sur les valeurs \u00e9vang\u00e9liques. Les menaces sont inop\u00e9rantes. L\u2019\u00c9glise ne conna\u00eet pas la peur. Elle marche dans la V\u00e9rit\u00e9, la Justice et la Paix.<\/p>\n\n\n\n<p>L\u2019\u00c9glise est r\u00e9publicaine et, en mati\u00e8re d\u2019\u00c9ducation et de Formation, elle fonde son action sur la CONSTITUTION. Son engagement \u00e0 cet \u00e9gard ne saurait \u00eatre fl\u00e9tri par un ARR\u00caT\u00c9.<\/p>\n\n\n\n<p>10- En d\u00e9finitive, face aux graves d\u00e9fis multiples et urgents de l\u2019heure, le CNL engage le Gouvernement \u00e0 ne d\u00e9sormais conjuguer de VERBE que celui de l\u2019ACTION pour le bien-\u00eatre des populations s\u00e9n\u00e9galaises dont il tient le MANDAT.<\/p>\n\n\n\n<p>Vive l\u2019\u00e9cole s\u00e9n\u00e9galaise ! Vive le vivre Ensemble ! Vive le S\u00e9n\u00e9gal !<\/p>\n\n\n\n<p>Pour le Conseil national du La\u00efcat du S\u00e9n\u00e9gal<\/p>\n\n\n\n<p><strong>&nbsp;Dr Philippe Abraham Birane TINE<\/strong><\/p>\n\n\n\n<p><strong>Dakar, le 21 septembre 2024<\/strong><\/p>\n","protected":false},"excerpt":{"rendered":"<p>1-Le Conseil national du La\u00efcat du S\u00e9n\u00e9gal (CNL) a suivi avec int\u00e9r\u00eat les conclusions de la r\u00e9union interminist\u00e9rielle sur la<\/p>\n","protected":false},"author":1,"featured_media":42651,"comment_status":"open","ping_status":"open","sticky":false,"template":"","format":"standard","meta":{"footnotes":""},"categories":[21],"tags":[],"class_list":["post-42650","post","type-post","status-publish","format-standard","has-post-thumbnail","hentry","category-societe"],"_links":{"self":[{"href":"https:\/\/dekkbi.com\/index.php?rest_route=\/wp\/v2\/posts\/42650","targetHints":{"allow":["GET"]}}],"collection":[{"href":"https:\/\/dekkbi.com\/index.php?rest_route=\/wp\/v2\/posts"}],"about":[{"href":"https:\/\/dekkbi.com\/index.php?rest_route=\/wp\/v2\/types\/post"}],"author":[{"embeddable":true,"href":"https:\/\/dekkbi.com\/index.php?rest_route=\/wp\/v2\/users\/1"}],"replies":[{"embeddable":true,"href":"https:\/\/dekkbi.com\/index.php?rest_route=%2Fwp%2Fv2%2Fcomments&post=42650"}],"version-history":[{"count":1,"href":"https:\/\/dekkbi.com\/index.php?rest_route=\/wp\/v2\/posts\/42650\/revisions"}],"predecessor-version":[{"id":42652,"href":"https:\/\/dekkbi.com\/index.php?rest_route=\/wp\/v2\/posts\/42650\/revisions\/42652"}],"wp:featuredmedia":[{"embeddable":true,"href":"https:\/\/dekkbi.com\/index.php?rest_route=\/wp\/v2\/media\/42651"}],"wp:attachment":[{"href":"https:\/\/dekkbi.com\/index.php?rest_route=%2Fwp%2Fv2%2Fmedia&parent=42650"}],"wp:term":[{"taxonomy":"category","embeddable":true,"href":"https:\/\/dekkbi.com\/index.php?rest_route=%2Fwp%2Fv2%2Fcategories&post=42650"},{"taxonomy":"post_tag","embeddable":true,"href":"https:\/\/dekkbi.com\/index.php?rest_route=%2Fwp%2Fv2%2Ftags&post=42650"}],"curies":[{"name":"wp","href":"https:\/\/api.w.org\/{rel}","templated":true}]}}