{"id":4265,"date":"2022-12-02T12:23:36","date_gmt":"2022-12-02T12:23:36","guid":{"rendered":"https:\/\/dekkbi.com\/?p=4265"},"modified":"2022-12-02T12:23:37","modified_gmt":"2022-12-02T12:23:37","slug":"senegal-la-banque-africaine-de-developpement-approuve-un-pret-de-plus-de-68-millions-deuros-pour-renforcer-la-mobilisation-des-ressources-internes-et-attirer-les-investissements-prives","status":"publish","type":"post","link":"https:\/\/dekkbi.com\/?p=4265","title":{"rendered":"S\u00e9n\u00e9gal : la Banque africaine de d\u00e9veloppement approuve un pr\u00eat de plus de 68 millions d\u2019euros pour renforcer la mobilisation des ressources internes et attirer les investissements priv\u00e9s"},"content":{"rendered":"\n<figure class=\"wp-block-table\"><table><tbody><tr><td><strong><em>Le projet fait partie d&rsquo;une s\u00e9rie programmatique de trois op\u00e9rations cons\u00e9cutives d&rsquo;appui budg\u00e9taire g\u00e9n\u00e9ral<\/em><\/strong><\/td><\/tr><tr><td><\/td><\/tr><tr><td>ABIDJAN, C\u00f4te d&rsquo;Ivoire,  &#8212; Le Conseil d&rsquo;administration de la Banque africaine de d\u00e9veloppement (http:\/\/www.AfDB.org) a approuv\u00e9, le 30 novembre, \u00e0 Abidjan, un pr\u00eat de 68,79 millions d&rsquo;euros au S\u00e9n\u00e9gal pour mettre en \u0153uvre la troisi\u00e8me phase du Programme d&rsquo;appui \u00e0 la mobilisation des ressources et \u00e0 l&rsquo;efficacit\u00e9 des reformes.<br><br>Le projet fait partie d&rsquo;une s\u00e9rie programmatique de trois op\u00e9rations cons\u00e9cutives d&rsquo;appui budg\u00e9taire g\u00e9n\u00e9ral dont la premi\u00e8re phase a \u00e9t\u00e9 approuv\u00e9e en 2019 et devait couvrir initialement les exercices financiers 2019, 2020 et 2021. Apr\u00e8s une mise en \u0153uvre satisfaisante de la premi\u00e8re phase en 2019, la seconde phase a \u00e9t\u00e9 approuv\u00e9e en 2021, avec un d\u00e9calage d&rsquo;une ann\u00e9e, en raison de la survenue de la pand\u00e9mie de Covid-19. Par cons\u00e9quent, cette troisi\u00e8me phase couvre l&rsquo;ann\u00e9e fiscale 2022.<br><br>Le but de cette ultime phase est de consolider et d&rsquo;amplifier les objectifs et les r\u00e9sultats des deux pr\u00e9c\u00e9dents programmes (2019 et 2021). Il s&rsquo;agit de renforcer la mobilisation des ressources internes et de promouvoir les r\u00e9formes strat\u00e9giques afin d&rsquo;attirer les investissements priv\u00e9s dans le pays. Le programme comporte deux composantes\u00a0: la premi\u00e8re porte sur la mobilisation des ressources internes et l&rsquo;\u00e9largissement de l&rsquo;assiette fiscale et la seconde est relative au soutien \u00e0 la relance \u00e9conomique \u00e0 travers des r\u00e9formes et des projets strat\u00e9giques pour attirer davantage d&rsquo;investissements priv\u00e9s.<br><br>La premi\u00e8re composante vise \u00e0 poursuivre l&rsquo;\u00e9largissement de la base fiscale et l&rsquo;augmentation des recettes. Cette t\u00e2che va n\u00e9cessiter la mise en \u0153uvre du plan d&rsquo;actions de mobilisation des recettes fiscales et particuli\u00e8rement l&rsquo;op\u00e9rationnalisation de l&rsquo;\u00e9change automatique des informations financi\u00e8res entre les r\u00e9gies ainsi qu&rsquo;une meilleure ma\u00eetrise de la fiscalit\u00e9 p\u00e9troli\u00e8re et environnementale.<br><br>Des mesures de plusieurs ordres seront ainsi mises en \u0153uvre. Il s&rsquo;agit notamment de signer un accord entre autorit\u00e9s comp\u00e9tentes en mati\u00e8re d&rsquo;\u00e9change automatique d&rsquo;information sur les comptes financiers, de mettre en \u0153uvre les recommandations de l&rsquo;\u00e9tude actualis\u00e9e sur le potentiel fiscal comme base de d\u00e9termination des objectifs de recettes \u00e0 partir de 2023. Il s&rsquo;agit \u00e9galement de mettre en place un comit\u00e9 technique charg\u00e9 de r\u00e9diger un projet de proposition de loi sur la fiscalit\u00e9 environnementale et de cr\u00e9er un comit\u00e9 de contr\u00f4le des co\u00fbts de production des produits p\u00e9troliers et gaziers pour une meilleure d\u00e9finition de la base taxable.<br><br>La seconde composante du programme se focalise principalement sur les r\u00e9formes qui permettraient d&rsquo;accro\u00eetre l&rsquo;attractivit\u00e9 des investissements priv\u00e9s dans le pays \u00e0 travers notamment la r\u00e9vision du Code des investissements, la mise en \u0153uvre de la strat\u00e9gie nationale de d\u00e9veloppement du secteur priv\u00e9, et l&rsquo;op\u00e9rationnalisation des zones \u00e9conomiques sp\u00e9ciales.<br><br>Cette phase va n\u00e9cessiter la cr\u00e9ation d&rsquo;un haut conseil pr\u00e9sidentiel sur l&rsquo;industrialisation et d&rsquo;un secr\u00e9tariat permanent de l&rsquo;industrialisation.<br><br>Le 31 juillet 2022, le portefeuille actif du Groupe de la Banque au S\u00e9n\u00e9gal comprenait 29 op\u00e9rations pour un engagement total de 2,3 milliards d&rsquo;euros.<br><br><em>Distribu\u00e9 par APO Group pour African Development Bank Group (AfDB).<\/em><\/td><\/tr><\/tbody><\/table><\/figure>\n","protected":false},"excerpt":{"rendered":"<p>Le projet fait partie d&rsquo;une s\u00e9rie programmatique de trois op\u00e9rations cons\u00e9cutives d&rsquo;appui budg\u00e9taire g\u00e9n\u00e9ral ABIDJAN, C\u00f4te d&rsquo;Ivoire, &#8212; Le Conseil<\/p>\n","protected":false},"author":1,"featured_media":3026,"comment_status":"open","ping_status":"open","sticky":false,"template":"","format":"standard","meta":{"footnotes":""},"categories":[3],"tags":[],"class_list":["post-4265","post","type-post","status-publish","format-standard","has-post-thumbnail","hentry","category-event-more-news"],"_links":{"self":[{"href":"https:\/\/dekkbi.com\/index.php?rest_route=\/wp\/v2\/posts\/4265","targetHints":{"allow":["GET"]}}],"collection":[{"href":"https:\/\/dekkbi.com\/index.php?rest_route=\/wp\/v2\/posts"}],"about":[{"href":"https:\/\/dekkbi.com\/index.php?rest_route=\/wp\/v2\/types\/post"}],"author":[{"embeddable":true,"href":"https:\/\/dekkbi.com\/index.php?rest_route=\/wp\/v2\/users\/1"}],"replies":[{"embeddable":true,"href":"https:\/\/dekkbi.com\/index.php?rest_route=%2Fwp%2Fv2%2Fcomments&post=4265"}],"version-history":[{"count":1,"href":"https:\/\/dekkbi.com\/index.php?rest_route=\/wp\/v2\/posts\/4265\/revisions"}],"predecessor-version":[{"id":4266,"href":"https:\/\/dekkbi.com\/index.php?rest_route=\/wp\/v2\/posts\/4265\/revisions\/4266"}],"wp:featuredmedia":[{"embeddable":true,"href":"https:\/\/dekkbi.com\/index.php?rest_route=\/wp\/v2\/media\/3026"}],"wp:attachment":[{"href":"https:\/\/dekkbi.com\/index.php?rest_route=%2Fwp%2Fv2%2Fmedia&parent=4265"}],"wp:term":[{"taxonomy":"category","embeddable":true,"href":"https:\/\/dekkbi.com\/index.php?rest_route=%2Fwp%2Fv2%2Fcategories&post=4265"},{"taxonomy":"post_tag","embeddable":true,"href":"https:\/\/dekkbi.com\/index.php?rest_route=%2Fwp%2Fv2%2Ftags&post=4265"}],"curies":[{"name":"wp","href":"https:\/\/api.w.org\/{rel}","templated":true}]}}