{"id":42617,"date":"2024-09-23T09:05:03","date_gmt":"2024-09-23T09:05:03","guid":{"rendered":"https:\/\/dekkbi.com\/?p=42617"},"modified":"2024-09-23T09:08:08","modified_gmt":"2024-09-23T09:08:08","slug":"a-new-york-bassirou-diomaye-faye-a-participe-a-louverture-du-sommet-de-lavenir","status":"publish","type":"post","link":"https:\/\/dekkbi.com\/?p=42617","title":{"rendered":"A New York, Bassirou Diomaye Faye a particip\u00e9 \u00e0 l\u2019ouverture du Sommet de l\u2019Avenir"},"content":{"rendered":"\n<p>Dakar, (APS) \u2013 Le pr\u00e9sident Bassirou Diomaye Faye a pris part dimanche, \u00e0 New York, \u00e0 l\u2019ouverture du Sommet de l\u2019Avenir, un \u00e9v\u00e8nement organis\u00e9 en marge de la 79<sup>e<\/sup>\u00a0Assembl\u00e9e g\u00e9n\u00e9rale de Nations Unies, a annonc\u00e9 la pr\u00e9sidence s\u00e9n\u00e9galaise.<\/p>\n\n\n\n<p>Des chefs d\u2019Etat et de gouvernement, des dirigeants d\u2019organisations internationales et des repr\u00e9sentants de la soci\u00e9t\u00e9 civile et du secteur priv\u00e9 vont durant cette rencontre discuter des d\u00e9fis mondiaux et des moyens de construire un monde durable, inclusif et r\u00e9silient, a-t-elle notamment indiqu\u00e9 sur sa page Facebook.<\/p>\n\n\n\n<p>La Pr\u00e9sidence s\u00e9n\u00e9galaise souligne que la participation de Bassirou Diomaye Faye \u00e0 ce sommet s\u2019inscrit dans le cadre des efforts du S\u00e9n\u00e9gal pour renforcer la coop\u00e9ration internationale.<\/p>\n\n\n\n<p>Elle poursuit en m\u00eame temps l\u2019objectif de \u2018\u2019pr\u00e9parer un avenir plus juste, durable et prosp\u00e8re pour tous les citoyens du monde\u2019\u2019.<\/p>\n\n\n\n<p>Le chef de l\u2019\u00c9tat s\u00e9n\u00e9galais est arriv\u00e9 samedi dans l\u2019apr\u00e8s-midi \u00e0 New York pour participer \u00e0 la 79e Assembl\u00e9e g\u00e9n\u00e9rale de l\u2019Organisation des Nations unies.<\/p>\n","protected":false},"excerpt":{"rendered":"<p>Dakar, (APS) \u2013 Le pr\u00e9sident Bassirou Diomaye Faye a pris part dimanche, \u00e0 New York, \u00e0 l\u2019ouverture du Sommet de<\/p>\n","protected":false},"author":1,"featured_media":42618,"comment_status":"open","ping_status":"open","sticky":false,"template":"","format":"standard","meta":{"footnotes":""},"categories":[6],"tags":[],"class_list":["post-42617","post","type-post","status-publish","format-standard","has-post-thumbnail","hentry","category-politics"],"_links":{"self":[{"href":"https:\/\/dekkbi.com\/index.php?rest_route=\/wp\/v2\/posts\/42617","targetHints":{"allow":["GET"]}}],"collection":[{"href":"https:\/\/dekkbi.com\/index.php?rest_route=\/wp\/v2\/posts"}],"about":[{"href":"https:\/\/dekkbi.com\/index.php?rest_route=\/wp\/v2\/types\/post"}],"author":[{"embeddable":true,"href":"https:\/\/dekkbi.com\/index.php?rest_route=\/wp\/v2\/users\/1"}],"replies":[{"embeddable":true,"href":"https:\/\/dekkbi.com\/index.php?rest_route=%2Fwp%2Fv2%2Fcomments&post=42617"}],"version-history":[{"count":1,"href":"https:\/\/dekkbi.com\/index.php?rest_route=\/wp\/v2\/posts\/42617\/revisions"}],"predecessor-version":[{"id":42619,"href":"https:\/\/dekkbi.com\/index.php?rest_route=\/wp\/v2\/posts\/42617\/revisions\/42619"}],"wp:featuredmedia":[{"embeddable":true,"href":"https:\/\/dekkbi.com\/index.php?rest_route=\/wp\/v2\/media\/42618"}],"wp:attachment":[{"href":"https:\/\/dekkbi.com\/index.php?rest_route=%2Fwp%2Fv2%2Fmedia&parent=42617"}],"wp:term":[{"taxonomy":"category","embeddable":true,"href":"https:\/\/dekkbi.com\/index.php?rest_route=%2Fwp%2Fv2%2Fcategories&post=42617"},{"taxonomy":"post_tag","embeddable":true,"href":"https:\/\/dekkbi.com\/index.php?rest_route=%2Fwp%2Fv2%2Ftags&post=42617"}],"curies":[{"name":"wp","href":"https:\/\/api.w.org\/{rel}","templated":true}]}}