{"id":42573,"date":"2024-09-20T10:43:40","date_gmt":"2024-09-20T10:43:40","guid":{"rendered":"https:\/\/dekkbi.com\/?p=42573"},"modified":"2024-09-20T10:43:41","modified_gmt":"2024-09-20T10:43:41","slug":"israel-prepare-la-guerre-contre-le-hezbollah-un-adversaire-bien-plus-coriace-que-le-hamas","status":"publish","type":"post","link":"https:\/\/dekkbi.com\/?p=42573","title":{"rendered":"Isra\u00ebl pr\u00e9pare la guerre contre le Hezbollah, un adversaire bien plus coriace que le Hamas"},"content":{"rendered":"\n<p>Les attaques de ces derni\u00e8res heures\u00a0font craindre le d\u00e9clenchement d&rsquo;une guerre entre Isra\u00ebl et le Hezbollah. Selon le Premier ministre isra\u00e9lien Benjamin Netanyahu, le groupe islamiste, puissant alli\u00e9 de l\u2019Iran, doit \u00eatre vaincu afin d\u2019assurer la s\u00e9curit\u00e9 des villages situ\u00e9s \u00e0 la fronti\u00e8re avec le Liban, incessamment vis\u00e9s par des tirs de roquettes depuis plusieurs mois. Mais une guerre ouverte contre le Hezbollah libanais serait rude, encore bien davantage que celle contre le Hamas palestinien.<\/p>\n\n\n\n<p><strong>Guy Van Vlierden<\/strong> &#8211; \u00a0<strong>Source:<\/strong>\u00a0HLN<a href=\"https:\/\/www.facebook.com\/sharer\/sharer.php?u=https%3A%2F%2Fwww.7sur7.be%2Fmonde%2Fisrael-prepare-la-guerre-contre-le-hezbollah-un-adversaire-bien-plus-coriace-que-le-hamas%7Ea292fb24%2F%3Futm_source%3Dfacebook%26utm_medium%3Dsocial%26utm_campaign%3Dsocialsharing_web\"><\/a><\/p>\n\n\n\n<p>Le Hezbollah est n\u00e9 au d\u00e9but des ann\u00e9es 1980 en r\u00e9ponse \u00e0 l\u2019offensive isra\u00e9lienne au Liban. Une incursion dont les cons\u00e9quences peuvent \u00eatre compar\u00e9es \u00e0 l\u2019invasion am\u00e9ricaine de l\u2019Irak en 2003, qui a fini par donner naissance, quelques ann\u00e9es plus tard, \u00e0 l\u2019\u00c9tat islamique.<\/p>\n\n\n\n<p>Officiellement, ce sont des religieux islamiques chiites libanais qui ont fond\u00e9 le \u201cParti de Dieu\u201d. Ce nom est une contraction de \u201chizb\u201d (parti en arabe) et d\u2019\u201dAllah.\u201d En r\u00e9alit\u00e9, le Hezbollah a \u00e9t\u00e9 cr\u00e9\u00e9 \u00e0 l\u2019initiative de l\u2019Iran, ennemi jur\u00e9 d\u2019Isra\u00ebl, et notamment de son guide spirituel de l&rsquo;\u00e9poque, l\u2019ayatollah Rouhollah Khomeini. D\u2019ailleurs, le site web du successeur de Khomeini et actuel dirigeant de l\u2019Iran, l\u2019ayatollah Ali Khamenei, ne s\u2019en cache pas: il salue Khomeini comme le \u201cp\u00e8re fondateur\u201d du Hezbollah.<\/p>\n\n\n\n<figure class=\"wp-block-image\"><a href=\"https:\/\/www.7sur7.be\/monde\/israel-prepare-la-guerre-contre-le-hezbollah-un-adversaire-bien-plus-coriace-que-le-hamas~a292fb24\/248586837\/\"><img decoding=\"async\" src=\"https:\/\/images0.persgroep.net\/rcs\/jTslN3YiTmKAQ9W25K2WCsC9LVA\/diocontent\/248586837\/_fitwidth\/694\/?appId=21791a8992982cd8da851550a453bd7f&amp;quality=0.8\" alt=\"Une photo montrant l'ayatollah Khomeini et le chef du Hezbollah Hassan Nasrallah, visible sur le site web de l'actuel dirigeant iranien, l'ayatollah Ali Khamenei.\"\/><\/a><figcaption class=\"wp-element-caption\">Une photo montrant l&rsquo;ayatollah Khomeini et le chef du Hezbollah Hassan Nasrallah, visible sur le site web de l&rsquo;actuel dirigeant iranien, l&rsquo;ayatollah Ali Khamenei.&nbsp;\u00a9 Khamenei.ir<\/figcaption><\/figure>\n\n\n\n<figure class=\"wp-block-image\"><a href=\"https:\/\/www.7sur7.be\/monde\/israel-prepare-la-guerre-contre-le-hezbollah-un-adversaire-bien-plus-coriace-que-le-hamas~a292fb24\/248587619\/\"><img decoding=\"async\" src=\"https:\/\/images0.persgroep.net\/rcs\/hrif7rIQ3Dlkxc75LjnpdWXtrPY\/diocontent\/248587619\/_fitwidth\/694\/?appId=21791a8992982cd8da851550a453bd7f&amp;quality=0.8\" alt=\"Hassan Nasrallah avec des combattants du Hezbollah dans la capitale libanaise Beyrouth. La photo aurait \u00e9t\u00e9 prise en 1985, avant m\u00eame qu'il ne devienne le chef du mouvement.\"\/><\/a><figcaption class=\"wp-element-caption\">Hassan Nasrallah avec des combattants du Hezbollah dans la capitale libanaise Beyrouth. La photo aurait \u00e9t\u00e9 prise en 1985, avant m\u00eame qu&rsquo;il ne devienne le chef du mouvement.&nbsp;\u00a9 Telegram<\/figcaption><\/figure>\n\n\n\n<h2 class=\"wp-block-heading\">Populaire m\u00eame chez les chr\u00e9tiens<\/h2>\n\n\n\n<p>L\u2019occupation isra\u00e9lienne fut une aubaine pour les musulmans chiites, une population de seconde zone au Liban \u00e0 l\u2019\u00e9poque. Lorsque le pays a obtenu son ind\u00e9pendance de la France en 1943, un accord r\u00e9servait les postes cl\u00e9s de pr\u00e9sident et de Premier ministre aux deux principaux groupes religieux: les chr\u00e9tiens et les musulmans sunnites. En jouant la carte du nationalisme et en se pr\u00e9sentant comme le lib\u00e9rateur du pays face \u00e0 l\u2019oppresseur isra\u00e9lien, le Hezbollah a r\u00e9ussi \u00e0 gagner en popularit\u00e9 aupr\u00e8s d\u2019autres groupes de population, en particulier les chr\u00e9tiens. Il dispose m\u00eame aujourd\u2019hui d\u2019une milice distincte pour les combattants non chiites, les Brigades de la r\u00e9sistance libanaise ou \u201cSaraya al-Muqawama al-Lubnaniya.\u201d<\/p>\n\n\n\n<p>Soutenu par T\u00e9h\u00e9ran, le Hezbollah a rapidement engrang\u00e9 des succ\u00e8s militaires contre Isra\u00ebl. Le futur chef militaire du groupe, Mustafa Badreddine, parvenant m\u00eame \u00e0 stopper l\u2019incursion isra\u00e9lienne vers la capitale Beyrouth. Les combattants du Hezbollah, qui furent les premiers dans la r\u00e9gion \u00e0 commettre des attentats suicides, ont largement contribu\u00e9 au retrait d\u2019Isra\u00ebl du Liban en 2000.<\/p>\n\n\n\n<figure class=\"wp-block-image\"><a href=\"https:\/\/www.7sur7.be\/monde\/israel-prepare-la-guerre-contre-le-hezbollah-un-adversaire-bien-plus-coriace-que-le-hamas~a292fb24\/248587242\/\"><img decoding=\"async\" src=\"https:\/\/images0.persgroep.net\/rcs\/Dxp0U0V5k_ePAsj8Dqftt72HFF4\/diocontent\/248587242\/_fitwidth\/694\/?appId=21791a8992982cd8da851550a453bd7f&amp;quality=0.8\" alt=\"Un char d\u00e9truit par Isra\u00ebl lors de l'invasion du Liban en 1982.\"\/><\/a><figcaption class=\"wp-element-caption\">Un char d\u00e9truit par Isra\u00ebl lors de l&rsquo;invasion du Liban en 1982.&nbsp;\u00a9 National Library of Israel<\/figcaption><\/figure>\n\n\n\n<h2 class=\"wp-block-heading\">Un arsenal de missiles in\u00e9puisable<\/h2>\n\n\n\n<p>Fort de sa renomm\u00e9e militaire, le Hezbollah, consid\u00e9r\u00e9 comme une organisation terroriste par de nombreux pays dont l\u2019Union europ\u00e9enne et les \u00c9tats-Unis, est devenu un parti politique majeur au Liban. Il participe ainsi aux \u00e9lections, si\u00e8ge au parlement et a fait partie du gouvernement \u00e0 plusieurs reprises depuis 2005. Il g\u00e8re \u00e9galement ses propres \u00e9coles et h\u00f4pitaux et organise m\u00eame des services tels que la collecte des d\u00e9chets dans de nombreuses localit\u00e9s. Le groupe poss\u00e8de sa propre station de radio &#8211; Al-Nour, qui signifie \u201cla lumi\u00e8re\u201d &#8211; et une cha\u00eene de t\u00e9l\u00e9vision, Al-Manar (\u201cle phare\u201d).<\/p>\n\n\n\n<p>Les estimations varient en ce qui concerne les effectifs militaires du Hezbollah. On consid\u00e8re n\u00e9anmoins que sa branche arm\u00e9e, le \u201cConseil du Jihad\u201d, directement plac\u00e9 sous l\u2019autorit\u00e9 du secr\u00e9taire g\u00e9n\u00e9ral Hassan Nasrallah, est plus nombreuse que l\u2019arm\u00e9e r\u00e9guli\u00e8re libanaise, compos\u00e9e de 80.000 hommes. Nasrallah lui-m\u00eame a cit\u00e9 un jour le chiffre de 100.000 soldats. Outre un arsenal quasi in\u00e9puisable de missiles et de drones iraniens, le Hezbollah dispose \u00e9galement de canons antia\u00e9riens de fabrication sovi\u00e9tique et de chars d\u2019assaut provenant de Syrie.<\/p>\n\n\n\n<h2 class=\"wp-block-heading\">Les plus impitoyables en Syrie<\/h2>\n\n\n\n<p>Mais les combattants du Hezbollah ont \u00e9galement de l&rsquo;exp\u00e9rience \u00e0 revendre. En effet, ils ont particip\u00e9 \u00e0 plusieurs conflits arm\u00e9s ces derni\u00e8res d\u00e9cennies, comme en Bosnie dans les ann\u00e9es 90 et bien s\u00fbr en Syrie, alli\u00e9e de l\u2019Iran et de facto du Hezbollah. Ses combattants y ont d\u2019ailleurs gagn\u00e9 la r\u00e9putation d\u2019\u00eatre les mieux entra\u00een\u00e9s mais surtout les plus impitoyables de toutes les factions bellig\u00e9rantes.<\/p>\n\n\n\n<p>Le fait que le Hezbollah ne se soit pas encore affirm\u00e9 dans le conflit actuel (les tirs de roquettes qu\u2019il effectue dans le nord d\u2019Isra\u00ebl restent bien en de\u00e7\u00e0 de ses capacit\u00e9s et, jusqu\u2019\u00e0 pr\u00e9sent, il n\u2019a pas fait appel \u00e0 son r\u00e9seau mondial de cellules terroristes) s\u2019explique par deux raisons. D\u2019une part, il craint que le peuple libanais ne se retourne contre lui en cas de guerre d\u00e9vastatrice avec Tel Aviv. D\u2019autre part, l\u2019Iran, qui contr\u00f4le officieusement le Hezbollah, n&rsquo;est pas favorable \u00e0 une escalade du conflit. Mais si Isra\u00ebl venait \u00e0 lui d\u00e9clarer la guerre, le Hezbollah serait oblig\u00e9 de riposter et promet d\u2019\u00eatre un adversaire beaucoup plus coriace que le Hamas.<\/p>\n\n\n\n<p><strong>Recommand\u00e9 pour vous<\/strong><\/p>\n","protected":false},"excerpt":{"rendered":"<p>Les attaques de ces derni\u00e8res heures\u00a0font craindre le d\u00e9clenchement d&rsquo;une guerre entre Isra\u00ebl et le Hezbollah. Selon le Premier ministre<\/p>\n","protected":false},"author":1,"featured_media":42574,"comment_status":"open","ping_status":"open","sticky":false,"template":"","format":"standard","meta":{"footnotes":""},"categories":[51],"tags":[],"class_list":["post-42573","post","type-post","status-publish","format-standard","has-post-thumbnail","hentry","category-general"],"_links":{"self":[{"href":"https:\/\/dekkbi.com\/index.php?rest_route=\/wp\/v2\/posts\/42573","targetHints":{"allow":["GET"]}}],"collection":[{"href":"https:\/\/dekkbi.com\/index.php?rest_route=\/wp\/v2\/posts"}],"about":[{"href":"https:\/\/dekkbi.com\/index.php?rest_route=\/wp\/v2\/types\/post"}],"author":[{"embeddable":true,"href":"https:\/\/dekkbi.com\/index.php?rest_route=\/wp\/v2\/users\/1"}],"replies":[{"embeddable":true,"href":"https:\/\/dekkbi.com\/index.php?rest_route=%2Fwp%2Fv2%2Fcomments&post=42573"}],"version-history":[{"count":1,"href":"https:\/\/dekkbi.com\/index.php?rest_route=\/wp\/v2\/posts\/42573\/revisions"}],"predecessor-version":[{"id":42575,"href":"https:\/\/dekkbi.com\/index.php?rest_route=\/wp\/v2\/posts\/42573\/revisions\/42575"}],"wp:featuredmedia":[{"embeddable":true,"href":"https:\/\/dekkbi.com\/index.php?rest_route=\/wp\/v2\/media\/42574"}],"wp:attachment":[{"href":"https:\/\/dekkbi.com\/index.php?rest_route=%2Fwp%2Fv2%2Fmedia&parent=42573"}],"wp:term":[{"taxonomy":"category","embeddable":true,"href":"https:\/\/dekkbi.com\/index.php?rest_route=%2Fwp%2Fv2%2Fcategories&post=42573"},{"taxonomy":"post_tag","embeddable":true,"href":"https:\/\/dekkbi.com\/index.php?rest_route=%2Fwp%2Fv2%2Ftags&post=42573"}],"curies":[{"name":"wp","href":"https:\/\/api.w.org\/{rel}","templated":true}]}}