{"id":42571,"date":"2024-09-20T10:38:17","date_gmt":"2024-09-20T10:38:17","guid":{"rendered":"https:\/\/dekkbi.com\/?p=42571"},"modified":"2024-09-20T10:38:18","modified_gmt":"2024-09-20T10:38:18","slug":"france-la-composition-du-gouvernement-de-michel-barnier-se-precise-dans-lattente-de-son-annonce","status":"publish","type":"post","link":"https:\/\/dekkbi.com\/?p=42571","title":{"rendered":"France: la composition du gouvernement de Michel Barnier se pr\u00e9cise dans l\u2019attente de son annonce"},"content":{"rendered":"\n<p>Les signaux semblent au vert depuis la soir\u00e9e du jeudi 19 septembre pour que l&rsquo;annonce du nouveau gouvernement puisse \u00eatre faite. La r\u00e9union organis\u00e9e \u00e0 Matignon avec les chefs des partis susceptibles de participer \u00e0 l&rsquo;\u00e9quipe minist\u00e9rielle a permis de calmer les tensions et le Premier ministre Michel Barnier a propos\u00e9 une liste de noms dans la soir\u00e9e au pr\u00e9sident Emmanuel Macron lors d&rsquo;un rendez-vous \u00e0 l&rsquo;\u00c9lys\u00e9e. Si presque aucun nom n&rsquo;a filtr\u00e9, on sait d\u00e9j\u00e0 avec certitude certains qui ne feront pas partie du gouvernement.<\/p>\n\n\n\n<p>Par :Val\u00e9rie Gas  &#8211; SOURCE RFI<\/p>\n\n\n\n<p>La figure de la droite Laurent Wauquiez ne figurera pas dans la liste des ministres. Le chef des d\u00e9put\u00e9s du groupe Droite r\u00e9publicaine l&rsquo;a annonc\u00e9 d\u00e8s jeudi 19 septembre \u00e0 ses troupes. Il affirme avoir finalement refus\u00e9 le portefeuille des Finances.<\/p>\n\n\n\n<p>Sa possible pr\u00e9sence au gouvernement avait provoqu\u00e9 beaucoup d&rsquo;hostilit\u00e9 dans le camp pr\u00e9sidentiel, dans lequel on \u00e9tait satisfait jeudi soir. Une ministre d\u00e9missionnaire se r\u00e9jouissait en d\u00e9clarant : \u00ab<em>\u00a0Nos alertes ont \u00e9t\u00e9 entendues\u00a0<\/em>\u00bb, ajoutant que le nouveau Premier ministre avait dit \u00e0 son pr\u00e9d\u00e9cesseur\u00a0<strong>Gabriel Attal<\/strong>\u00a0qu&rsquo;il n&rsquo;y aurait \u00ab<em>\u00a0pas de hausses d&rsquo;imp\u00f4ts sur les classes moyennes\u00a0<\/em>\u00bb. Au MoDem en revanche, on s&rsquo;interrogeait sur une \u00e9quipe dans laquelle \u00ab<em>\u00a0le flotteur gauche\u00a0<\/em>\u00bb n&rsquo;\u00e9tait pas repr\u00e9sent\u00e9.<\/p>\n\n\n\n<h2 class=\"wp-block-heading\">La structure gouvernementale d\u00e9voil\u00e9e<\/h2>\n\n\n\n<p>Finalement, l&rsquo;architecture du futur gouvernement a \u00e9t\u00e9 d\u00e9voil\u00e9e. un total de 38\u00a0ministres, dont 16 de plein exercice. Sept sont issus d&rsquo;Ensemble pour la R\u00e9publique, deux du MoDem, un d&rsquo;Horizons et trois des r\u00e9publicains qui devraient obtenir le strat\u00e9gique minist\u00e8re de l&rsquo;Int\u00e9rieur.\u00a0<strong>Emmanuel Macron<\/strong>\u00a0devrait garder des ministres du bloc central aux Affaires \u00e9trang\u00e8res et \u00e0 la D\u00e9fense, ses domaines r\u00e9serv\u00e9s.<\/p>\n\n\n\n<p>G\u00e9rald Darmanin, qui avait fait valoir son int\u00e9r\u00eat pour le quai d&rsquo;Orsay, ne devrait pas rester au gouvernement. Celui-ci \u00ab&nbsp;<em>sera pr\u00e9sent\u00e9 avant dimanche<\/em>&nbsp;\u00bb, a annonc\u00e9 l&rsquo;\u00e9quipe de Michel Barnier.<\/p>\n","protected":false},"excerpt":{"rendered":"<p>Les signaux semblent au vert depuis la soir\u00e9e du jeudi 19 septembre pour que l&rsquo;annonce du nouveau gouvernement puisse \u00eatre<\/p>\n","protected":false},"author":1,"featured_media":41670,"comment_status":"open","ping_status":"open","sticky":false,"template":"","format":"standard","meta":{"footnotes":""},"categories":[51],"tags":[],"class_list":["post-42571","post","type-post","status-publish","format-standard","has-post-thumbnail","hentry","category-general"],"_links":{"self":[{"href":"https:\/\/dekkbi.com\/index.php?rest_route=\/wp\/v2\/posts\/42571","targetHints":{"allow":["GET"]}}],"collection":[{"href":"https:\/\/dekkbi.com\/index.php?rest_route=\/wp\/v2\/posts"}],"about":[{"href":"https:\/\/dekkbi.com\/index.php?rest_route=\/wp\/v2\/types\/post"}],"author":[{"embeddable":true,"href":"https:\/\/dekkbi.com\/index.php?rest_route=\/wp\/v2\/users\/1"}],"replies":[{"embeddable":true,"href":"https:\/\/dekkbi.com\/index.php?rest_route=%2Fwp%2Fv2%2Fcomments&post=42571"}],"version-history":[{"count":1,"href":"https:\/\/dekkbi.com\/index.php?rest_route=\/wp\/v2\/posts\/42571\/revisions"}],"predecessor-version":[{"id":42572,"href":"https:\/\/dekkbi.com\/index.php?rest_route=\/wp\/v2\/posts\/42571\/revisions\/42572"}],"wp:featuredmedia":[{"embeddable":true,"href":"https:\/\/dekkbi.com\/index.php?rest_route=\/wp\/v2\/media\/41670"}],"wp:attachment":[{"href":"https:\/\/dekkbi.com\/index.php?rest_route=%2Fwp%2Fv2%2Fmedia&parent=42571"}],"wp:term":[{"taxonomy":"category","embeddable":true,"href":"https:\/\/dekkbi.com\/index.php?rest_route=%2Fwp%2Fv2%2Fcategories&post=42571"},{"taxonomy":"post_tag","embeddable":true,"href":"https:\/\/dekkbi.com\/index.php?rest_route=%2Fwp%2Fv2%2Ftags&post=42571"}],"curies":[{"name":"wp","href":"https:\/\/api.w.org\/{rel}","templated":true}]}}