{"id":42562,"date":"2024-09-20T10:29:33","date_gmt":"2024-09-20T10:29:33","guid":{"rendered":"https:\/\/dekkbi.com\/?p=42562"},"modified":"2024-09-20T11:05:59","modified_gmt":"2024-09-20T11:05:59","slug":"depenses-de-la-primature-guy-marius-sagna-dement-madiambal-diagne-et-revele-les-vraies-depenses-de-sonko","status":"publish","type":"post","link":"https:\/\/dekkbi.com\/?p=42562","title":{"rendered":"D\u00e9penses de la primature: Guy Marius Sagna d\u00e9ment Madiambal Diagne et r\u00e9v\u00e8le les vraies d\u00e9penses"},"content":{"rendered":"\n<p><strong>Guy Marius Sagna a apport\u00e9 des pr\u00e9cisions sur les d\u00e9penses de la primature au cours des trois derniers mois.\u00a0L\u2019ex d\u00e9put\u00e9 a tenu \u00e0 d\u00e9mentir les 12,12 milliards annonc\u00e9s par Madiambal Diagne.<\/strong><\/p>\n\n\n\n<p>Dans un r\u00e9cent post sur le r\u00e9seau social X, Madiambal Diagne a \u00e9valu\u00e9 les d\u00e9penses de la primature durant le deuxi\u00e8me trimestre 2024. Selon le journaliste,&nbsp;<em>\u00ab&nbsp;La Primature, en 3 mois, a d\u00e9pens\u00e9 12,1 milliards de Francs Cfa&nbsp;\u00bb.<\/em><\/p>\n\n\n\n<p>Ces chiffres annonc\u00e9s par le patron du journal le Quotidien, viennent d\u2019\u00eatre d\u00e9menti par Guy Marius Sagna. Selon lui, au lieu de 12,12 milliards, la primature a d\u00e9pens\u00e9 3,3 milliards de francs CFA<\/p>\n\n\n\n<p><em>\u00ab&nbsp;La Primature n\u2019a pas d\u00e9pens\u00e9 12,12 milliards de FCFA en trois mois \u2013 comme le pr\u00e9tendent certains \u2013 mais plut\u00f4t 3,3 milliards de francs CFA entre le 1er avril et le 30 juin 2024&nbsp;\u00bb<\/em>, r\u00e9v\u00e8le l\u2019ex d\u00e9put\u00e9 sur ses r\u00e9seaux sociaux.<\/p>\n\n\n\n<p>En titre de comparaison avec les d\u00e9penses du dernier premier ministre de Macky Sall, Guy Marius r\u00e9v\u00e8le que les d\u00e9penses d\u2019Ousmane Sonko sont de loin inf\u00e9rieur.<\/p>\n\n\n\n<p><em>\u00ab&nbsp;En effet, alors que le dernier premier ministre du pr\u00e9sident Macky Sall a d\u00e9pens\u00e9 en trois mois 8,79 milliards de francs CFA entre janvier et mars 2024, le premier primus inter pares \u2013 Ousmane Sonko \u2013 du pr\u00e9sident Bassirou Diomaye Diakhar Faye a d\u00e9pens\u00e9 3,33 milliards de francs CFA en trois mois entre le 1er avril et le 30 juin 2024&nbsp;\u00bb<\/em>&nbsp;indique t-il.<\/p>\n\n\n\n<p>SOURCE SENEGO<\/p>\n","protected":false},"excerpt":{"rendered":"<p>Guy Marius Sagna a apport\u00e9 des pr\u00e9cisions sur les d\u00e9penses de la primature au cours des trois derniers mois.\u00a0L\u2019ex d\u00e9put\u00e9<\/p>\n","protected":false},"author":1,"featured_media":42563,"comment_status":"open","ping_status":"open","sticky":false,"template":"","format":"standard","meta":{"footnotes":""},"categories":[3],"tags":[],"class_list":["post-42562","post","type-post","status-publish","format-standard","has-post-thumbnail","hentry","category-event-more-news"],"_links":{"self":[{"href":"https:\/\/dekkbi.com\/index.php?rest_route=\/wp\/v2\/posts\/42562","targetHints":{"allow":["GET"]}}],"collection":[{"href":"https:\/\/dekkbi.com\/index.php?rest_route=\/wp\/v2\/posts"}],"about":[{"href":"https:\/\/dekkbi.com\/index.php?rest_route=\/wp\/v2\/types\/post"}],"author":[{"embeddable":true,"href":"https:\/\/dekkbi.com\/index.php?rest_route=\/wp\/v2\/users\/1"}],"replies":[{"embeddable":true,"href":"https:\/\/dekkbi.com\/index.php?rest_route=%2Fwp%2Fv2%2Fcomments&post=42562"}],"version-history":[{"count":2,"href":"https:\/\/dekkbi.com\/index.php?rest_route=\/wp\/v2\/posts\/42562\/revisions"}],"predecessor-version":[{"id":42585,"href":"https:\/\/dekkbi.com\/index.php?rest_route=\/wp\/v2\/posts\/42562\/revisions\/42585"}],"wp:featuredmedia":[{"embeddable":true,"href":"https:\/\/dekkbi.com\/index.php?rest_route=\/wp\/v2\/media\/42563"}],"wp:attachment":[{"href":"https:\/\/dekkbi.com\/index.php?rest_route=%2Fwp%2Fv2%2Fmedia&parent=42562"}],"wp:term":[{"taxonomy":"category","embeddable":true,"href":"https:\/\/dekkbi.com\/index.php?rest_route=%2Fwp%2Fv2%2Fcategories&post=42562"},{"taxonomy":"post_tag","embeddable":true,"href":"https:\/\/dekkbi.com\/index.php?rest_route=%2Fwp%2Fv2%2Ftags&post=42562"}],"curies":[{"name":"wp","href":"https:\/\/api.w.org\/{rel}","templated":true}]}}