{"id":42556,"date":"2024-09-20T10:21:47","date_gmt":"2024-09-20T10:21:47","guid":{"rendered":"https:\/\/dekkbi.com\/?p=42556"},"modified":"2024-09-20T10:21:48","modified_gmt":"2024-09-20T10:21:48","slug":"affaire-dons-de-voitures-les-nouveaux-dg-et-les-bolides","status":"publish","type":"post","link":"https:\/\/dekkbi.com\/?p=42556","title":{"rendered":"AFFAIRE DONS DE VOITURES &#8211; Les nouveaux DG et les bolides\u00a0 \u00a0"},"content":{"rendered":"\n<p><em><strong>Alors qu\u2019on n\u2019a pas fini d\u2019\u00e9piloguer sur l\u2019affaire du don de la voiture qui a emport\u00e9 le Dr Cheikh Dieng \u00e0 la t\u00eate de l\u2019Office national de l\u2019assainissement du S\u00e9n\u00e9gal, voil\u00e0 une autre affaire de don de six voitures au DG de la RTS, Pape All\u00e9 Niang, qui suscite grand bruit au sein de la t\u00e9l\u00e9vision nationale.<\/strong><\/em><\/p>\n\n\n\n<p>C\u2019est une nouvelle affaire qui suscite grand bruit dans les couloirs et autres bureaux douillets de la Radiodiffusion t\u00e9l\u00e9vision s\u00e9n\u00e9galaise (RTS). Depuis quelques jours, des rumeurs enflent et font \u00e9tat de v\u00e9hicules de la chaine publique nationale que le directeur g\u00e9n\u00e9ral Pape All\u00e9 Niang aurait mut\u00e9s \u00e0 son nom et mis certains \u00e0 la disposition de son entreprise priv\u00e9e de presse Dakar Matin.<\/p>\n\n\n\n<p>Selon des sources qui se sont confi\u00e9es \u00e0 \u2018\u2019EnQu\u00eate\u2019\u2019, ces v\u00e9hicules \u00e9taient au nombre de six&nbsp;: des vans de marque Hyundai qui \u00e9taient d\u00e9j\u00e0 r\u00e9ceptionn\u00e9s et bien brand\u00e9s aux noms et couleurs de la RTS. C\u2019est donc \u00e0 la surprise g\u00e9n\u00e9rale que certains travailleurs ont d\u00e9couvert que les voitures \u00e9taient en r\u00e9alit\u00e9 au nom de leur directeur g\u00e9n\u00e9ral et non de la bo\u00eete.<\/p>\n\n\n\n<p>\u2018\u2019Toutes les six voitures sont au nom de Pape Al\u00e9 Niang et cela nous a paru vraiment bizarre\u2019\u2019, d\u00e9noncent nos interlocuteurs.<\/p>\n\n\n\n<p>Sur la provenance desdites voitures, plusieurs versions ont \u00e9t\u00e9 servies. Dans un premier temps, soutiennent nos sources, quand les voitures venaient d\u2019arriver, certains avaient pr\u00e9tendu que c\u2019est le Premier ministre Ousmane Sonko qui les aurait offertes \u00e0 la t\u00e9l\u00e9vision nationale. Par la suite, il a \u00e9t\u00e9 avanc\u00e9 que ce serait plut\u00f4t un ami de Pape Al\u00e9 Niang qui aurait mis les voitures \u00e0 la disposition de la RTS.<\/p>\n\n\n\n<p>Les agents ont donc failli tomber des nues quand ils ont d\u00e9couvert qu\u2019il n\u2019en \u00e9tait rien et que les voitures n\u2019appartiennent ni \u00e0 la RTS ni \u00e0 une tierce personne&nbsp;; qu\u2019elles sont la propri\u00e9t\u00e9 du directeur g\u00e9n\u00e9ral.&nbsp;<\/p>\n\n\n\n<p><strong>Pape Al\u00e9 Niang&nbsp;: \u2018\u2019Ces v\u00e9hicules m\u2019ont \u00e9t\u00e9 offerts et je les ai offerts \u00e0 mon tour \u00e0 la RTS.\u2019\u2019<\/strong><\/p>\n\n\n\n<p>Contact\u00e9 par \u2018\u2019EnQu\u00eate\u2019\u2019, Pape Al\u00e9 Niang a rejet\u00e9 en bloc les accusations. A l\u2019en croire, contrairement aux all\u00e9gations, c\u2019est plut\u00f4t lui qui a offert les voitures en question \u00e0 la Radiodiffusion t\u00e9l\u00e9vision s\u00e9n\u00e9galaise. Il affirme avec force&nbsp;: \u2018\u2019C\u2019est le contraire qui s\u2019est pass\u00e9. C\u2019est moi qui ai offert des v\u00e9hicules qui m\u2019appartiennent \u00e0 la RTS. Ces v\u00e9hicules m\u2019ont \u00e9t\u00e9 offerts par des amis. Ces derniers les avaient mis \u00e0 mon nom, mais j\u2019ai d\u00e9cid\u00e9 de les offrir \u00e0 la RTS. En attendant que les mutations soient faites, j\u2019ai mis les v\u00e9hicules \u00e0 la disposition de l\u2019entreprise. Voil\u00e0 ce qui s\u2019est pass\u00e9.\u2019\u2019<\/p>\n\n\n\n<p>Interpell\u00e9 sur le nombre de v\u00e9hicules mis \u00e0 la disposition de la t\u00e9l\u00e9vision nationale, il a expliqu\u00e9 que sur les six voitures qui lui ont \u00e9t\u00e9 offertes, il a offert les quatre \u00e0 la chaine publique. \u2018\u2019J\u2019ai offert les quatre minibus \u00e0 la RTS. Je vais vous donner le num\u00e9ro du directeur administratif et financier qui est le patron du parc automobile\u2019\u2019, r\u00e9torque le directeur g\u00e9n\u00e9ral, non sans pr\u00e9ciser qu\u2019il avait trouv\u00e9 sur place un parc automobile presque d\u00e9garni.<\/p>\n\n\n\n<p><strong>Les pr\u00e9cisions de Guill\u00e9 Niang Tour\u00e9<\/strong><\/p>\n\n\n\n<p>Des informations confirm\u00e9es par le directeur administratif et financier Guill\u00e9 Niang Tour\u00e9. Selon ce dernier, quand Pape Al\u00e9 est arriv\u00e9, il avait trouv\u00e9 sur place de \u2018\u2019s\u00e9rieux probl\u00e8mes de mobilit\u00e9, parce qu\u2019il y avait un march\u00e9 de v\u00e9hicules qui devait \u00eatre ex\u00e9cut\u00e9 lors de la campagne pr\u00e9sidentielle\u2019\u2019. Malheureusement, insiste-t-il, ledit march\u00e9 n\u2019a finalement pas \u00e9t\u00e9 ex\u00e9cut\u00e9. \u2018\u2019Nous avons \u00e9t\u00e9 oblig\u00e9s de louer des v\u00e9hicules pour g\u00e9rer la campagne lors de la Pr\u00e9sidentielle. Quand il (Pape Al\u00e9) s\u2019est rendu compte de cette situation, il a dit qu\u2019il va trouver des partenaires qui vont lui donner des v\u00e9hicules\u2026\u2019\u2019, explique le responsable du parc automobile.<\/p>\n\n\n\n<p>Seulement, en lieu et place de don de voitures \u00e0 la RTS, c\u2019est plut\u00f4t Pape Al\u00e9 qui a \u00e9t\u00e9 b\u00e9n\u00e9ficiaire de ce don. Guill\u00e9 Niang&nbsp;Tour\u00e9&nbsp;: \u2018\u2019Quand il (Pape Al\u00e9) s\u2019est rendu compte du probl\u00e8me de mobilit\u00e9, il a dit qu\u2019il va trouver des partenaires qui vont lui donner des v\u00e9hicules. Mais ces v\u00e9hicules-l\u00e0 ce sont ses v\u00e9hicules personnels, des v\u00e9hicules qui sont immatricul\u00e9s \u00e0 son nom. Quand les v\u00e9hicules sont venus, nous avons fait une convention de mise \u00e0 disposition entre la RTS et le directeur g\u00e9n\u00e9ral qui en est le propri\u00e9taire\u2019\u2019.<\/p>\n\n\n\n<p>Pour conclure, le Daf a tenu \u00e0 souligner et \u00e0 r\u00e9p\u00e9ter&nbsp;: \u2018\u2019Ce ne sont donc pas des v\u00e9hicules de la RTS qui ont \u00e9t\u00e9 mut\u00e9s au nom de Pape Al\u00e9, mais c\u2019est des v\u00e9hicules de Pape Al\u00e9 qu\u2019il a mis \u00e0 la disposition de la RTS, dans le cadre d\u2019une convention de mise \u00e0 disposition. Et il l\u2019a fait gratuitement.\u2019\u2019<\/p>\n\n\n\n<p><strong>La jurisprudence Cheikh Dieng<\/strong><\/p>\n\n\n\n<p>Il convient de noter que ce n\u2019est pas la premi\u00e8re fois qu\u2019une affaire de voitures \u00e9clate sous l\u2019\u00e8re du nouveau r\u00e9gime. L\u2019on se rappelle \u00e9galement du dossier de l\u2019Office national de l\u2019assainissement du S\u00e9n\u00e9gal o\u00f9 tout est parti d\u2019une affaire de don de v\u00e9hicule \u00e0 un nouveau directeur g\u00e9n\u00e9ral, en l\u2019occurrence Cheikh Dieng. Inform\u00e9e, la tutelle l\u2019avait somm\u00e9 de restituer la voiture.<\/p>\n\n\n\n<p>Dans une lettre incendiaire adress\u00e9e \u00e0 celui qui \u00e9tait encore DG de l\u2019Onas, le ministre de l\u2019Hydraulique et de l\u2019Assainissement rappelait les principes \u00e9l\u00e9mentaires de gestion. \u2018\u2019Il m\u2019est revenu qu\u2019une entreprise ex\u00e9cutant pr\u00e9sentement des travaux pour le compte de l\u2019Office national de l\u2019assainissement aurait acquis et mis \u00e0 votre disposition un v\u00e9hicule immatricul\u00e9 \u00e0 votre nom, suivant des conditions non conformes \u00e0 la vision des plus hautes autorit\u00e9s en mati\u00e8re de gestion publique\u2019\u2019, mettait-il en garde, non sans pr\u00e9ciser \u2018\u2019que la non-affectation d\u2019un v\u00e9hicule au directeur g\u00e9n\u00e9ral ne justifie pas le recours \u00e0 cette pratique ill\u00e9gale, car, au regard des dispositions du d\u00e9cret n\u00b02021-05 du 6 janvier 2021 allouant une indemnit\u00e9 forfaitaire globale \u00e0 certains personnels de l\u2019\u00c9tat et de ses d\u00e9membrements, l\u2019Office national de l\u2019assainissement (Onas) n\u2019est pas tenu de mettre \u00e0 votre disposition un moyen de d\u00e9placement\u2019\u2019.<\/p>\n\n\n\n<p>Il en a r\u00e9sult\u00e9 un vrai malaise au niveau des services du minist\u00e8re de l\u2019Hydraulique et un bras de fer qui a fini par amener le pr\u00e9sident de la R\u00e9publique \u00e0 limoger le premier directeur g\u00e9n\u00e9ral de l\u2019Office national de l\u2019assainissement du S\u00e9n\u00e9gal apr\u00e8s environ trois mois \u00e0 la t\u00eate de cette structure.<\/p>\n\n\n\n<p>Alors qu\u2019on n\u2019a pas fini de faire toute la lumi\u00e8re sur cette affaire et d\u2019autres qui lui sont connexes, voil\u00e0 donc une autre affaire de don de v\u00e9hicules qui \u00e9clate.<br>SOURCE ENQUETEPLUS<\/p>\n","protected":false},"excerpt":{"rendered":"<p>Alors qu\u2019on n\u2019a pas fini d\u2019\u00e9piloguer sur l\u2019affaire du don de la voiture qui a emport\u00e9 le Dr Cheikh Dieng<\/p>\n","protected":false},"author":1,"featured_media":42557,"comment_status":"open","ping_status":"open","sticky":false,"template":"","format":"standard","meta":{"footnotes":""},"categories":[26],"tags":[],"class_list":["post-42556","post","type-post","status-publish","format-standard","has-post-thumbnail","hentry","category-fait-divers"],"_links":{"self":[{"href":"https:\/\/dekkbi.com\/index.php?rest_route=\/wp\/v2\/posts\/42556","targetHints":{"allow":["GET"]}}],"collection":[{"href":"https:\/\/dekkbi.com\/index.php?rest_route=\/wp\/v2\/posts"}],"about":[{"href":"https:\/\/dekkbi.com\/index.php?rest_route=\/wp\/v2\/types\/post"}],"author":[{"embeddable":true,"href":"https:\/\/dekkbi.com\/index.php?rest_route=\/wp\/v2\/users\/1"}],"replies":[{"embeddable":true,"href":"https:\/\/dekkbi.com\/index.php?rest_route=%2Fwp%2Fv2%2Fcomments&post=42556"}],"version-history":[{"count":1,"href":"https:\/\/dekkbi.com\/index.php?rest_route=\/wp\/v2\/posts\/42556\/revisions"}],"predecessor-version":[{"id":42558,"href":"https:\/\/dekkbi.com\/index.php?rest_route=\/wp\/v2\/posts\/42556\/revisions\/42558"}],"wp:featuredmedia":[{"embeddable":true,"href":"https:\/\/dekkbi.com\/index.php?rest_route=\/wp\/v2\/media\/42557"}],"wp:attachment":[{"href":"https:\/\/dekkbi.com\/index.php?rest_route=%2Fwp%2Fv2%2Fmedia&parent=42556"}],"wp:term":[{"taxonomy":"category","embeddable":true,"href":"https:\/\/dekkbi.com\/index.php?rest_route=%2Fwp%2Fv2%2Fcategories&post=42556"},{"taxonomy":"post_tag","embeddable":true,"href":"https:\/\/dekkbi.com\/index.php?rest_route=%2Fwp%2Fv2%2Ftags&post=42556"}],"curies":[{"name":"wp","href":"https:\/\/api.w.org\/{rel}","templated":true}]}}