{"id":42544,"date":"2024-09-20T09:54:58","date_gmt":"2024-09-20T09:54:58","guid":{"rendered":"https:\/\/dekkbi.com\/?p=42544"},"modified":"2024-09-20T10:00:06","modified_gmt":"2024-09-20T10:00:06","slug":"legislatives-anticipees-le-front-social-et-republicain-appelle-a-faire-bloc-face-au-regime","status":"publish","type":"post","link":"https:\/\/dekkbi.com\/?p=42544","title":{"rendered":"L\u00e9gislatives anticip\u00e9es: le Front Social et R\u00e9publicain appelle \u00e0 faire bloc face au r\u00e9gime"},"content":{"rendered":"\n<p>Au terme de larges discussions et concertations approfondies, les leaders de partis politiques regroup\u00e9s autour de trois coalitions ont mis en place le comit\u00e9 d\u2019initiative du Front social et r\u00e9publicain. Ces trois coalitions que sont Ensemble pour Demain dont la pr\u00e9sidente est Adji Mergane Kanout\u00e9, GOR, coordonn\u00e9e par Mohamed Moustapha Diagne, Maguette Ngom et DOMOU REWMI dont le coordinateur est Alassane Ciss\u00e9.<br><br>Ces diff\u00e9rentes entit\u00e9s ont d\u00e9cid\u00e9 de f\u00e9d\u00e9rer toutes les forces vives de la nation pour arriver \u00e0 un tr\u00e8s large front capable de faire face au r\u00e9gime en place, pour une majorit\u00e9 \u00e0 l\u2019Assembl\u00e9e nationale. Le comit\u00e9 d\u2019initiative du Front Social et R\u00e9publicain est convaincu que l\u2019\u00e8re des \u00e9chapp\u00e9es solitaires est r\u00e9volue et appelle toute l\u2019opposition \u00e0 constituer un bloc uni, soud\u00e9 et solidaire pour une Assembl\u00e9e nationale \u00e9quilibr\u00e9e, gage de stabilit\u00e9 et de vitalit\u00e9 d\u00e9mocratique.<br><br>Le comit\u00e9 d\u2019initiative Front Social et R\u00e9publicain invite les acteurs politiques, les forces citoyennes, les organisations f\u00e9minines, la jeunesse \u00e0 se mobiliser pour le triomphe de l\u2019opposition au soir du 17 novembre.<\/p>\n\n\n\n<p>SOURCE DAKARACTU<\/p>\n","protected":false},"excerpt":{"rendered":"<p>Au terme de larges discussions et concertations approfondies, les leaders de partis politiques regroup\u00e9s autour de trois coalitions ont mis<\/p>\n","protected":false},"author":1,"featured_media":42546,"comment_status":"open","ping_status":"open","sticky":false,"template":"","format":"standard","meta":{"footnotes":""},"categories":[6],"tags":[],"class_list":["post-42544","post","type-post","status-publish","format-standard","has-post-thumbnail","hentry","category-politics"],"_links":{"self":[{"href":"https:\/\/dekkbi.com\/index.php?rest_route=\/wp\/v2\/posts\/42544","targetHints":{"allow":["GET"]}}],"collection":[{"href":"https:\/\/dekkbi.com\/index.php?rest_route=\/wp\/v2\/posts"}],"about":[{"href":"https:\/\/dekkbi.com\/index.php?rest_route=\/wp\/v2\/types\/post"}],"author":[{"embeddable":true,"href":"https:\/\/dekkbi.com\/index.php?rest_route=\/wp\/v2\/users\/1"}],"replies":[{"embeddable":true,"href":"https:\/\/dekkbi.com\/index.php?rest_route=%2Fwp%2Fv2%2Fcomments&post=42544"}],"version-history":[{"count":1,"href":"https:\/\/dekkbi.com\/index.php?rest_route=\/wp\/v2\/posts\/42544\/revisions"}],"predecessor-version":[{"id":42547,"href":"https:\/\/dekkbi.com\/index.php?rest_route=\/wp\/v2\/posts\/42544\/revisions\/42547"}],"wp:featuredmedia":[{"embeddable":true,"href":"https:\/\/dekkbi.com\/index.php?rest_route=\/wp\/v2\/media\/42546"}],"wp:attachment":[{"href":"https:\/\/dekkbi.com\/index.php?rest_route=%2Fwp%2Fv2%2Fmedia&parent=42544"}],"wp:term":[{"taxonomy":"category","embeddable":true,"href":"https:\/\/dekkbi.com\/index.php?rest_route=%2Fwp%2Fv2%2Fcategories&post=42544"},{"taxonomy":"post_tag","embeddable":true,"href":"https:\/\/dekkbi.com\/index.php?rest_route=%2Fwp%2Fv2%2Ftags&post=42544"}],"curies":[{"name":"wp","href":"https:\/\/api.w.org\/{rel}","templated":true}]}}