{"id":42530,"date":"2024-09-20T09:39:15","date_gmt":"2024-09-20T09:39:15","guid":{"rendered":"https:\/\/dekkbi.com\/?p=42530"},"modified":"2024-09-20T09:39:16","modified_gmt":"2024-09-20T09:39:16","slug":"faleme-le-prefet-de-saraya-sur-le-terrain-pour-senquerir-de-leffectivite-de-la-suspension-des-activites-minieres","status":"publish","type":"post","link":"https:\/\/dekkbi.com\/?p=42530","title":{"rendered":"Fal\u00e9m\u00e9 : le pr\u00e9fet de Saraya sur le terrain pour s\u2019enqu\u00e9rir de l\u2019effectivit\u00e9 de la suspension des activit\u00e9s mini\u00e8res"},"content":{"rendered":"\n<p>Saraya (K\u00e9dougou), 19 sept (APS) \u2013 Le pr\u00e9fet de Saraya a entam\u00e9, jeudi, une tourn\u00e9e pour constater la mise en \u0153uvre effective du d\u00e9cret interdisant les activit\u00e9s mini\u00e8res sur un rayon de 500 m\u00e8tres autour de la Fal\u00e9m\u00e9 ainsi que les op\u00e9rations d\u2019orpaillage et d\u2019extraction de l\u2019or dans la r\u00e9gion de K\u00e9dougou (sud-est du S\u00e9n\u00e9gal), a constat\u00e9 l\u2019APS.<\/p>\n\n\n\n<p>\u2018\u2019Nous avons jug\u00e9 n\u00e9cessaire de venir ici pour voir les diff\u00e9rents sites concern\u00e9s pour constater apr\u00e8s une semaine d\u2019application, la mise en \u0153uvre du d\u00e9cret interdisant les activit\u00e9s mini\u00e8res \u00e0 moins de 500 m\u00e8tres du fleuve Fal\u00e9m\u00e9. Et nous allons nous rendre partout dans la Fal\u00e9m\u00e9\u201d, a d\u00e9clar\u00e9 Babacar Diagne.<\/p>\n\n\n\n<p>Il \u00e9tait en visite sur le site de Sansamba, o\u00f9 cette entreprise semi-m\u00e9canis\u00e9e exploite un p\u00e9rim\u00e8tre de 500 hectares.<\/p>\n\n\n\n<p>L\u2019autorit\u00e9 administrative \u00e9tait en compagnie des forces de d\u00e9fense et de s\u00e9curit\u00e9, de repr\u00e9sentants de la direction r\u00e9gionale de l\u2019environnement de K\u00e9dougou et du service d\u00e9partemental des eaux et for\u00eats de Saraya.<\/p>\n\n\n\n<p>Le pr\u00e9fet a d\u00e9clar\u00e9 avoir constat\u00e9 aussi que le d\u00e9cret interdisant les activit\u00e9s mini\u00e8res autour de la Fal\u00e9m\u00e9 commence \u00e0 \u00eatre effective dans toute la zone de Mousssala Mahamine.<\/p>\n\n\n\n<p>\u201dNous avons constat\u00e9 aujourd\u2019hui que toutes les soci\u00e9t\u00e9s semi-m\u00e9canis\u00e9es ont arr\u00eat\u00e9 les activit\u00e9s mini\u00e8res suite \u00e0 une notification de la gendarmerie et certaines sont en train de faire la r\u00e9habilitation des fosses abandonn\u00e9s\u201d, a dit M. Diagne.<\/p>\n\n\n\n<p>Le pr\u00e9fet a invit\u00e9 les collectivit\u00e9s territoriales et les associations de jeunesse et de femmes de Saraya \u00e0 s\u2019engager aupr\u00e8s des communaut\u00e9s pour faire appliquer le d\u00e9cret interdisant les activit\u00e9s mini\u00e8res autour de la Fal\u00e9m\u00e9.<\/p>\n\n\n\n<p>\u201dJ\u2019ai demand\u00e9 qu\u2019ils sortent les machines et les engins dans tous les sites semi m\u00e9canis\u00e9s de Kolia et de Faranding appartenant \u00e0 des Chinois, mais nous avons vu aussi que les orpailleurs traditionnels commencent \u00e0 s\u2019installer dans les fosses abandonn\u00e9s, ce qui n\u2019est pas normal\u201d, a-t-il martel\u00e9.<\/p>\n\n\n\n<p>L\u2019autorit\u00e9 administrative a annonc\u00e9 qu\u2019une mission conjointe de l\u2019Arm\u00e9e, de la Gendarmerie et des Eaux et for\u00eats sera organis\u00e9e prochainement pour arr\u00eater toutes les activit\u00e9s mini\u00e8res.<\/p>\n\n\n\n<p>Le minist\u00e8re de l\u2019Energie, du P\u00e9trole et des Mines a annonc\u00e9, le 27 ao\u00fbt dernier, la suspension de la d\u00e9livrance de permis d\u2019exploration et d\u2019exploitation mini\u00e8re dans la zone couvrant la Fal\u00e9m\u00e9 jusqu\u2019au 30 juin 2027, invitant les populations riveraines \u00e0 \u2018\u2019d\u00e9noncer aupr\u00e8s des autorit\u00e9s administratives ou des Forces de d\u00e9fense et de s\u00e9curit\u00e9 tout individu qui tentera d\u2019enfreindre la pr\u00e9sente mesure\u201d.<\/p>\n","protected":false},"excerpt":{"rendered":"<p>Saraya (K\u00e9dougou), 19 sept (APS) \u2013 Le pr\u00e9fet de Saraya a entam\u00e9, jeudi, une tourn\u00e9e pour constater la mise en<\/p>\n","protected":false},"author":1,"featured_media":42531,"comment_status":"open","ping_status":"open","sticky":false,"template":"","format":"standard","meta":{"footnotes":""},"categories":[21],"tags":[],"class_list":["post-42530","post","type-post","status-publish","format-standard","has-post-thumbnail","hentry","category-societe"],"_links":{"self":[{"href":"https:\/\/dekkbi.com\/index.php?rest_route=\/wp\/v2\/posts\/42530","targetHints":{"allow":["GET"]}}],"collection":[{"href":"https:\/\/dekkbi.com\/index.php?rest_route=\/wp\/v2\/posts"}],"about":[{"href":"https:\/\/dekkbi.com\/index.php?rest_route=\/wp\/v2\/types\/post"}],"author":[{"embeddable":true,"href":"https:\/\/dekkbi.com\/index.php?rest_route=\/wp\/v2\/users\/1"}],"replies":[{"embeddable":true,"href":"https:\/\/dekkbi.com\/index.php?rest_route=%2Fwp%2Fv2%2Fcomments&post=42530"}],"version-history":[{"count":1,"href":"https:\/\/dekkbi.com\/index.php?rest_route=\/wp\/v2\/posts\/42530\/revisions"}],"predecessor-version":[{"id":42532,"href":"https:\/\/dekkbi.com\/index.php?rest_route=\/wp\/v2\/posts\/42530\/revisions\/42532"}],"wp:featuredmedia":[{"embeddable":true,"href":"https:\/\/dekkbi.com\/index.php?rest_route=\/wp\/v2\/media\/42531"}],"wp:attachment":[{"href":"https:\/\/dekkbi.com\/index.php?rest_route=%2Fwp%2Fv2%2Fmedia&parent=42530"}],"wp:term":[{"taxonomy":"category","embeddable":true,"href":"https:\/\/dekkbi.com\/index.php?rest_route=%2Fwp%2Fv2%2Fcategories&post=42530"},{"taxonomy":"post_tag","embeddable":true,"href":"https:\/\/dekkbi.com\/index.php?rest_route=%2Fwp%2Fv2%2Ftags&post=42530"}],"curies":[{"name":"wp","href":"https:\/\/api.w.org\/{rel}","templated":true}]}}