{"id":42519,"date":"2024-09-20T09:27:52","date_gmt":"2024-09-20T09:27:52","guid":{"rendered":"https:\/\/dekkbi.com\/?p=42519"},"modified":"2024-09-20T09:27:54","modified_gmt":"2024-09-20T09:27:54","slug":"dr-babo-amadou-ba-dg-du-3fpt-le-gouvernement-ne-menagera-aucun-effort-pour-vous-accompagner-dans-loffre-de-formation","status":"publish","type":"post","link":"https:\/\/dekkbi.com\/?p=42519","title":{"rendered":"Dr Babo Amadou Ba, Dg du 3FPT: \u00abLe gouvernement ne m\u00e9nagera aucun effort pour vous accompagner dans l\u2019offre de formation\u00bb"},"content":{"rendered":"\n<p><strong>\u00ab&nbsp;On va enr\u00f4ler le maximum de jeunes&nbsp;\u00bb, c\u2019est l\u2019assurance faite ce jeudi 19 septembre par Dr Babo Amadou Ba, Directeur G\u00e9n\u00e9ral du Fond de financement de la formation professionnelle et technique (3FPT), \u00e0 l\u2019intention des jeunes. Dr Ba \u00e9tait en visite ce matin, au p\u00f4le emploi de Colobane pour observer de visu l\u2019\u00e9volution des op\u00e9rations d\u2019enr\u00f4lements d\u00e9marr\u00e9es depuis le 16 septembre au niveau de l\u2019ensemble des 46 d\u00e9partements.<\/strong><\/p>\n\n\n\n<p>En tant que structure de lutte contre le ch\u00f4mage, le 3FPT continue toujours de contribuer \u00e0 l\u2019accroissement d\u2019un acc\u00e8s \u00e9quitable \u00e0 la formation professionnelle et technique en finan\u00e7ant la formation des jeunes s\u00e9n\u00e9galais au niveau des \u00e9tablissements publics et priv\u00e9s. Ainsi, d\u00e8s le 5 avril 2024, les nouvelles autorit\u00e9s ont identifi\u00e9 cinq priorit\u00e9s dont la premi\u00e8re ciblant sp\u00e9cifiquement la jeunesse, est tourn\u00e9e autour de la formation, l\u2019\u00e9ducation, l\u2019entrepreneuriat, l\u2019emploi des jeunes et des femmes. Il s\u2019agit des formations qui d\u00e9bouchent sur le BTS, BT, BP et CAP de mani\u00e8re, d\u2019apr\u00e8s Dr Babo Amadou Ba, Directeur G\u00e9n\u00e9ral du Fond de financement de la formation professionnelle et techniques (3FPT). C\u2019est ainsi, d\u00e9clare-t-il, \u00ab&nbsp;Le minist\u00e8re de la formation professionnelle \u00e0 travers monsieur Moustapha Salleh est en train de faire un travail remarquable sous l\u2019ordre de formation arr\u00eat\u00e9e au besoin du march\u00e9.&nbsp; Et nous, 3FPT en tant que bras technique, on joue notre partition en finan\u00e7ant la formation. C\u2019est ainsi que le 3fpt a d\u00e9cid\u00e9 de financer les formations sur toute l\u2019\u00e9tendue du territoire.&nbsp;\u00bb<\/p>\n\n\n\n<p>A cet \u00e9gard, \u00ab&nbsp;un quotas est donn\u00e9 au 46 d\u00e9partements du S\u00e9n\u00e9gal en fonction du poids d\u00e9mographique de la population entre 15 et 40 ans. Apr\u00e8s l\u2019enr\u00f4lement la s\u00e9lection de fait en fonction des trois crit\u00e8res : l\u2019approche sectorielle, l\u2019inclusion sociale et l\u2019\u00e9quit\u00e9 territoriale&nbsp;\u00bb, a fait savoir le Dg du 3FPT.<\/p>\n\n\n\n<p>Il faut relever que les inscriptions ont d\u00e9marr\u00e9 depuis le 16 septembre sur l\u2019ensemble du territoire national. Ainsi, \u00e0 la date du 19 septembre annonce Dr Babo Amadou Ba, \u00ab On a enr\u00f4l\u00e9 10320 jeunes sur l\u2019\u00e9tendue du territoire national. Et au niveau de Dakar nous sommes \u00e0 1115 enr\u00f4lement et \u00e7a va continuer d\u2019ici le 24 on risque d\u2019atteindre les 30 mille 40 mille. \u00c7a montre toute l\u2019importance que cette jeunesse est l\u00e0. Et pour les rassurer que le gouvernement est conscient de cette jeunesse-l\u00e0. Le gouvernement ne m\u00e9nagera aucun effort pour vous accompagner dans l\u2019offre de formation&nbsp;\u00bb.<\/p>\n\n\n\n<p><strong>O GOUDIABY<\/strong><br>SUDQUOTIDIEN<\/p>\n","protected":false},"excerpt":{"rendered":"<p>\u00ab&nbsp;On va enr\u00f4ler le maximum de jeunes&nbsp;\u00bb, c\u2019est l\u2019assurance faite ce jeudi 19 septembre par Dr Babo Amadou Ba, Directeur<\/p>\n","protected":false},"author":1,"featured_media":42520,"comment_status":"open","ping_status":"open","sticky":false,"template":"","format":"standard","meta":{"footnotes":""},"categories":[3],"tags":[],"class_list":["post-42519","post","type-post","status-publish","format-standard","has-post-thumbnail","hentry","category-event-more-news"],"_links":{"self":[{"href":"https:\/\/dekkbi.com\/index.php?rest_route=\/wp\/v2\/posts\/42519","targetHints":{"allow":["GET"]}}],"collection":[{"href":"https:\/\/dekkbi.com\/index.php?rest_route=\/wp\/v2\/posts"}],"about":[{"href":"https:\/\/dekkbi.com\/index.php?rest_route=\/wp\/v2\/types\/post"}],"author":[{"embeddable":true,"href":"https:\/\/dekkbi.com\/index.php?rest_route=\/wp\/v2\/users\/1"}],"replies":[{"embeddable":true,"href":"https:\/\/dekkbi.com\/index.php?rest_route=%2Fwp%2Fv2%2Fcomments&post=42519"}],"version-history":[{"count":1,"href":"https:\/\/dekkbi.com\/index.php?rest_route=\/wp\/v2\/posts\/42519\/revisions"}],"predecessor-version":[{"id":42521,"href":"https:\/\/dekkbi.com\/index.php?rest_route=\/wp\/v2\/posts\/42519\/revisions\/42521"}],"wp:featuredmedia":[{"embeddable":true,"href":"https:\/\/dekkbi.com\/index.php?rest_route=\/wp\/v2\/media\/42520"}],"wp:attachment":[{"href":"https:\/\/dekkbi.com\/index.php?rest_route=%2Fwp%2Fv2%2Fmedia&parent=42519"}],"wp:term":[{"taxonomy":"category","embeddable":true,"href":"https:\/\/dekkbi.com\/index.php?rest_route=%2Fwp%2Fv2%2Fcategories&post=42519"},{"taxonomy":"post_tag","embeddable":true,"href":"https:\/\/dekkbi.com\/index.php?rest_route=%2Fwp%2Fv2%2Ftags&post=42519"}],"curies":[{"name":"wp","href":"https:\/\/api.w.org\/{rel}","templated":true}]}}