{"id":42511,"date":"2024-09-20T09:20:45","date_gmt":"2024-09-20T09:20:45","guid":{"rendered":"https:\/\/dekkbi.com\/?p=42511"},"modified":"2024-09-20T12:02:57","modified_gmt":"2024-09-20T12:02:57","slug":"dame-mbodj-dg-sogip-le-senegal-est-candidat-a-lorganisation-de-la-can-2029-et-la-fsf-doit-porter-ce-plaidoyer","status":"publish","type":"post","link":"https:\/\/dekkbi.com\/?p=42511","title":{"rendered":"\u00ab Le S\u00e9n\u00e9gal est candidat pour la can 2029 \u00bb"},"content":{"rendered":"\n<p><strong>Recal\u00e9 pour l\u2019organisation de la coupe d\u2019Afrique des nations en 2027, attribu\u00e9e au trio Kenya-Ouganda-Tanzanie, le S\u00e9n\u00e9gal va tenter une nouvelle chance pour la 37eme \u00e9dition en 2029. L\u2019annonce est du directeur g\u00e9n\u00e9ral de la Sogip (soci\u00e9t\u00e9 de gestion des infrastructures publiques des p\u00f4les urbains de Diamniadio et du lac rose), Dame Mbodj lors d\u2019une visite guid\u00e9e pour les m\u00e9dias mercredi dernier.<\/strong><\/p>\n\n\n\n<p><strong>&nbsp;<\/strong>Le S\u00e9n\u00e9gal candidat pour l\u2019organisation de la CAN 2029&nbsp;! L\u2019annonce n\u2019est pas du pr\u00e9sident de la r\u00e9publique, Bassirou Diomaye Diakhar Faye, ni du premier ministre, Ousmane Sonko ou de la ministre de la jeunesse, des sports et de la culture, Khady di\u00e8ne gaye encore moins du pr\u00e9sident de la f\u00e9d\u00e9ration s\u00e9n\u00e9galaise de football, maitre Augustin Senghor. C\u2019est plut\u00f4t, le directeur g\u00e9n\u00e9ral de la soci\u00e9t\u00e9 de gestion des infrastructures publiques des p\u00f4les urbains de Diamniadio et du lac rose (Sogip), Dame Mbodj qui l\u2019a d\u00e9clar\u00e9 aux m\u00e9dias ce mercredi lors d\u2019une visite guid\u00e9e. Battu en 2027 par le trio Kenya-Ouganda-Tanzanie, le pays de la teranga qui n\u2019a accueilli la plus f\u00eate du football africain qu\u2019une seule et unique fois en 1992, pourrait donc se lancer dans la course aux cot\u00e9s de la r\u00e9publique d\u00e9mocratique du Congo, qui est la seule nation \u00e0 avoir manifest\u00e9 son d\u00e9sir d\u2019abriter la CAN en 2029. Mieux, le pays de&nbsp;<em>F\u00e9lix Tshisekedi<\/em>&nbsp;(pr\u00e9sident de la r\u00e9publique de la RDC) a d\u00e9j\u00e0 d\u00e9pos\u00e9 sa candidature.<\/p>\n\n\n\n<p>\u00ab&nbsp;<em>Par le biais de la Sogip, l\u2019Etat a r\u00e9alis\u00e9 des infrastructures (stade Abdoulaye Wade, arena de Diamniadio) afin de faire de Diamniadio un hub \u00e9v\u00e9nementiel, un lieu d\u2019attraction pour une mixit\u00e9 fonctionnel et sociale. Le S\u00e9n\u00e9gal est candidat et veut organiser la CAN en 2029 car depuis 1992 on n\u2019a pas organis\u00e9 cette comp\u00e9tition et ce plaidoyer doit \u00eatre port\u00e9 par la f\u00e9d\u00e9ration s\u00e9n\u00e9galaise de football. Nous avons re\u00e7u la f\u00e9d\u00e9ration et nous en avons parl\u00e9. Notre candidature pour l\u2019organisation de la derni\u00e8re CAN a \u00e9t\u00e9 recal\u00e9e car nous n\u2019avions pas suffisamment de sites d\u2019h\u00e9bergement. Donc, il faut un centre d\u2019h\u00e9bergement pour loger les \u00e9quipes<\/em>\u00bb a d\u00e9clar\u00e9 Dame Mbodji.<\/p>\n\n\n\n<p><strong>Lamine Di\u00e9dhiou<\/strong><br>SUDQUOTIDIEN<\/p>\n","protected":false},"excerpt":{"rendered":"<p>Recal\u00e9 pour l\u2019organisation de la coupe d\u2019Afrique des nations en 2027, attribu\u00e9e au trio Kenya-Ouganda-Tanzanie, le S\u00e9n\u00e9gal va tenter une<\/p>\n","protected":false},"author":1,"featured_media":42512,"comment_status":"open","ping_status":"open","sticky":false,"template":"","format":"standard","meta":{"footnotes":""},"categories":[9],"tags":[],"class_list":["post-42511","post","type-post","status-publish","format-standard","has-post-thumbnail","hentry","category-sports"],"_links":{"self":[{"href":"https:\/\/dekkbi.com\/index.php?rest_route=\/wp\/v2\/posts\/42511","targetHints":{"allow":["GET"]}}],"collection":[{"href":"https:\/\/dekkbi.com\/index.php?rest_route=\/wp\/v2\/posts"}],"about":[{"href":"https:\/\/dekkbi.com\/index.php?rest_route=\/wp\/v2\/types\/post"}],"author":[{"embeddable":true,"href":"https:\/\/dekkbi.com\/index.php?rest_route=\/wp\/v2\/users\/1"}],"replies":[{"embeddable":true,"href":"https:\/\/dekkbi.com\/index.php?rest_route=%2Fwp%2Fv2%2Fcomments&post=42511"}],"version-history":[{"count":5,"href":"https:\/\/dekkbi.com\/index.php?rest_route=\/wp\/v2\/posts\/42511\/revisions"}],"predecessor-version":[{"id":42602,"href":"https:\/\/dekkbi.com\/index.php?rest_route=\/wp\/v2\/posts\/42511\/revisions\/42602"}],"wp:featuredmedia":[{"embeddable":true,"href":"https:\/\/dekkbi.com\/index.php?rest_route=\/wp\/v2\/media\/42512"}],"wp:attachment":[{"href":"https:\/\/dekkbi.com\/index.php?rest_route=%2Fwp%2Fv2%2Fmedia&parent=42511"}],"wp:term":[{"taxonomy":"category","embeddable":true,"href":"https:\/\/dekkbi.com\/index.php?rest_route=%2Fwp%2Fv2%2Fcategories&post=42511"},{"taxonomy":"post_tag","embeddable":true,"href":"https:\/\/dekkbi.com\/index.php?rest_route=%2Fwp%2Fv2%2Ftags&post=42511"}],"curies":[{"name":"wp","href":"https:\/\/api.w.org\/{rel}","templated":true}]}}