{"id":42485,"date":"2024-09-19T12:53:53","date_gmt":"2024-09-19T12:53:53","guid":{"rendered":"https:\/\/dekkbi.com\/?p=42485"},"modified":"2024-09-19T13:01:07","modified_gmt":"2024-09-19T13:01:07","slug":"la-basketball-africa-league-va-lancer-la-deuxieme-edition-des-bal-future-pros-vendredi","status":"publish","type":"post","link":"https:\/\/dekkbi.com\/?p=42485","title":{"rendered":"La Basketball Africa League va lancer la 2\u00e8 \u00e9dition des \u2018\u2019BAL Future Pros\u2019\u2019"},"content":{"rendered":"\n<p>Dakar, (APS) \u2013 La Basketball Africa League (BAL) annonce le lancement pr\u00e9vu vendredi de la deuxi\u00e8me \u00e9dition des \u201cBAL Future Pros\u201d, un programme visant \u00e0 aider les jeunes basketteurs professionnels africains \u00e0 int\u00e9grer ses d\u00e9partements.<\/p>\n\n\n\n<p>Amadou Gallo Fall, le pr\u00e9sident de la BAL, va pr\u00e9sider la c\u00e9r\u00e9monie de lancement de cette initiative, qui fera l\u2019objet d\u2019un webinaire pr\u00e9vu le m\u00eame jour \u00e0 15 h 00 GMT, selon un communiqu\u00e9.<\/p>\n\n\n\n<p>\u201cL\u2019ambassadeur de la BAL, le Fran\u00e7ais d\u2019origine b\u00e9ninoise Ian Mahinmi, champion de la NBA 2011, des cadres de la BAL et des BAL Future Pros de l\u2019\u00e9dition 2024 partageront leurs t\u00e9moignages de l\u2019impact du programme sur leur parcours professionnel et les opportunit\u00e9s qu\u2019il offre aux jeunes professionnels en Afrique\u201d, affirme-t-il.<\/p>\n\n\n\n<p>La deuxi\u00e8me promotion des \u201cBAL Future Pros\u201d va d\u00e9marrer le 2 d\u00e9cembre prochain.<\/p>\n\n\n\n<p>Il r\u00e9unira 14 jeunes professionnels africains, qui auront l\u2019opportunit\u00e9 de s\u00e9journer pendant un an dans les d\u00e9partements de la BAL, \u00e0 son si\u00e8ge au S\u00e9n\u00e9gal, et dans d\u2019autres pays d\u2019Afrique, selon le communiqu\u00e9.<\/p>\n\n\n\n<p>Vingt-deux \u201cBAL Future Pros\u201d ont \u00e9t\u00e9 recrut\u00e9s en 2024 au S\u00e9n\u00e9gal et au Rwanda \u201cpour soutenir les \u00e9quipes op\u00e9rationnelles dans l\u2019organisation de la quatri\u00e8me saison de la BAL dans quatre pays\u201d.<\/p>\n\n\n\n<p>\u201cCinq d\u2019entre eux ont b\u00e9n\u00e9fici\u00e9 d\u2019un prolongement de contrat de la BAL\u201d, ajoute la m\u00eame source.<\/p>\n\n\n\n<p>SK\/ESF\/BK<\/p>\n","protected":false},"excerpt":{"rendered":"<p>Dakar, (APS) \u2013 La Basketball Africa League (BAL) annonce le lancement pr\u00e9vu vendredi de la deuxi\u00e8me \u00e9dition des \u201cBAL Future<\/p>\n","protected":false},"author":1,"featured_media":42486,"comment_status":"open","ping_status":"open","sticky":false,"template":"","format":"standard","meta":{"footnotes":""},"categories":[9],"tags":[],"class_list":["post-42485","post","type-post","status-publish","format-standard","has-post-thumbnail","hentry","category-sports"],"_links":{"self":[{"href":"https:\/\/dekkbi.com\/index.php?rest_route=\/wp\/v2\/posts\/42485","targetHints":{"allow":["GET"]}}],"collection":[{"href":"https:\/\/dekkbi.com\/index.php?rest_route=\/wp\/v2\/posts"}],"about":[{"href":"https:\/\/dekkbi.com\/index.php?rest_route=\/wp\/v2\/types\/post"}],"author":[{"embeddable":true,"href":"https:\/\/dekkbi.com\/index.php?rest_route=\/wp\/v2\/users\/1"}],"replies":[{"embeddable":true,"href":"https:\/\/dekkbi.com\/index.php?rest_route=%2Fwp%2Fv2%2Fcomments&post=42485"}],"version-history":[{"count":2,"href":"https:\/\/dekkbi.com\/index.php?rest_route=\/wp\/v2\/posts\/42485\/revisions"}],"predecessor-version":[{"id":42490,"href":"https:\/\/dekkbi.com\/index.php?rest_route=\/wp\/v2\/posts\/42485\/revisions\/42490"}],"wp:featuredmedia":[{"embeddable":true,"href":"https:\/\/dekkbi.com\/index.php?rest_route=\/wp\/v2\/media\/42486"}],"wp:attachment":[{"href":"https:\/\/dekkbi.com\/index.php?rest_route=%2Fwp%2Fv2%2Fmedia&parent=42485"}],"wp:term":[{"taxonomy":"category","embeddable":true,"href":"https:\/\/dekkbi.com\/index.php?rest_route=%2Fwp%2Fv2%2Fcategories&post=42485"},{"taxonomy":"post_tag","embeddable":true,"href":"https:\/\/dekkbi.com\/index.php?rest_route=%2Fwp%2Fv2%2Ftags&post=42485"}],"curies":[{"name":"wp","href":"https:\/\/api.w.org\/{rel}","templated":true}]}}