{"id":42465,"date":"2024-09-19T10:46:47","date_gmt":"2024-09-19T10:46:47","guid":{"rendered":"https:\/\/dekkbi.com\/?p=42465"},"modified":"2024-09-19T10:46:48","modified_gmt":"2024-09-19T10:46:48","slug":"francois-hollande-se-replace-dans-le-jeu-et-lorgne-la-presidentielle","status":"publish","type":"post","link":"https:\/\/dekkbi.com\/?p=42465","title":{"rendered":"Fran\u00e7ois Hollande se replace dans le jeu et lorgne la pr\u00e9sidentielle"},"content":{"rendered":"\n<p>Revenu sur la sc\u00e8ne politique \u00e0 la faveur de la dissolution, l&rsquo;ancien pr\u00e9sident Fran\u00e7ois Hollande veut renforcer la \u00ab\u00a0gauche r\u00e9formiste\u00a0\u00bb et r\u00e9installer le duel avec le leader insoumis Jean-Luc M\u00e9lenchon, dans l&rsquo;optique non avou\u00e9e de se pr\u00e9senter comme un recours possible \u00e0 la prochaine pr\u00e9sidentielle.<\/p>\n\n\n\n<p>Redevenu d\u00e9put\u00e9 de Corr\u00e8ze, sous les couleurs du Nouveau Front populaire, sept ans apr\u00e8s avoir laiss\u00e9 les cl\u00e9s de l&rsquo;Elys\u00e9e \u00e0 Emmanuel Macron, l&rsquo;ancien chef de l&rsquo;Etat (2012-2017), \u00e2g\u00e9 de 70 ans, \u00ab\u00a0pose ses petits cailloux\u00a0\u00bb, analyse un socialiste qui le connait bien et n&rsquo;a \u00ab\u00a0aucun doute\u00a0\u00bb sur ses ambitions.<\/p>\n\n\n\n<p>Il a \u00ab\u00a0toujours le m\u00eame mode op\u00e9ratoire: un nouveau livre\u00a0\u00bb, s&rsquo;amuse le m\u00eame.<\/p>\n\n\n\n<p>Fran\u00e7ois Hollande vient en effet de publier \u00ab\u00a0Le d\u00e9fi de gouverner\u00a0\u00bb (Editions Perrin), dans lequel il relate la relation ambigu\u00eb de la gauche au pouvoir et le duel entre deux gauches, l\u2019une radicale, l\u2019autre plus r\u00e9formiste.<\/p>\n\n\n\n<p>Selon lui, \u00ab\u00a0chaque fois que la gauche r\u00e9formiste a \u00e9t\u00e9 plus forte, elle a permis \u00e0 la gauche de gagner et de gouverner\u00a0\u00bb. Mais quand la gauche radicale est plus importante, \u00ab\u00a0elle emp\u00eache la gauche d\u2019acc\u00e9der au pouvoir\u00a0\u00bb.<\/p>\n\n\n\n<p>Une critique assum\u00e9e contre La France insoumise et Jean-Luc M\u00e9lenchon, dont il n&rsquo;a de cesse, comme une partie du PS, de d\u00e9noncer les outrances.<\/p>\n\n\n\n<p>Lui qui avait exprim\u00e9 sa profonde hostilit\u00e9 \u00e0 la premi\u00e8re alliance de gauche, la Nupes, conclue avec LFI en mai 2022, a pourtant soutenu le Nouveau Front populaire, plus \u00e9quilibr\u00e9 selon lui.<\/p>\n\n\n\n<p>Pour appara\u00eetre \u00ab\u00a0comme le recours\u00a0\u00bb, \u00ab\u00a0Hollande est pr\u00eat \u00e0 toute les circonvolutions\u00a0\u00bb, remarque un d\u00e9put\u00e9. \u00ab\u00a0Pour se faire int\u00e9grer dans le groupe, en juillet il disait tout le temps qu&rsquo;il \u00e9tait d&rsquo;accord avec Olivier Faure\u00a0\u00bb, ironise-t-il, alors que les relations entre les deux hommes \u00e9taient ex\u00e9crables depuis que le premier secr\u00e9taire du PS avait fait \u00ab\u00a0l&rsquo;inventaire\u00a0\u00bb du l&rsquo;ex-pr\u00e9sident.<\/p>\n\n\n\n<p>\u00ab\u00a0La strat\u00e9gie de Fran\u00e7ois Hollande c&rsquo;est de reprendre du poids \u00e0 gauche\u00a0\u00bb, poursuit le m\u00eame, alors qu&rsquo;une partie de la gauche lui reproche toujours son quinquennat, et notamment \u00ab\u00a0la loi Travail\u00a0\u00bb, \u00ab\u00a0la d\u00e9ch\u00e9ance de nationalit\u00e9\u00a0\u00bb et \u00ab\u00a0la trahison\u00a0\u00bb de ses engagements pr\u00e9sidentiels de 2012.<\/p>\n\n\n\n<h2 class=\"wp-block-heading\">\u00ab\u00a0culbuto\u00a0\u00bb<\/h2>\n\n\n\n<p>\u00ab\u00a0A l&rsquo;Assembl\u00e9e, c&rsquo;est l&rsquo;homme de la synth\u00e8se\u00a0\u00bb, remarque un responsable du PS. \u00ab\u00a0C&rsquo;est ce qu&rsquo;on appelle un culbuto. Il est dans cette position d&rsquo;\u00e9quilibre, en se disant qu&rsquo;il peut tirer les marrons du feu\u00a0\u00bb.<\/p>\n\n\n\n<p>Une d\u00e9put\u00e9e socialiste observe: \u00ab\u00a0revenir dans le jeu, avec le Nouveau Front populaire, cela le lave d&rsquo;une partie de sa mauvaise image, c&rsquo;est habile\u00a0\u00bb.<\/p>\n\n\n\n<p>\u00ab\u00a0Il se positionne\u00a0\u00bb, confirme un autre d\u00e9put\u00e9 socialiste, lui aussi certain qu&rsquo;en cas de pr\u00e9sidentielle anticip\u00e9e, \u00ab\u00a0il sera candidat, tout comme M\u00e9lenchon\u00a0\u00bb.<\/p>\n\n\n\n<p>L&rsquo;ancien pr\u00e9sident a laiss\u00e9 entrevoir ses ambitions dimanche dans le Grand Jury RTL-Le Figaro-Public S\u00e9nat-M6, en jugeant que \u00ab\u00a0cela fait deux fois (trois en r\u00e9alit\u00e9, ndlr) que Jean-Luc M\u00e9lenchon est candidat \u00e0 la pr\u00e9sidence de la R\u00e9publique, deux fois qu&rsquo;il ne parvient pas au deuxi\u00e8me tour\u00a0\u00bb.<\/p>\n\n\n\n<p>Pour lui, il faudra prendre pour la prochaine pr\u00e9sidentielle \u00ab\u00a0une personne en meilleure condition pour gagner\u00a0\u00bb, c&rsquo;est-\u00e0-dire \u00ab\u00a0socialiste ou proche du Parti socialiste\u00a0\u00bb, a-t-il affirm\u00e9, tout en refusant une candidature unique \u00e0 gauche.<\/p>\n\n\n\n<p>Dit-il \u00ab\u00a0plus jamais candidat \u00e0 la pr\u00e9sidentielle\u00a0\u00bb en ce qui le concerne ? \u00ab\u00a0Je n&rsquo;ai pas dit \u00e7a\u00a0\u00bb, a r\u00e9pondu l&rsquo;ex-pr\u00e9sident, affirmant \u00eatre \u00ab\u00a0dans la disposition d\u2019esprit de servir mon pays en choisissant la bonne personne\u00a0\u00bb.<\/p>\n\n\n\n<p>En attendant, il entend aussi peser sur la ligne du parti qu&rsquo;il a longtemps dirig\u00e9, et dont il critique le penchant vers la France insoumise.<\/p>\n\n\n\n<p>Il r\u00e9clame, comme les opposants d&rsquo;Olivier Faure, un congr\u00e8s en d\u00e9but d&rsquo;ann\u00e9e, mais le veut \u00ab\u00a0d\u2019ouverture avec Bernard Cazeneuve, Rapha\u00ebl Glucksmann&#8230;\u00a0\u00bb, tous hostiles \u00e0 M. M\u00e9lenchon.<\/p>\n\n\n\n<p>Pour le d\u00e9put\u00e9 insoumis Paul Vannier, \u00ab\u00a0Fran\u00e7ois Hollande a clairement l&rsquo;intention de peser tr\u00e8s fortement sur le groupe et le parti\u00a0\u00bb. Et de d\u00e9plorer: \u00ab\u00a0Ca recommence comme avant, toujours la volont\u00e9 de d\u00e9tricoter la coalition\u00a0\u00bb.<\/p>\n\n\n\n<p>Mais au sein de la direction du PS on souligne que Fran\u00e7ois Hollande a \u00e9t\u00e9 \u00ab\u00a0\u00e9lu sur une coalition large\u00a0\u00bb, et qu&rsquo;il \u00ab\u00a0ne doit pas l&rsquo;oublier\u00a0\u00bb. Rappelant que les nouveaux militants sont \u00ab\u00a0totalement pour l&rsquo;union, pas pour le retour du Hollandisme\u00a0\u00bb.<\/p>\n\n\n\n<p> Par C\u00e9cile AZZARO  &#8211; \u00a9 2024 AFP<\/p>\n","protected":false},"excerpt":{"rendered":"<p>Revenu sur la sc\u00e8ne politique \u00e0 la faveur de la dissolution, l&rsquo;ancien pr\u00e9sident Fran\u00e7ois Hollande veut renforcer la \u00ab\u00a0gauche r\u00e9formiste\u00a0\u00bb<\/p>\n","protected":false},"author":1,"featured_media":42466,"comment_status":"open","ping_status":"open","sticky":false,"template":"","format":"standard","meta":{"footnotes":""},"categories":[51],"tags":[],"class_list":["post-42465","post","type-post","status-publish","format-standard","has-post-thumbnail","hentry","category-general"],"_links":{"self":[{"href":"https:\/\/dekkbi.com\/index.php?rest_route=\/wp\/v2\/posts\/42465","targetHints":{"allow":["GET"]}}],"collection":[{"href":"https:\/\/dekkbi.com\/index.php?rest_route=\/wp\/v2\/posts"}],"about":[{"href":"https:\/\/dekkbi.com\/index.php?rest_route=\/wp\/v2\/types\/post"}],"author":[{"embeddable":true,"href":"https:\/\/dekkbi.com\/index.php?rest_route=\/wp\/v2\/users\/1"}],"replies":[{"embeddable":true,"href":"https:\/\/dekkbi.com\/index.php?rest_route=%2Fwp%2Fv2%2Fcomments&post=42465"}],"version-history":[{"count":1,"href":"https:\/\/dekkbi.com\/index.php?rest_route=\/wp\/v2\/posts\/42465\/revisions"}],"predecessor-version":[{"id":42467,"href":"https:\/\/dekkbi.com\/index.php?rest_route=\/wp\/v2\/posts\/42465\/revisions\/42467"}],"wp:featuredmedia":[{"embeddable":true,"href":"https:\/\/dekkbi.com\/index.php?rest_route=\/wp\/v2\/media\/42466"}],"wp:attachment":[{"href":"https:\/\/dekkbi.com\/index.php?rest_route=%2Fwp%2Fv2%2Fmedia&parent=42465"}],"wp:term":[{"taxonomy":"category","embeddable":true,"href":"https:\/\/dekkbi.com\/index.php?rest_route=%2Fwp%2Fv2%2Fcategories&post=42465"},{"taxonomy":"post_tag","embeddable":true,"href":"https:\/\/dekkbi.com\/index.php?rest_route=%2Fwp%2Fv2%2Ftags&post=42465"}],"curies":[{"name":"wp","href":"https:\/\/api.w.org\/{rel}","templated":true}]}}