{"id":42438,"date":"2024-09-19T10:02:04","date_gmt":"2024-09-19T10:02:04","guid":{"rendered":"https:\/\/dekkbi.com\/?p=42438"},"modified":"2024-09-19T10:02:05","modified_gmt":"2024-09-19T10:02:05","slug":"incident-tragique-a-bounkiling-larmee-donne-la-version-des-faits","status":"publish","type":"post","link":"https:\/\/dekkbi.com\/?p=42438","title":{"rendered":"Incident Tragique \u00e0 Bounkiling : l\u2019Arm\u00e9e donne la version des faits"},"content":{"rendered":"\n<p>L\u2019Arm\u00e9e nationale a fait \u00e9tat d\u2019un incident survenu le 16 septembre \u00e0 11 heures, au village de Diam W\u00e9li Samba Ba, dans la commune de Bounkiling, lors d\u2019une mission de s\u00e9curisation dans la zone de Kandion Mangana. Selon les informations, le chef du village a sollicit\u00e9 l\u2019assistance des militaires face \u00e0 une personne mena\u00e7ante, arm\u00e9e d\u2019une machette et d\u2019un couteau.<\/p>\n\n\n\n<p>\u00c0 leur arriv\u00e9e, les militaires ont tent\u00e9 d\u2019intervenir pacifiquement pour d\u00e9sarmer l\u2019individu. Cependant, ce dernier a refus\u00e9 de coop\u00e9rer et s\u2019est approch\u00e9 de l\u2019un des soldats de mani\u00e8re agressive. Face \u00e0 cette situation, le militaire a \u00e9t\u00e9 contraint d\u2019utiliser son arme, ce qui a entra\u00een\u00e9 des blessures mortelles pour l\u2019individu.<\/p>\n\n\n\n<p>La Gendarmerie nationale a ouvert une enqu\u00eate afin de clarifier les circonstances de cet \u00e9v\u00e9nement.<\/p>\n\n\n\n<p>L\u2019Arm\u00e9e a rappel\u00e9 que cette intervention s\u2019inscrit dans le cadre de ses efforts pour garantir la s\u00e9curit\u00e9 des populations dans cette r\u00e9gion, o\u00f9 les militaires travaillent \u00e9galement \u00e0 faciliter le retour des d\u00e9plac\u00e9s.<\/p>\n\n\n\n<figure class=\"wp-block-image\"><img decoding=\"async\" src=\"https:\/\/pbs.twimg.com\/media\/GXy6ZvVXQAA4oO7?format=jpg&amp;name=small\" alt=\"Image\"\/><\/figure>\n","protected":false},"excerpt":{"rendered":"<p>L\u2019Arm\u00e9e nationale a fait \u00e9tat d\u2019un incident survenu le 16 septembre \u00e0 11 heures, au village de Diam W\u00e9li Samba<\/p>\n","protected":false},"author":1,"featured_media":42439,"comment_status":"open","ping_status":"open","sticky":false,"template":"","format":"standard","meta":{"footnotes":""},"categories":[26],"tags":[],"class_list":["post-42438","post","type-post","status-publish","format-standard","has-post-thumbnail","hentry","category-fait-divers"],"_links":{"self":[{"href":"https:\/\/dekkbi.com\/index.php?rest_route=\/wp\/v2\/posts\/42438","targetHints":{"allow":["GET"]}}],"collection":[{"href":"https:\/\/dekkbi.com\/index.php?rest_route=\/wp\/v2\/posts"}],"about":[{"href":"https:\/\/dekkbi.com\/index.php?rest_route=\/wp\/v2\/types\/post"}],"author":[{"embeddable":true,"href":"https:\/\/dekkbi.com\/index.php?rest_route=\/wp\/v2\/users\/1"}],"replies":[{"embeddable":true,"href":"https:\/\/dekkbi.com\/index.php?rest_route=%2Fwp%2Fv2%2Fcomments&post=42438"}],"version-history":[{"count":1,"href":"https:\/\/dekkbi.com\/index.php?rest_route=\/wp\/v2\/posts\/42438\/revisions"}],"predecessor-version":[{"id":42440,"href":"https:\/\/dekkbi.com\/index.php?rest_route=\/wp\/v2\/posts\/42438\/revisions\/42440"}],"wp:featuredmedia":[{"embeddable":true,"href":"https:\/\/dekkbi.com\/index.php?rest_route=\/wp\/v2\/media\/42439"}],"wp:attachment":[{"href":"https:\/\/dekkbi.com\/index.php?rest_route=%2Fwp%2Fv2%2Fmedia&parent=42438"}],"wp:term":[{"taxonomy":"category","embeddable":true,"href":"https:\/\/dekkbi.com\/index.php?rest_route=%2Fwp%2Fv2%2Fcategories&post=42438"},{"taxonomy":"post_tag","embeddable":true,"href":"https:\/\/dekkbi.com\/index.php?rest_route=%2Fwp%2Fv2%2Ftags&post=42438"}],"curies":[{"name":"wp","href":"https:\/\/api.w.org\/{rel}","templated":true}]}}