{"id":42422,"date":"2024-09-19T09:27:28","date_gmt":"2024-09-19T09:27:28","guid":{"rendered":"https:\/\/dekkbi.com\/?p=42422"},"modified":"2024-09-19T09:27:29","modified_gmt":"2024-09-19T09:27:29","slug":"mbour-contre-lemigration-irreguliere-une-journee-de-prieres-demain-vendredi-suivie-dune-marche-silencieuse-samedi-22-septembre","status":"publish","type":"post","link":"https:\/\/dekkbi.com\/?p=42422","title":{"rendered":"MBOUR \u2013 Contre l\u2019\u00e9migration irr\u00e9guli\u00e8re: une journ\u00e9e de pri\u00e8res demain vendredi suivie d\u2019une marche silencieuse, samedi 22 septembre"},"content":{"rendered":"\n<p>Un collectif regroupant plusieurs acteurs de la soci\u00e9t\u00e9 civile, l\u2019Organisme d\u00e9partemental de coordination des activit\u00e9s de vacances (Odcav) et Mbour justice, a tenu hier une conf\u00e9rence pour dire non \u00e0 l\u2019\u00e9migration irr\u00e9guli\u00e8re.&nbsp;<em>\u00ab&nbsp;\u00c7a suffit&nbsp;!&nbsp;\u00bb&nbsp;<\/em>clame ce collectif. Ainsi, les diff\u00e9rents repr\u00e9sentants de ces mouvements et associations ont pris la parole pour demander de tout mettre en \u0153uvre pour la fin de ce ph\u00e9nom\u00e8ne avec son cort\u00e8ge macabre (de morts et disparus).<\/p>\n\n\n\n<p>Baba Tour\u00e9, au nom des&nbsp; communaut\u00e9s mbouroises et&nbsp; coordonnateur du&nbsp;<em>Septembre Mandingue<\/em>&nbsp;s\u2019est prononc\u00e9 :&nbsp;<em>\u00ab&nbsp;L\u2019ampleur du ph\u00e9nom\u00e8ne impacte toute la population de Mbour. Nous avons \u00e9labor\u00e9 un calendrier d\u2019activit\u00e9s pour sensibiliser la population. D\u00e9j\u00e0 il y a des gens&nbsp; sur le terrain entrain de faire un travail remarquable. Nous sommes dispos\u00e9s \u00e0 accompagner cet \u00e9lan d\u2019activit\u00e9s et d\u2019information. Beaucoup des victimes du drame de la pirogue chavir\u00e9e \u00e9taient avec nous pour c\u00e9l\u00e9brer le Kankourang, le samedi,&nbsp;la veille du drame&nbsp;\u00bb<\/em>.<\/p>\n\n\n\n<p>Il s\u2019est appesanti sur les attentes :&nbsp;<em>\u00ab&nbsp;Notre but est que l\u2019objectif soit atteint, l\u2019abandon de l\u2019\u00e9migration clandestine. La jeunesse Mbouroise doit se d\u00e9tourner de cette activit\u00e9 criminelle qui emporte beaucoup de vies&nbsp;\u00bb<\/em>.<\/p>\n\n\n\n<p>Pape Amar&nbsp; Mbodj, le pr\u00e9sident de l\u2019Odcav de Mbour est formel :&nbsp;<em>\u00ab&nbsp;Rien ne peut justifier que des jeunes s\u00e9n\u00e9galais s\u2019embarquent dans des pirogues de fortune pour rallier l\u2019Europe. Face \u00e0 ce drame, il faut des propositions pour sortir de cette situation. Au de-l\u00e0 d\u2019un rem\u00e8de conjoncturel, il nous faut des solutions structurelles pour permettre aux jeunes de trouver un travail d\u00e9cent. Il faut aussi donner la bonne information car, en Europe, ce n\u2019est plus une \u00e9conomie stable car le ch\u00f4mage est galopant&nbsp;\u00bb.<\/em><\/p>\n\n\n\n<p>Tr\u00e8s en verve contre les jeunes tent\u00e9s par l\u2019odyss\u00e9e virale, il alerte :&nbsp;<em>\u00ab&nbsp;Ceux qui se rendent en Am\u00e9rique, par le Nicaragua, oublient que les pays d\u2019Am\u00e9rique Latine sont les plus criminog\u00e8nes au monde&nbsp;\u00bb<\/em>. Explicitant son propos, il dira :&nbsp;<em>\u00ab&nbsp;Nous avons perdu des joueurs et des supporters. Nous n\u2019avons pas v\u00e9cu la situation triste que vivait le Vietnam. D\u00e8s fois, les gens qui parviennent \u00e0 arriver en Europe font des vid\u00e9os qui influencent les autres jeunes. Pourtant, l\u00e0-bas, la vie n\u2019est pas aussi rose qu\u2019on le croit.&nbsp;\u00bb&nbsp;<\/em>Il a conclu en assurant :&nbsp;<em>\u00ab&nbsp;Notre mouvement s\u2019est engag\u00e9 pour mener le combat de la sensibilisation. Il faut le reconna\u00eetre, il y a une forme de l\u00e2chet\u00e9 dans notre soci\u00e9t\u00e9 parce qu\u2019il y a des gens qui sont bien au courant des voyages mais ne d\u00e9noncent pas.&nbsp;\u00bb<\/em><\/p>\n\n\n\n<p>Elimane Faye, membre Collectif contre l\u2019\u00e9migration irr\u00e9guli\u00e8re, a rappel\u00e9 le sens de la d\u00e9marche pour \u00e9radiquer le fl\u00e9au.&nbsp;<em>\u00ab&nbsp;Ce collectif regroupe l\u2019ensemble des forces vives de la commune. Quand s\u2019arr\u00eatera ce bilan macabre&nbsp;? Les Mbourois ont senti la responsabilit\u00e9 de trouver une solution contre ce destin macabre. 22 points ont \u00e9t\u00e9 retenu et nous nous d\u00e9clarons partenaires contre l\u2019\u00e9migration irr\u00e9guli\u00e8re. Nous demandons aux jeunes d\u2019arr\u00eater ce p\u00e9riple de la mort. Nous invitons l\u2019\u00c9tat \u00e0 l\u2019application des mesures annonc\u00e9es. Il est de notre responsabilit\u00e9 de porter ce combat pour que ce ph\u00e9nom\u00e8ne soit arr\u00eat\u00e9 et nous invitons toutes la population \u00e0 la marche silencieuse, ce samedi 22 septembre, et \u00e0 la journ\u00e9e de pri\u00e8res ce vendredi. Tout le monde doit agir.&nbsp;\u00bb<\/em><\/p>\n\n\n\n<p>SOURCE SUDQUOTIDIEN<\/p>\n","protected":false},"excerpt":{"rendered":"<p>Un collectif regroupant plusieurs acteurs de la soci\u00e9t\u00e9 civile, l\u2019Organisme d\u00e9partemental de coordination des activit\u00e9s de vacances (Odcav) et Mbour<\/p>\n","protected":false},"author":1,"featured_media":42143,"comment_status":"open","ping_status":"open","sticky":false,"template":"","format":"standard","meta":{"footnotes":""},"categories":[26],"tags":[],"class_list":["post-42422","post","type-post","status-publish","format-standard","has-post-thumbnail","hentry","category-fait-divers"],"_links":{"self":[{"href":"https:\/\/dekkbi.com\/index.php?rest_route=\/wp\/v2\/posts\/42422","targetHints":{"allow":["GET"]}}],"collection":[{"href":"https:\/\/dekkbi.com\/index.php?rest_route=\/wp\/v2\/posts"}],"about":[{"href":"https:\/\/dekkbi.com\/index.php?rest_route=\/wp\/v2\/types\/post"}],"author":[{"embeddable":true,"href":"https:\/\/dekkbi.com\/index.php?rest_route=\/wp\/v2\/users\/1"}],"replies":[{"embeddable":true,"href":"https:\/\/dekkbi.com\/index.php?rest_route=%2Fwp%2Fv2%2Fcomments&post=42422"}],"version-history":[{"count":1,"href":"https:\/\/dekkbi.com\/index.php?rest_route=\/wp\/v2\/posts\/42422\/revisions"}],"predecessor-version":[{"id":42423,"href":"https:\/\/dekkbi.com\/index.php?rest_route=\/wp\/v2\/posts\/42422\/revisions\/42423"}],"wp:featuredmedia":[{"embeddable":true,"href":"https:\/\/dekkbi.com\/index.php?rest_route=\/wp\/v2\/media\/42143"}],"wp:attachment":[{"href":"https:\/\/dekkbi.com\/index.php?rest_route=%2Fwp%2Fv2%2Fmedia&parent=42422"}],"wp:term":[{"taxonomy":"category","embeddable":true,"href":"https:\/\/dekkbi.com\/index.php?rest_route=%2Fwp%2Fv2%2Fcategories&post=42422"},{"taxonomy":"post_tag","embeddable":true,"href":"https:\/\/dekkbi.com\/index.php?rest_route=%2Fwp%2Fv2%2Ftags&post=42422"}],"curies":[{"name":"wp","href":"https:\/\/api.w.org\/{rel}","templated":true}]}}