{"id":42406,"date":"2024-09-19T09:01:38","date_gmt":"2024-09-19T09:01:38","guid":{"rendered":"https:\/\/dekkbi.com\/?p=42406"},"modified":"2024-09-19T09:09:54","modified_gmt":"2024-09-19T09:09:54","slug":"communique-du-conseil-des-ministres-du-mercredi-18-septembre-2024","status":"publish","type":"post","link":"https:\/\/dekkbi.com\/?p=42406","title":{"rendered":"Communiqu\u00e9 du Conseil des Ministres du mercredi 18 septembre 2024"},"content":{"rendered":"\n<p>Le Chef de l\u2019Etat, Son Excellence, Monsieur Bassirou Diomaye Diakhar FAYE a pr\u00e9sid\u00e9, ce mercredi 18 septembre 2024, la r\u00e9union hebdomadaire du\u00a0Conseil des Ministres,\u00a0au Palais de la R\u00e9publique.<\/p>\n\n\n\n<p>A l\u2019entame de sa communication, le Pr\u00e9sident de la R\u00e9publique s\u2019est r\u00e9joui de la bonne organisation de la f\u00eate du Maouloud qui a \u00e9t\u00e9 c\u00e9l\u00e9br\u00e9e dans d\u2019excellentes conditions sur l\u2019\u00e9tendue du territoire national. Il a remerci\u00e9 les Khalifs g\u00e9n\u00e9raux, les guides religieux et toute la communaut\u00e9 musulmane du S\u00e9n\u00e9gal pour les pri\u00e8res ferventes formul\u00e9es pour un S\u00e9n\u00e9gal de paix, de stabilit\u00e9 et de prosp\u00e9rit\u00e9 dans la justice et la solidarit\u00e9. Il a f\u00e9licit\u00e9 le Gouvernement, le Premier Ministre, le Ministre de l\u2019Int\u00e9rieur et de la S\u00e9curit\u00e9 publique, les Ministres impliqu\u00e9s, l\u2019ensemble des Forces de D\u00e9fense et de S\u00e9curit\u00e9 et les services de l\u2019Etat qui ont permis un bon d\u00e9roulement de l\u2019\u00e9dition 2024 du Maouloud.<\/p>\n\n\n\n<p>Le Chef de l\u2019Etat a mis en exergue le fait religieux qui est une r\u00e9alit\u00e9 au S\u00e9n\u00e9gal, lequel s\u2019\u00e9rige en activit\u00e9 \u00e9conomique, sociale, culturelle et \u00e9ducationnelle de premier plan. Il a \u00e9voqu\u00e9 la n\u00e9cessit\u00e9 pour l\u2019Etat, plus que par le pass\u00e9, d\u2019analyser cette dynamique globale des f\u00eates et c\u00e9r\u00e9monies religieuses. L\u2019Etat doit ainsi s\u2019employer, dans le respect du culte et au regard de ses possibilit\u00e9s, \u00e0 accompagner les organisations et foyers religieux dans leur diversit\u00e9 et leur sp\u00e9cificit\u00e9.<\/p>\n\n\n\n<p>Revenant sur la dissolution de l\u2019Assembl\u00e9e nationale, le Chef de l\u2019Etat a mis en relief la n\u00e9cessit\u00e9 d\u2019une meilleure pr\u00e9paration pour une bonne organisation des \u00e9lections l\u00e9gislatives anticip\u00e9es pr\u00e9vues le dimanche 17 novembre 2024. Il a inform\u00e9 le Conseil avoir pris deux d\u00e9crets portant convocation du corps \u00e9lectoral et r\u00e9partition des si\u00e8ges des d\u00e9put\u00e9s \u00e0 \u00e9lire au scrutin majoritaire d\u00e9partemental. Il a, d\u00e8s lors, demand\u00e9 au Gouvernement de prendre toutes les dispositions afin d\u2019assurer la bonne tenue du scrutin pour les \u00e9lecteurs s\u00e9n\u00e9galais \u00e9tablis sur le territoire national et ceux r\u00e9sidant \u00e0 l\u2019\u00e9tranger.<\/p>\n\n\n\n<p>Par ailleurs, le Pr\u00e9sident de la R\u00e9publique a invit\u00e9 le Ministre de l\u2019Int\u00e9rieur et de la S\u00e9curit\u00e9 publique, en charge des \u00e9lections, \u00e0 engager des concertations avec la Commission \u00e9lectorale nationale autonome (CENA), les acteurs politiques et les organisations impliqu\u00e9es afin de partager toutes les informations techniques, administratives et financi\u00e8res relatives aux \u00e9lections l\u00e9gislatives anticip\u00e9es du dimanche 17 novembre 2024. Il a aussi demand\u00e9 au Ministre charg\u00e9 des \u00e9lections de d\u00e9ployer une vaste campagne de communication aupr\u00e8s des acteurs politiques et du public pour pr\u00e9ciser, dans la transparence, les r\u00e8gles d\u2019organisation du scrutin et de d\u00e9roulement de la campagne \u00e9lectorale.<\/p>\n\n\n\n<p>La trag\u00e9die de Mbour, v\u00e9cue la semaine derni\u00e8re, a r\u00e9v\u00e9l\u00e9 la complexit\u00e9 de la probl\u00e9matique de l\u2019\u00e9migration clandestine, entretenue par des r\u00e9seaux bien organis\u00e9s, v\u00e9ritables trafiquants d\u2019\u00eatres humains et marchands d\u2019illusions qui doivent \u00eatre sanctionn\u00e9s par la Justice \u00e0 la hauteur de leurs actes. C\u2019est pourquoi le Pr\u00e9sident de la R\u00e9publique a exhort\u00e9 le Premier Ministre \u00e0 renforcer avec les Ministres comp\u00e9tents, tous les dispositifs pr\u00e9ventifs, s\u00e9curitaires et coercitifs de lutte contre les d\u00e9parts de migrants \u00e0 partir du territoire national.<\/p>\n\n\n\n<p>Le Chef de l\u2019Etat a soulign\u00e9, en outre, l\u2019urgence d\u2019une supervision strat\u00e9gique par le Premier Ministre du dispositif interminist\u00e9riel de lutte contre la migration irr\u00e9guli\u00e8re et d\u2019une r\u00e9vision du cadre national de pilotage et de coordination op\u00e9rationnelle des activit\u00e9s de pr\u00e9vention et de lutte contre la migration irr\u00e9guli\u00e8re, en renfor\u00e7ant l\u2019alerte pr\u00e9coce, la collaboration des populations, la sensibilisation et la communication notamment \u00e0 l\u2019endroit des jeunes. Au regard des causes profondes du d\u00e9veloppement de cette activit\u00e9 illicite ces derni\u00e8res ann\u00e9es, il a demand\u00e9 au Premier Ministre d\u2019engager, dans les meilleurs d\u00e9lais, avec toutes les parties prenantes, des concertations nationales inclusives sur la migration irr\u00e9guli\u00e8re en vue d\u2019ajuster notre strat\u00e9gie nationale de lutte en la mati\u00e8re.<br>Le Pr\u00e9sident de la R\u00e9publique a invit\u00e9 le Premier Ministre et le Ministre des Finances et du Budget \u00e0 mettre en \u0153uvre un programme budg\u00e9taire sp\u00e9cial \u00ab Pr\u00e9vention et lutte contre la migration irr\u00e9guli\u00e8re \u00bb.<\/p>\n\n\n\n<p>Le Chef de l\u2019Etat a \u00e9voqu\u00e9 les inondations et l\u2019assistance de l\u2019Etat aux sinistr\u00e9s. Il a pr\u00e9sent\u00e9 les condol\u00e9ances de la Nation aux familles \u00e9plor\u00e9es. Il a demand\u00e9 au Gouvernement de prendre toutes les mesures urgentes en vue d\u2019organiser les secours et de d\u00e9ployer la solidarit\u00e9 nationale aupr\u00e8s des populations sinistr\u00e9es sur l\u2019\u00e9tendue du territoire national.<\/p>\n\n\n\n<p>Evoquant le 22\u00e8me anniversaire du naufrage du bateau le Joola pr\u00e9vu le 26 septembre 2024 \u00e0 Ziguinchor et \u00e0 Dakar, le Pr\u00e9sident de la R\u00e9publique a rappel\u00e9 qu\u2019il constitue la plus grande trag\u00e9die qu\u2019a connue notre pays. Il a invit\u00e9 le Premier Ministre \u00e0 prendre toutes les dispositions pour la comm\u00e9moration de cet \u00e9v\u00e9nement douloureux de concert avec les familles des victimes.<\/p>\n\n\n\n<p>Parlant du succ\u00e8s du \u00ab first S\u00e9n\u00e9gal Spatial Day \u00bb et l\u2019importance strat\u00e9gique de la recherche scientifique et technique, le Chef de l\u2019Etat a f\u00e9licit\u00e9 le Ministre de l\u2019Enseignement sup\u00e9rieur, de la Recherche et de l\u2019Innovation, toute la communaut\u00e9 universitaire, les chercheurs et l\u2019\u00e9quipe de GaindeSat pour la r\u00e9ussite de la Journ\u00e9e nationale de c\u00e9l\u00e9bration du lancement du premier satellite du S\u00e9n\u00e9gal, organis\u00e9e le vendredi 13 septembre 2024.<br>Enfin, au titre de son agenda diplomatique, le Pr\u00e9sident de la R\u00e9publique a inform\u00e9 le Conseil qu\u2019il se rendra \u00e0 New York, aux Etats-Unis, du 22 au 26 septembre 2024, pour participer au Sommet de l\u2019Avenir et \u00e0 l\u2019Assembl\u00e9e g\u00e9n\u00e9rale des Nations Unies.<\/p>\n\n\n\n<p>Dans sa communication, le Premier Ministre a pr\u00e9sent\u00e9 au Conseil l\u2019agenda de validation du nouveau R\u00e9f\u00e9rentiel des politiques \u00e9conomiques sociales 2025-2050 et de ses d\u00e9clinaisons en un Master Plan 2025-2034 et un Plan quinquennal 2025-2029. \u00c0 cet \u00e9gard, il a rappel\u00e9 les diff\u00e9rentes \u00e9tapes du processus d\u2019\u00e9laboration du R\u00e9f\u00e9rentiel, en mettant en exergue les concertations men\u00e9es notamment avec le secteur priv\u00e9 et la soci\u00e9t\u00e9 civile pour recueillir leurs avis et commentaires sur les documents \u00e9labor\u00e9s. Ces documents seront soumis \u00e0 Monsieur le Pr\u00e9sident de la R\u00e9publique en vue de leur adoption et publication.<\/p>\n\n\n\n<p>Le Premier Ministre a ensuite \u00e9voqu\u00e9 les d\u00e9cisions ressorties de la r\u00e9union interminist\u00e9rielle, tenue ce mardi 17 septembre 2024, consacr\u00e9e \u00e0 l\u2019impact du stress hydrique et des crues de cet hivernage sur les cultures, les habitations et les infrastructures notamment routi\u00e8res. Les d\u00e9cisions majeures prises sont, entre autres, ax\u00e9es sur le recensement exhaustif des exploitations impact\u00e9es et les diligences \u00e0 mettre en \u0153uvre pour faire face au risque d\u2019ins\u00e9curit\u00e9 alimentaire dans les zones affect\u00e9es au niveau de certains d\u00e9partements du pays. Relativement aux crues, il a \u00e9t\u00e9 notamment retenu l\u2019am\u00e9lioration des dispositifs d\u2019alerte et de riposte ainsi que le renforcement de la coop\u00e9ration inter\u00e9tatique au sein de l\u2019OMVS et de l\u2019OMVG en mati\u00e8re de surveillance hydrologique. Au regard de la r\u00e9currence du stress hydrique et des crues, le Premier Ministre a inform\u00e9 le Conseil de la mise en place, au sein de la Primature, d\u2019un Comit\u00e9 permanent comprenant toutes les parties prenantes en vue d\u2019assurer les synergies requises et la prise en charge efficace des mesures arr\u00eat\u00e9es.<\/p>\n\n\n\n<p>Enfin, le Premier Ministre a abord\u00e9 la question lancinante de la restructuration prolong\u00e9e des entreprises publiques et parapubliques en difficult\u00e9. En vue d\u2019acc\u00e9l\u00e9rer le traitement de ces dossiers, il a jug\u00e9 n\u00e9cessaire la redynamisation du Comit\u00e9 interminist\u00e9riel de Suivi et de Restructuration des entreprises publiques et parapubliques institu\u00e9 au sein de la Primature. Dans ce cadre, il a demand\u00e9 au Ministre des Finances et du Budget, en relation avec le Ministre, Secr\u00e9taire g\u00e9n\u00e9ral du Gouvernement, de prendre les dispositions idoines en vue d\u2019assurer le fonctionnement r\u00e9gulier dudit Comit\u00e9.<\/p>\n\n\n\n<p>AU TITRE DES COMMUNICATIONS DES MINISTRES :<br>\u2022 Le Ministre de l\u2019Hydraulique et de l\u2019Assainissement a fait le point sur la situation hebdomadaire de la gestion des inondations ;<\/p>\n\n\n\n<p>\u2022 Le Ministre des P\u00eaches, des Infrastructures portuaires et maritimes a fait le point sur la mise en \u0153uvre des d\u00e9cisions issues du Conseil interminist\u00e9riel sp\u00e9cial sur les infrastructures maritimes et portuaires.<\/p>\n\n\n\n<p>AU TITRE DES TEXTES LEGISLATIFS ET REGLEMENTAIRES :<br>Le Conseil a examin\u00e9 et adopt\u00e9 :<br>\u2022 Le Projet de d\u00e9cret relatif aux trimestres et \u00e0 la dur\u00e9e des cong\u00e9s et vacances dans les \u00e9coles, \u00e9tablissements et daaras pour l\u2019ann\u00e9e scolaire 2024-2025.<\/p>\n\n\n\n<p>Le Ministre de la Formation professionnelle,<br>Porte-Parole du Gouvernement<br>Amadou Moustapha Njekk SARRE<\/p>\n","protected":false},"excerpt":{"rendered":"<p>Le Chef de l\u2019Etat, Son Excellence, Monsieur Bassirou Diomaye Diakhar FAYE a pr\u00e9sid\u00e9, ce mercredi 18 septembre 2024, la r\u00e9union<\/p>\n","protected":false},"author":1,"featured_media":35421,"comment_status":"open","ping_status":"open","sticky":false,"template":"","format":"standard","meta":{"footnotes":""},"categories":[6],"tags":[],"class_list":["post-42406","post","type-post","status-publish","format-standard","has-post-thumbnail","hentry","category-politics"],"_links":{"self":[{"href":"https:\/\/dekkbi.com\/index.php?rest_route=\/wp\/v2\/posts\/42406","targetHints":{"allow":["GET"]}}],"collection":[{"href":"https:\/\/dekkbi.com\/index.php?rest_route=\/wp\/v2\/posts"}],"about":[{"href":"https:\/\/dekkbi.com\/index.php?rest_route=\/wp\/v2\/types\/post"}],"author":[{"embeddable":true,"href":"https:\/\/dekkbi.com\/index.php?rest_route=\/wp\/v2\/users\/1"}],"replies":[{"embeddable":true,"href":"https:\/\/dekkbi.com\/index.php?rest_route=%2Fwp%2Fv2%2Fcomments&post=42406"}],"version-history":[{"count":1,"href":"https:\/\/dekkbi.com\/index.php?rest_route=\/wp\/v2\/posts\/42406\/revisions"}],"predecessor-version":[{"id":42407,"href":"https:\/\/dekkbi.com\/index.php?rest_route=\/wp\/v2\/posts\/42406\/revisions\/42407"}],"wp:featuredmedia":[{"embeddable":true,"href":"https:\/\/dekkbi.com\/index.php?rest_route=\/wp\/v2\/media\/35421"}],"wp:attachment":[{"href":"https:\/\/dekkbi.com\/index.php?rest_route=%2Fwp%2Fv2%2Fmedia&parent=42406"}],"wp:term":[{"taxonomy":"category","embeddable":true,"href":"https:\/\/dekkbi.com\/index.php?rest_route=%2Fwp%2Fv2%2Fcategories&post=42406"},{"taxonomy":"post_tag","embeddable":true,"href":"https:\/\/dekkbi.com\/index.php?rest_route=%2Fwp%2Fv2%2Ftags&post=42406"}],"curies":[{"name":"wp","href":"https:\/\/api.w.org\/{rel}","templated":true}]}}