{"id":42366,"date":"2024-09-18T10:20:12","date_gmt":"2024-09-18T10:20:12","guid":{"rendered":"https:\/\/dekkbi.com\/?p=42366"},"modified":"2024-09-18T10:39:07","modified_gmt":"2024-09-18T10:39:07","slug":"territoires-palestiniens-lassemblee-generale-de-lonu-vote-sur-un-appel-a-faire-cesser-loccupation-israelienne","status":"publish","type":"post","link":"https:\/\/dekkbi.com\/?p=42366","title":{"rendered":"Territoires palestiniens: l&rsquo;AG de l&rsquo;ONU vote sur un appel \u00e0 faire cesser l&rsquo;occupation isra\u00e9lienne"},"content":{"rendered":"\n<p>Dans quelques jours, plus de 180 dirigeants du monde entier sont attendus pour la semaine de haut niveau \u00e0 l\u2019ONU, o\u00f9 la guerre \u00e0 Gaza devrait dominer les d\u00e9bats. La d\u00e9l\u00e9gation palestinienne appelle les \u00c9tats \u00e0 exiger la fin de l\u2019occupation isra\u00e9lienne dans ses territoires dans les 12 mois. C\u2019est la premi\u00e8re fois qu\u2019elle soumet elle-m\u00eame un texte au vote et elle a d\u00e9cid\u00e9 de s\u2019appuyer sur l\u2019avis consultatif de la Cour internationale de Justice qui a estim\u00e9 que la pr\u00e9sence continue d\u2019Isra\u00ebl dans le Territoire palestinien occup\u00e9 depuis 1967 est illicite.<\/p>\n\n\n\n<p>L\u2019ambassadeur palestinien \u00e0 l\u2019ONU, Riyad Mansour, n\u2019a pas perdu de temps. Une fois\u00a0<strong>l\u2019avis de la Cour internationale de Justice<\/strong>\u00a0(CIJ) rendu, il a travaill\u00e9 avec d\u2019autres pays arabes pour r\u00e9diger sa premi\u00e8re r\u00e9solution. En juillet dernier, la CIJ, se penchant sur l&rsquo;occupation isra\u00e9lienne depuis 1967 \u00e0 la demande de l&rsquo;Assembl\u00e9e g\u00e9n\u00e9rale, avait estim\u00e9 que \u00ab\u00a0<em>la pr\u00e9sence continue d&rsquo;Isra\u00ebl dans le Territoire palestinien occup\u00e9 est illicite<\/em>\u00a0\u00bb et qu&rsquo;Isra\u00ebl est \u00ab\u00a0<em>dans l&rsquo;obligation (d&rsquo;y) mettre fin (&#8230;) dans les plus brefs d\u00e9lais\u00a0<\/em>\u00bb. Pour s\u2019assurer un large soutien, Riyad Mansour a repris les termes m\u00eames de l\u2019avis de la plus haute instance de justice, explique notre correspondante \u00e0 New York,\u00a0<strong>Carrie Nooten<\/strong>.<\/p>\n\n\n\n<p>\u00ab&nbsp;<em>C&rsquo;\u00e9tait un avis historique, car c&rsquo;\u00e9tait la premi\u00e8re fois que la Cour examinait l&rsquo;occupation isra\u00e9lienne dans son ensemble. L&rsquo;avis consultatif de la Cour a montr\u00e9 qu&rsquo;il n&rsquo;y a aucun doute sur les faits ou sur le droit, mais le droit n&rsquo;est pas l\u00e0 pour servir simplement de crit\u00e8re de mesure des violations. Il est l\u00e0 pour emp\u00eacher ces violations, et quand cela ne fonctionne pas, il est l\u00e0 pour les punir, pour y mettre un terme, pour r\u00e9clamer des responsabilit\u00e9s, pour garantir la justice<\/em>&nbsp;\u00bb, assure l\u2019ambassadeur palestinien \u00e0 l\u2019ONU.<\/p>\n\n\n\n<h2 class=\"wp-block-heading\">Vote sur le retrait des troupes isra\u00e9liennes<\/h2>\n\n\n\n<p>Le projet de r\u00e9solution d\u00e9battu depuis mardi 17 septembre par les 193 \u00c9tats membres de l&rsquo;ONU doit \u00eatre mis au vote \u00e0 11h00 heure locale (15H00 TU) ce mercredi. Il \u00ab\u00a0<em>exige\u00a0<\/em>\u00bb qu&rsquo;<strong>Isra\u00ebl<\/strong>\u00a0\u00ab\u00a0<em>mette fin sans d\u00e9lai \u00e0 sa pr\u00e9sence illicite\u00a0<\/em>\u00bb dans les territoires palestiniens et que ce soit fait \u00ab\u00a0<em>au plus tard 12 mois apr\u00e8s l&rsquo;adoption de cette r\u00e9solution\u00a0<\/em>\u00bb. Le premier projet de texte donnait seulement six mois.<\/p>\n\n\n\n<p>Il \u00ab\u00a0<em>exige\u00a0<\/em>\u00bb \u00e9galement le retrait des forces isra\u00e9liennes des\u00a0<strong>territoires palestiniens<\/strong>, l&rsquo;arr\u00eat des nouvelles colonies, la restitution des terres et propri\u00e9t\u00e9s saisies, ou encore la possibilit\u00e9 de retour des Palestiniens d\u00e9plac\u00e9s.<\/p>\n\n\n\n<p>Le projet de r\u00e9solution appelle \u00e9galement les \u00c9tats membres \u00e0 prendre des mesures pour mettre fin aux importations venant des colonies, et \u00e0 la fourniture d&rsquo;armes \u00e0 Isra\u00ebl s&rsquo;il y a des motifs \u00ab&nbsp;<em>raisonnables&nbsp;<\/em>\u00bb de penser qu&rsquo;elles pourraient \u00eatre utilis\u00e9es dans les territoires palestiniens. Et aussi \u00e0 prendre des sanctions contre les personnes participant \u00ab&nbsp;<em>au maintien de la pr\u00e9sence illicite d&rsquo;Isra\u00ebl<\/em>&nbsp;\u00bb dans les territoires occup\u00e9s.<\/p>\n\n\n\n<h2 class=\"wp-block-heading\">R\u00e9solution non contraignante<\/h2>\n\n\n\n<p>M\u00eame si cette r\u00e9solution est vot\u00e9e, elle ne sera pas contraignante mais elle donnera le ton, \u00e0 quelques jours du lancement de la semaine de haut niveau de l\u2019Assembl\u00e9e g\u00e9n\u00e9rale et compliquera un peu plus la visite de\u00a0<strong>Benyamin Netanyahu<\/strong>.<\/p>\n\n\n\n<p>Isra\u00ebl a d\u00e9nonc\u00e9 une \u00ab&nbsp;<em>mascarade&nbsp;<\/em>\u00bb. \u00ab&nbsp;<em>Ceux qui contribuent \u00e0 ce cirque ne sont pas que des spectateurs<\/em>&nbsp;\u00bb, mais \u00ab&nbsp;<em>des collaborateurs. Chaque vote en soutien \u00e0 ce cirque alimente la violence et encouragent ceux qui rejettent la paix<\/em>&nbsp;\u00bb, a fustig\u00e9 l&rsquo;ambassadeur isra\u00e9lien Danny Danon, qualifiant la d\u00e9marche palestinienne de \u00ab&nbsp;<em>terrorisme diplomatique&nbsp;<\/em>\u00bb.<\/p>\n\n\n\n<p>Par :RFI avec AFP<\/p>\n","protected":false},"excerpt":{"rendered":"<p>Dans quelques jours, plus de 180 dirigeants du monde entier sont attendus pour la semaine de haut niveau \u00e0 l\u2019ONU,<\/p>\n","protected":false},"author":1,"featured_media":42367,"comment_status":"open","ping_status":"open","sticky":false,"template":"","format":"standard","meta":{"footnotes":""},"categories":[51],"tags":[],"class_list":["post-42366","post","type-post","status-publish","format-standard","has-post-thumbnail","hentry","category-general"],"_links":{"self":[{"href":"https:\/\/dekkbi.com\/index.php?rest_route=\/wp\/v2\/posts\/42366","targetHints":{"allow":["GET"]}}],"collection":[{"href":"https:\/\/dekkbi.com\/index.php?rest_route=\/wp\/v2\/posts"}],"about":[{"href":"https:\/\/dekkbi.com\/index.php?rest_route=\/wp\/v2\/types\/post"}],"author":[{"embeddable":true,"href":"https:\/\/dekkbi.com\/index.php?rest_route=\/wp\/v2\/users\/1"}],"replies":[{"embeddable":true,"href":"https:\/\/dekkbi.com\/index.php?rest_route=%2Fwp%2Fv2%2Fcomments&post=42366"}],"version-history":[{"count":2,"href":"https:\/\/dekkbi.com\/index.php?rest_route=\/wp\/v2\/posts\/42366\/revisions"}],"predecessor-version":[{"id":42380,"href":"https:\/\/dekkbi.com\/index.php?rest_route=\/wp\/v2\/posts\/42366\/revisions\/42380"}],"wp:featuredmedia":[{"embeddable":true,"href":"https:\/\/dekkbi.com\/index.php?rest_route=\/wp\/v2\/media\/42367"}],"wp:attachment":[{"href":"https:\/\/dekkbi.com\/index.php?rest_route=%2Fwp%2Fv2%2Fmedia&parent=42366"}],"wp:term":[{"taxonomy":"category","embeddable":true,"href":"https:\/\/dekkbi.com\/index.php?rest_route=%2Fwp%2Fv2%2Fcategories&post=42366"},{"taxonomy":"post_tag","embeddable":true,"href":"https:\/\/dekkbi.com\/index.php?rest_route=%2Fwp%2Fv2%2Ftags&post=42366"}],"curies":[{"name":"wp","href":"https:\/\/api.w.org\/{rel}","templated":true}]}}