{"id":42364,"date":"2024-09-18T10:17:56","date_gmt":"2024-09-18T10:17:56","guid":{"rendered":"https:\/\/dekkbi.com\/?p=42364"},"modified":"2024-09-18T10:39:48","modified_gmt":"2024-09-18T10:39:48","slug":"france-pourquoi-le-processus-de-destitution-contre-emmanuel-macron-naboutira-pas","status":"publish","type":"post","link":"https:\/\/dekkbi.com\/?p=42364","title":{"rendered":"Pourquoi le processus de destitution contre Macron n\u2019aboutira pas"},"content":{"rendered":"\n<p>La proc\u00e9dure de destitution d&rsquo;Emmanuel Macron, port\u00e9e par La France insoumise, a \u00e9t\u00e9 jug\u00e9e recevable ce mardi 17 septembre par le bureau de l&rsquo;Assembl\u00e9e nationale, qui l&rsquo;a renvoy\u00e9 pour examen devant la commission des Lois. Si c\u2019est un \u00ab&nbsp;\u00e9v\u00e9nement in\u00e9dit&nbsp;\u00bb pour la cheffe du groupe LFI, la proc\u00e9dure n\u2019aboutira tr\u00e8s certainement pas.&nbsp;Explications de Guillaume Tusseau, professeur de droit public \u00e0 Sciences Po, sp\u00e9cialiste du droit constitutionnel et institutions politiques.<\/p>\n\n\n\n<p>Par :Mathilde Lavigne &#8211; SOURCE RFI<\/p>\n\n\n\n<p>La plus haute instance ex\u00e9cutive de la chambre basse\u00a0<strong>a valid\u00e9 la premi\u00e8re \u00e9tape d&rsquo;une proc\u00e9dure de destitution visant Emmanuel Macron<\/strong>, par 12 voix contre 10, ce 17 septembre. La cheffe de La France insoumise, dont le parti est \u00e0 l&rsquo;initiative de cette demande, Mathilde Panot s&rsquo;est f\u00e9licit\u00e9e sur X de cet \u00ab<em>\u00a0\u00e9v\u00e9nement in\u00e9dit dans l&rsquo;histoire de la Ve R\u00e9publique\u00a0<\/em>\u00bb, donnant \u00ab\u00a0<em>rendez-vous prochainement en commission des Lois pour en d\u00e9battre<\/em>\u00a0\u00bb. Pour autant,\u00a0la proc\u00e9dure n&rsquo;a presque aucune chance d&rsquo;aboutir en l&rsquo;\u00e9tat.<\/p>\n\n\n\n<p><strong>RFI : Comment fonctionne le processus de destitution en\u00a0France\u00a0?<\/strong><\/p>\n\n\n\n<p><strong>Guillaume Tusseau :<\/strong>&nbsp;C&rsquo;est \u00e0 l&rsquo;initiative des parlementaires, soit de l&rsquo;Assembl\u00e9e, soit du S\u00e9nat. C&rsquo;est une proc\u00e9dure purement politique, elle ne fait pas du tout intervenir de juge, de magistrat, ou de Cour de justice. Les parlementaires d\u00e9clenchent la proc\u00e9dure, comme ils l\u2019ont fait aujourd&rsquo;hui [mardi 17 septembre, NDLR], le bureau de la premi\u00e8re Assembl\u00e9e v\u00e9rifie la recevabilit\u00e9. Il faut qu\u2019il y ait un argumentaire qui sugg\u00e8re que le pr\u00e9sident a mal agi pour lancer la proc\u00e9dure de destitution. Et si ces conditions proc\u00e9durales sont r\u00e9unies, le bureau d\u00e9clare la proposition recevable et elle part \u00e0 l&rsquo;examen dans la commission des Lois de la premi\u00e8re Assembl\u00e9e saisie. Ensuite, ce sera examin\u00e9 en s\u00e9ance pl\u00e9ni\u00e8re o\u00f9 les deux tiers des membres de la premi\u00e8re assembl\u00e9e saisie votent pour la destitution.&nbsp;<\/p>\n\n\n\n<p><strong>Quand aura lieu le vote en commission des Lois ?<\/strong><\/p>\n\n\n\n<p>Selon la loi organique pour l&rsquo;application de l&rsquo;article 68 de la Constitution, le d\u00e9lai du vote est de 15 jours.&nbsp;<\/p>\n\n\n\n<p><strong>Ce projet de destitution contre le pr\u00e9sident\u00a0Emmanuel Macron\u00a0a-t-il une \u00ab<\/strong>\u00a0<strong>chance<\/strong>\u00a0<strong>\u00bb d&rsquo;arriver jusqu&rsquo;au S\u00e9nat ?\u00a0<\/strong><\/p>\n\n\n\n<p>Non, parce qu&rsquo;il faut que les deux tiers de l&rsquo;Assembl\u00e9e soient pour. Il s\u2019agit des deux tiers des membres, pas seulement ceux pr\u00e9sents le jour du vote. On part donc sur la base des 577 d\u00e9put\u00e9s qui constituent l\u2019Assembl\u00e9e nationale. C&rsquo;est la majorit\u00e9 la plus forte qui soit exig\u00e9e dans la Constitution. Il y a donc tr\u00e8s peu de chances que les deux tiers des d\u00e9put\u00e9s votent pour la r\u00e9solution et donc que le texte soit transmis au S\u00e9nat.&nbsp;<\/p>\n\n\n\n<p>Il y a peut-\u00eatre une majorit\u00e9 de d\u00e9put\u00e9s qui d\u00e9sapprouvent politiquement la dissolution, qui d\u00e9sapprouvent\u00a0<strong>la nomination de Michel Barnier<\/strong>, qui d\u00e9sapprouvent le fait qu&rsquo;il ait\u00a0<strong>beaucoup attendu avant de d\u00e9signer un Premier ministre<\/strong>. Mais est-ce que \u00e7a rentre dans la d\u00e9finition d&rsquo;un manquement au devoir manifestement incompatible avec l&rsquo;exercice de sa fonction\u00a0? L\u00e0, je suis plus sceptique sur le fait que beaucoup de d\u00e9put\u00e9s partagent cette analyse.\u00a0<\/p>\n\n\n\n<p>Ensuite, il y a les calculs politiques. Le Rassemblement national (RN) va \u00eatre assez satisfait de laisser La France insoumise tenter une op\u00e9ration qui d\u00e9stabilise le pr\u00e9sident et les institutions. Le RN peut contrebalancer cette image en disant \u00ab&nbsp;Regardez comme j&rsquo;ai une attitude plut\u00f4t pacificatrice, m\u00eame si je n&rsquo;en pense pas moins sur l&rsquo;action d&rsquo;Emmanuel Macron&nbsp;\u00bb. Donc dans les calculs, il est tr\u00e8s possible que les diff\u00e9rents groupes ne s&rsquo;associent pas \u00e0 la d\u00e9marche. Et puis il y a aussi le fait de s&rsquo;associer \u00e0 un texte qui est initialement port\u00e9 par LFI, qui est un repoussoir pour un certain nombre de groupes.&nbsp;<\/p>\n\n\n\n<p><strong>Si ce processus est vou\u00e9 \u00e0 l&rsquo;\u00e9chec d\u00e8s le d\u00e9part, quelle peut-\u00eatre la motivation de LFI ?<\/strong><\/p>\n\n\n\n<p>C&rsquo;est un acte de politique politicienne au sens tr\u00e8s m\u00e9diocre, parce que c&rsquo;est juste faire de l&rsquo;agitation, faire du buzz. Mais on peut aussi consid\u00e9rer que c&rsquo;est un acte politique au sens plus noble et au sens symbolique. \u00c0 ses yeux, LFI estime que le pr\u00e9sident de la R\u00e9publique n&rsquo;a pas pris en compte\u00a0<strong>le r\u00e9sultat des \u00e9lections l\u00e9gislatives<\/strong>\u00a0et qu&rsquo;il viole les devoirs d&rsquo;un chef d&rsquo;\u00c9tat dans un r\u00e9gime parlementaire.<\/p>\n\n\n\n<p>De ce point de vue-l\u00e0, La France insoumise estime que\u00a0<strong>refuser de nommer Lucie Castets<\/strong>\u00a0cet \u00e9t\u00e9, tra\u00eener dans la d\u00e9signation du gouvernement et nommer un Premier ministre issu du parti qui est en chute libre depuis une dizaine d&rsquo;ann\u00e9es sur le plan \u00e9lectoral, c\u2019est hors des missions qui rel\u00e8vent d&rsquo;un chef d&rsquo;\u00c9tat parlementaire.\u00a0\u00a0<\/p>\n\n\n\n<p><strong>Est-ce que la popularit\u00e9 d&rsquo;Emmanuel Macron va p\u00e2tir de ce processus de destitution, m\u00eame s&rsquo;il restera en place ?<\/strong><\/p>\n\n\n\n<p>Non, je ne pense pas. C&rsquo;est un \u00e9piph\u00e9nom\u00e8ne dans les manuels de droit constitutionnel. Ce sera le premier pr\u00e9sident contre qui une proc\u00e9dure de ce type-l\u00e0 a \u00e9t\u00e9 engag\u00e9e et de cette fa\u00e7on-l\u00e0. \u00c7a ne va pas renforcer sa popularit\u00e9 en disant \u00e0 quel point il est maltrait\u00e9 par des partis comme LFI, mais \u00e7a ne va pas l\u2019affaiblir non plus.<\/p>\n\n\n\n<p><strong>Quelle est la diff\u00e9rence avec le processus de destitution&nbsp;aux \u00c9tats-Unis, \u00ab l\u2019impeachment&nbsp;\u00bb ?<\/strong><\/p>\n\n\n\n<p>Aux \u00c9tats-Unis, la proc\u00e9dure est diff\u00e9rente parce que les t\u00e2ches des deux chambres ne sont pas les m\u00eames. La Chambre des repr\u00e9sentants vote l\u2019impeachment qui est la mise en accusation et le S\u00e9nat juge. Quand l&rsquo;impeachment est vot\u00e9, il y a en g\u00e9n\u00e9ral des articles d&rsquo;accusation qui reprochent au pr\u00e9sident d&rsquo;avoir fait quelque chose de r\u00e9pr\u00e9hensible. C\u2019est arriv\u00e9 une fois pour Bill Clinton et Andrew\u00a0Johnson, et\u00a0<strong>deux fois pour Donald Trump<\/strong>.<\/p>\n\n\n\n<p>Ensuite, le S\u00e9nat se prononce sur les articles d\u2019impeachment, et il faut une majorit\u00e9 renforc\u00e9e pour destituer un pr\u00e9sident. C&rsquo;est parce que cette majorit\u00e9 renforc\u00e9e est difficile \u00e0 atteindre, qu\u2019aucun pr\u00e9sident n&rsquo;a fait l&rsquo;objet d&rsquo;un jugement de destitution.<\/p>\n","protected":false},"excerpt":{"rendered":"<p>La proc\u00e9dure de destitution d&rsquo;Emmanuel Macron, port\u00e9e par La France insoumise, a \u00e9t\u00e9 jug\u00e9e recevable ce mardi 17 septembre par<\/p>\n","protected":false},"author":1,"featured_media":42189,"comment_status":"open","ping_status":"open","sticky":false,"template":"","format":"standard","meta":{"footnotes":""},"categories":[51],"tags":[],"class_list":["post-42364","post","type-post","status-publish","format-standard","has-post-thumbnail","hentry","category-general"],"_links":{"self":[{"href":"https:\/\/dekkbi.com\/index.php?rest_route=\/wp\/v2\/posts\/42364","targetHints":{"allow":["GET"]}}],"collection":[{"href":"https:\/\/dekkbi.com\/index.php?rest_route=\/wp\/v2\/posts"}],"about":[{"href":"https:\/\/dekkbi.com\/index.php?rest_route=\/wp\/v2\/types\/post"}],"author":[{"embeddable":true,"href":"https:\/\/dekkbi.com\/index.php?rest_route=\/wp\/v2\/users\/1"}],"replies":[{"embeddable":true,"href":"https:\/\/dekkbi.com\/index.php?rest_route=%2Fwp%2Fv2%2Fcomments&post=42364"}],"version-history":[{"count":3,"href":"https:\/\/dekkbi.com\/index.php?rest_route=\/wp\/v2\/posts\/42364\/revisions"}],"predecessor-version":[{"id":42382,"href":"https:\/\/dekkbi.com\/index.php?rest_route=\/wp\/v2\/posts\/42364\/revisions\/42382"}],"wp:featuredmedia":[{"embeddable":true,"href":"https:\/\/dekkbi.com\/index.php?rest_route=\/wp\/v2\/media\/42189"}],"wp:attachment":[{"href":"https:\/\/dekkbi.com\/index.php?rest_route=%2Fwp%2Fv2%2Fmedia&parent=42364"}],"wp:term":[{"taxonomy":"category","embeddable":true,"href":"https:\/\/dekkbi.com\/index.php?rest_route=%2Fwp%2Fv2%2Fcategories&post=42364"},{"taxonomy":"post_tag","embeddable":true,"href":"https:\/\/dekkbi.com\/index.php?rest_route=%2Fwp%2Fv2%2Ftags&post=42364"}],"curies":[{"name":"wp","href":"https:\/\/api.w.org\/{rel}","templated":true}]}}