{"id":42361,"date":"2024-09-18T10:16:24","date_gmt":"2024-09-18T10:16:24","guid":{"rendered":"https:\/\/dekkbi.com\/?p=42361"},"modified":"2024-09-18T10:16:25","modified_gmt":"2024-09-18T10:16:25","slug":"une-start-up-ambitionne-de-developper-des-solutions-dia-ethique-et-accessible","status":"publish","type":"post","link":"https:\/\/dekkbi.com\/?p=42361","title":{"rendered":"\u00a0Une start-up ambitionne de d\u00e9velopper des solutions d\u2019IA \u201d\u00e9thique\u201d et \u201daccessible\u201d"},"content":{"rendered":"\n<p>Dakar,  (APS) \u2013 La start-up s\u00e9n\u00e9galaise, Afrik\u2019IA, lanc\u00e9e mardi, \u00e0 Dakar, ambitionne de d\u00e9velopper des solutions d\u2019intelligence artificielle (IA) g\u00e9n\u00e9rative \u2018\u2019\u00e9thique, inclusive et accessible\u2019\u2019, adapt\u00e9es aux besoins d\u2019utilisateurs locaux dans le domaine de l\u2019\u00e9ducation, de la sant\u00e9, de l\u2019agriculture et de la gouvernance territoriale, a appris l\u2019APS de son fondateur.<\/p>\n\n\n\n<p>\u2018\u2019Notre mission est de concevoir des solutions d\u2019intelligence artificielle g\u00e9n\u00e9rative adapt\u00e9es aux besoins des secteurs strat\u00e9giques tels que l\u2019\u00e9ducation, l\u2019agriculture, la sant\u00e9 et la gouvernance territoriale. Nous croyons en une IA \u00e9thique, inclusive et accessible, qui r\u00e9pond directement aux attentes des utilisateurs locaux\u2019\u2019, a d\u00e9clar\u00e9 le fondateur de la start-up.<\/p>\n\n\n\n<p>Le docteur Ibrahima Sylla, enseignant au d\u00e9partement de g\u00e9ographie de l\u2019universit\u00e9 Cheikh-Anta-Diop de Dakar s\u2019exprimait ainsi \u00e0 l\u2019occasion du lancement d\u2019Afrik\u2019IA, \u00e0 l\u2019Agence universitaire de la Francophonie.<\/p>\n\n\n\n<p>D\u2019apr\u00e8s ce sp\u00e9cialiste des questions de g\u00e9omatique et du num\u00e9rique, le nom d\u2019Afrik\u2019IA est la contraction du nom Afrique et d\u2019intelligence artificielle.<\/p>\n\n\n\n<p>\u2018\u2019Le lancement d\u2019Afrik\u2019IA r\u00e9pond justement \u00e0 ce besoin d\u2019accompagner l\u2019\u00c9tat et le secteur priv\u00e9 dans diff\u00e9rents domaines.&nbsp;Concr\u00e8tement, nous utilisons des bases de donn\u00e9es d\u2019IA qui existent \u00e0 l\u2019\u00e9chelle mondiale&nbsp;et, \u00e0 partir de \u00e7a, nous cr\u00e9ons de la valeur\u2019\u2019, a expliqu\u00e9 Ibrahima Sylla.<\/p>\n\n\n\n<p>En plus simple, a-t-il ajout\u00e9, \u2018\u2019nous r\u00e9pondons gr\u00e2ce \u00e0 l\u2019IA \u00e0 des besoins ponctuels.&nbsp;Dans le domaine de l\u2019agriculture, par exemple, nous cr\u00e9ons des solutions d\u2019IA capables de faire du diagnostic et de la pr\u00e9diction. Cette approche est valable aussi dans le domaine de l\u2019\u00e9ducation, de la sant\u00e9, etc.\u2019\u2019.<\/p>\n\n\n\n<p>Consid\u00e9rant que l\u2019IA est \u2018\u2019porteuse de sens\u2019\u2019, \u2018\u2019porteur de valeur\u2019\u2019, le fondateur d\u2019Afric\u2019IA souligne que sa start-up est \u2018\u2019r\u00e9solument engag\u00e9e dans le domaine de l\u2019IA.<\/p>\n\n\n\n<p>Afric\u2019IA a \u00e9t\u00e9 incub\u00e9 par l\u2019Institut sup\u00e9rieur priv\u00e9 de formation sp\u00e9cialis\u00e9e en g\u00e9omatique et les m\u00e9tiers du num\u00e9rique, qui a, lors du lancement de la start-up, sign\u00e9 une convention avec l\u2019Agence de d\u00e9veloppement local (ADL).<\/p>\n\n\n\n<p>Lors de cette signature d\u2019entente, le directeur de l\u2019ADL, Diam\u00e9 Signat\u00e9, a indiqu\u00e9 que \u2018\u2019le partenariat est fondamental dans l\u2019ambition de moderniser nos outils et d\u2019optimiser nos processus afin de mieux r\u00e9pondre aux attentes des collectivit\u00e9s et aux populations\u2019\u2019.&nbsp;\u2018\u2019Afrik\u2019IA se veut le fer de lance d\u2019une IA \u2018Made in S\u00e9n\u00e9gal\u2019, qui tient compte des r\u00e9alit\u00e9s locales, des d\u00e9fis sp\u00e9cifiques et des potentialit\u00e9s inexplor\u00e9es de nos territoires.\u2019\u2019<\/p>\n\n\n\n<p>\u2018\u2019Appliqu\u00e9e au d\u00e9veloppement territorial, l\u2019intelligence artificielle permet d\u2019optimiser la gestion des ressources, de pr\u00e9voir les mouvements d\u00e9mographiques, en m\u00eame temps qu\u2019elle ouvre des horizons inexplor\u00e9s dans les domaines d\u2019innovation attendus\u2019\u2019, a-t-il soulign\u00e9.<\/p>\n\n\n\n<p>\u00c9tant donn\u00e9 que \u2018\u2019l\u2019IA ouvre des horizons inexplor\u00e9s dans les domaines d\u2019innovation attendus\u2019\u2019, Diam\u00e9 Signat\u00e9 estime que \u201dle partenariat est fondamental dans l\u2019ambition de moderniser nos outils et d\u2019optimiser nos processus afin de mieux r\u00e9pondre aux attentes des collectivit\u00e9s et aux populations\u201d.<\/p>\n\n\n\n<p>\u201dEn ce sens, Afric\u2019IA incarne notre vision d\u2019un S\u00e9n\u00e9gal r\u00e9solument tourn\u00e9 vers l\u2019avenir, un S\u00e9n\u00e9gal o\u00f9 l\u2019intelligence artificielle devient un moteur essentiel de d\u00e9veloppement durable et de transformation sociale\u2019\u2019, a ajout\u00e9 le directeur g\u00e9n\u00e9ral de l\u2019ADL.<\/p>\n\n\n\n<p>NSS\/ABB\/OID<\/p>\n","protected":false},"excerpt":{"rendered":"<p>Dakar, (APS) \u2013 La start-up s\u00e9n\u00e9galaise, Afrik\u2019IA, lanc\u00e9e mardi, \u00e0 Dakar, ambitionne de d\u00e9velopper des solutions d\u2019intelligence artificielle (IA) g\u00e9n\u00e9rative<\/p>\n","protected":false},"author":1,"featured_media":42362,"comment_status":"open","ping_status":"open","sticky":false,"template":"","format":"standard","meta":{"footnotes":""},"categories":[21],"tags":[],"class_list":["post-42361","post","type-post","status-publish","format-standard","has-post-thumbnail","hentry","category-societe"],"_links":{"self":[{"href":"https:\/\/dekkbi.com\/index.php?rest_route=\/wp\/v2\/posts\/42361","targetHints":{"allow":["GET"]}}],"collection":[{"href":"https:\/\/dekkbi.com\/index.php?rest_route=\/wp\/v2\/posts"}],"about":[{"href":"https:\/\/dekkbi.com\/index.php?rest_route=\/wp\/v2\/types\/post"}],"author":[{"embeddable":true,"href":"https:\/\/dekkbi.com\/index.php?rest_route=\/wp\/v2\/users\/1"}],"replies":[{"embeddable":true,"href":"https:\/\/dekkbi.com\/index.php?rest_route=%2Fwp%2Fv2%2Fcomments&post=42361"}],"version-history":[{"count":1,"href":"https:\/\/dekkbi.com\/index.php?rest_route=\/wp\/v2\/posts\/42361\/revisions"}],"predecessor-version":[{"id":42363,"href":"https:\/\/dekkbi.com\/index.php?rest_route=\/wp\/v2\/posts\/42361\/revisions\/42363"}],"wp:featuredmedia":[{"embeddable":true,"href":"https:\/\/dekkbi.com\/index.php?rest_route=\/wp\/v2\/media\/42362"}],"wp:attachment":[{"href":"https:\/\/dekkbi.com\/index.php?rest_route=%2Fwp%2Fv2%2Fmedia&parent=42361"}],"wp:term":[{"taxonomy":"category","embeddable":true,"href":"https:\/\/dekkbi.com\/index.php?rest_route=%2Fwp%2Fv2%2Fcategories&post=42361"},{"taxonomy":"post_tag","embeddable":true,"href":"https:\/\/dekkbi.com\/index.php?rest_route=%2Fwp%2Fv2%2Ftags&post=42361"}],"curies":[{"name":"wp","href":"https:\/\/api.w.org\/{rel}","templated":true}]}}