{"id":42359,"date":"2024-09-18T10:13:43","date_gmt":"2024-09-18T10:13:43","guid":{"rendered":"https:\/\/dekkbi.com\/?p=42359"},"modified":"2024-09-18T10:13:43","modified_gmt":"2024-09-18T10:13:43","slug":"ligue-des-champions-uefa-six-senegalais-sur-la-grille-de-depart","status":"publish","type":"post","link":"https:\/\/dekkbi.com\/?p=42359","title":{"rendered":"Ligue des champions UEFA : six S\u00e9n\u00e9galais sur la grille de d\u00e9part"},"content":{"rendered":"\n<p><strong>Six footballeurs s\u00e9n\u00e9galais prendront&nbsp;part \u00e0 la Ligue des champions de l\u2019UEFA. Il s\u2019agit de Lamine Camara, Kr\u00e9pin Diatta, Cheikh Niasse, Cherif Ndiaye, Abdallah Sima&nbsp;et Abdoulaye Niakhat\u00e9 Ndiaye. Ils sont en selle pour&nbsp;la premi\u00e8re phase de la comp\u00e9tition europ\u00e9enne&nbsp;qui a d\u00e9but\u00e9 hier, mardi&nbsp;&nbsp;17 septembre. Pour populariser la nouvelle formule, le programme de la premi\u00e8re journ\u00e9e est exceptionnellement \u00e9tal\u00e9e sur trois journ\u00e9es avec trois matchs de gala.&nbsp;&nbsp;Apr\u00e8s le choc&nbsp;AC Milan-Liverpool&nbsp;(1-3) d\u2019hier,&nbsp;&nbsp;mardi 17 septembre 2024,&nbsp;place sera faite ce&nbsp;mercredi&nbsp;avec les duels qui opposeront&nbsp;Manchester City -Inter Mila, Atl\u00e9tico Madrid&nbsp;\u2013&nbsp;Leipzig&nbsp;et enfin l\u2019affiche tant attendue demain jeudi 19 septembre&nbsp;entre l\u2019As Monaco de Kr\u00e9pin Diatta et Lamine Camara au&nbsp;FC Barcelone.<\/strong><\/p>\n\n\n\n<p>Le coup d\u2019envoi de la Ligue&nbsp;des champions&nbsp;a \u00e9t\u00e9 donn\u00e9 hier, mardi 17 septembre 2024 avec sa&nbsp;nouvelle formule lanc\u00e9e par l\u2019UEFA.&nbsp;La comp\u00e9tition se jouera d\u00e9sormais dans une poule unique de 36 \u00e9quipes. Chacune d\u2019entre elles va jouer contre huit autres.&nbsp;Six&nbsp;joueurs s\u00e9n\u00e9galais&nbsp;vont se lancer cette saison 2024-2025&nbsp;dans la prestigieuse comp\u00e9tition europ\u00e9enne. Il s\u2019agit de&nbsp;Lamine Camara, Kr\u00e9pin Diatta, Cheikh Niasse, Cherif Ndiaye,&nbsp;Abdallah Sima&nbsp;et Abdoulaye Niakhat\u00e9.<\/p>\n\n\n\n<p>Pour&nbsp;populariser la nouvelle formule, le programme de la comp\u00e9tition s\u2019\u00e9tale exceptionnellement sur trois soir\u00e9es. La&nbsp;premi\u00e8re journ\u00e9e qui a d\u00e9marr\u00e9 hier, mardi 17 septembre 2024 avec les affiches phares&nbsp;AC Milan&nbsp;\u2013&nbsp;Liverpool, se poursuit ce mercredi avec les duels qui opposent&nbsp;Manchester City&nbsp;et Inter Milan&nbsp;&nbsp;&nbsp;et&nbsp;Atl\u00e9tico Madrid&nbsp;\u2013&nbsp;Leipzig.&nbsp;L\u2019As Monaco de Kr\u00e9pin Diatta et de Lamine Camara effectueront leur premi\u00e8res sortie demain jeudi avec le choc qui l\u2019opposera, au stade Louis II, au&nbsp;FC Barcelone.<\/p>\n\n\n\n<p>Pour son d\u00e9but en ligue des champions, l\u2019\u00e9quipe mon\u00e9gasque&nbsp;pourra&nbsp;bien&nbsp;compter&nbsp;sur&nbsp;Lamine&nbsp;Camara.&nbsp;Sorti sur civi\u00e8re suite \u00e0 une blessure au cou le weekend, lors de la victoire de son club face \u00e0 l\u2019Auxerre (3-0), le milieu de terrain des Lions&nbsp;a finalement&nbsp;\u00e9t\u00e9 d\u00e9clar\u00e9 apte par la Ligue apr\u00e8s les examens qu\u2019il a subis ce lundi.&nbsp;Il&nbsp;est pass\u00e9 par le protocole commotion conform\u00e9ment au r\u00e8glement de comp\u00e9titions de la F\u00e9d\u00e9ration Fran\u00e7aise de Football.&nbsp;&nbsp;<\/p>\n\n\n\n<p>Pour son entr\u00e9e en mati\u00e8re, le Stade Brestois devrait s\u2019appuyer sur&nbsp;&nbsp;&nbsp;l\u2019attaquant Abdallah Sima et le d\u00e9fenseur Abdoulaye Niakhat\u00e9 Ndiaye.&nbsp;&nbsp;Nouvellement recrues dans l\u2019effectif bretons, les deux internationaux s\u00e9n\u00e9galais devront disputer leur premier match de Ligue des Champions demain jeudi 19 septembre contre les Autrichiens de Sturm Graz (\u00e0 19h00 GMT). Avec l\u2019Etoile de Belgrade, Cherif Ndiaye fera ses premiers pas ce jeudi face aux Portugais de Benfica. Quant \u00e0&nbsp;Cheikh Niasse, il repr\u00e9sentera le S\u00e9n\u00e9gal&nbsp;&nbsp;&nbsp;dans le club suisse de&nbsp;Young Boys&nbsp;qui a entam\u00e9 la comp\u00e9tition avec au bout une d\u00e9faite \u00e0 domicile face aux Anglais de Aston Villa (0-3).<\/p>\n\n\n\n<p>Il faut souligner que la deuxi\u00e8me journ\u00e9e de cette Ligue des champions 2024-2025, comme les six qui suivront,&nbsp;vont se tenir&nbsp;sur&nbsp;les&nbsp;deux jours&nbsp;habituels, les&nbsp;1e et 2 octobre&nbsp;prochains. Seule la 8e journ\u00e9e de la phase de ligue se jouera en multiplex sur une seule et m\u00eame journ\u00e9e, le&nbsp;29 janvier 2025.<\/p>\n\n\n\n<p><strong>Omar DIAW<\/strong><br>SUDQUOTIDIEN<\/p>\n","protected":false},"excerpt":{"rendered":"<p>Six footballeurs s\u00e9n\u00e9galais prendront&nbsp;part \u00e0 la Ligue des champions de l\u2019UEFA. Il s\u2019agit de Lamine Camara, Kr\u00e9pin Diatta, Cheikh Niasse,<\/p>\n","protected":false},"author":1,"featured_media":21945,"comment_status":"open","ping_status":"open","sticky":false,"template":"","format":"standard","meta":{"footnotes":""},"categories":[9],"tags":[],"class_list":["post-42359","post","type-post","status-publish","format-standard","has-post-thumbnail","hentry","category-sports"],"_links":{"self":[{"href":"https:\/\/dekkbi.com\/index.php?rest_route=\/wp\/v2\/posts\/42359","targetHints":{"allow":["GET"]}}],"collection":[{"href":"https:\/\/dekkbi.com\/index.php?rest_route=\/wp\/v2\/posts"}],"about":[{"href":"https:\/\/dekkbi.com\/index.php?rest_route=\/wp\/v2\/types\/post"}],"author":[{"embeddable":true,"href":"https:\/\/dekkbi.com\/index.php?rest_route=\/wp\/v2\/users\/1"}],"replies":[{"embeddable":true,"href":"https:\/\/dekkbi.com\/index.php?rest_route=%2Fwp%2Fv2%2Fcomments&post=42359"}],"version-history":[{"count":1,"href":"https:\/\/dekkbi.com\/index.php?rest_route=\/wp\/v2\/posts\/42359\/revisions"}],"predecessor-version":[{"id":42360,"href":"https:\/\/dekkbi.com\/index.php?rest_route=\/wp\/v2\/posts\/42359\/revisions\/42360"}],"wp:featuredmedia":[{"embeddable":true,"href":"https:\/\/dekkbi.com\/index.php?rest_route=\/wp\/v2\/media\/21945"}],"wp:attachment":[{"href":"https:\/\/dekkbi.com\/index.php?rest_route=%2Fwp%2Fv2%2Fmedia&parent=42359"}],"wp:term":[{"taxonomy":"category","embeddable":true,"href":"https:\/\/dekkbi.com\/index.php?rest_route=%2Fwp%2Fv2%2Fcategories&post=42359"},{"taxonomy":"post_tag","embeddable":true,"href":"https:\/\/dekkbi.com\/index.php?rest_route=%2Fwp%2Fv2%2Ftags&post=42359"}],"curies":[{"name":"wp","href":"https:\/\/api.w.org\/{rel}","templated":true}]}}