{"id":42354,"date":"2024-09-18T10:10:50","date_gmt":"2024-09-18T10:10:50","guid":{"rendered":"https:\/\/dekkbi.com\/?p=42354"},"modified":"2024-09-18T10:41:37","modified_gmt":"2024-09-18T10:41:37","slug":"tragedie-de-la-migration-irreguliere-plaidoyer-pour-des-solutions-durables-et-une-nouvelle-politique-de-jeunesse-adha-et-enda-ecopole","status":"publish","type":"post","link":"https:\/\/dekkbi.com\/?p=42354","title":{"rendered":"Migration \u2013 Plaidoyer pour des Solutions Durables et une Nouvelle Politique de Jeunesse"},"content":{"rendered":"\n<h3 class=\"wp-block-heading\">Communiqu\u00e9- Action pour les Droits Humains et l\u2019Amiti\u00e9 (ADHA) et ENDA Ecopole expriment leur profonde tristesse, douleur et indignation face \u00e0 la trag\u00e9die de la migration irr\u00e9guli\u00e8re survenue au large des c\u00f4tes s\u00e9n\u00e9galaises o\u00f9 de nombreux jeunes, en qu\u00eate d\u2019un avenir meilleur, continuent de perdre la vie en tentant de rejoindre l\u2019Europe \u00e0 bord d\u2019embarcations de fortune.<\/h3>\n\n\n\n<p>ADHA et ENDA Ecopole saluent la pr\u00e9sence du Pr\u00e9sident de la R\u00e9publique \u00e0 Mbour pour t\u00e9moigner sa solidarit\u00e9 aux familles des victimes, un geste empreint de compassion et d&#8217;empathie, fort appr\u00e9ci\u00e9.<\/p>\n\n\n\n<p>Toutefois, ces drames \u00e0 r\u00e9p\u00e9tition appellent \u00e0 une introspection et une r\u00e9\u00e9valuation profonde des politiques de jeunesse et de migration afin de mettre en place des solutions durables.<\/p>\n\n\n\n<p>Un Changement de Paradigme Urgent<\/p>\n\n\n\n<p>Depuis plusieurs ann\u00e9es, les politiques de lutte contre la migration irr\u00e9guli\u00e8re continuent de r\u00e9v\u00e9ler leurs limites malgr\u00e9 les efforts d\u00e9ploy\u00e9s. Bien que financ\u00e9es \u00e0 hauteur de plusieurs milliards de FCFA, elles n&rsquo;ont malheureusement pas permis de freiner le ph\u00e9nom\u00e8ne et des milliers de jeunes continuent de braver les intemp\u00e9ries. Des initiatives de lutte contre la migration irr\u00e9guli\u00e8re, \u00e0 l\u2019image de la migration circulaire avec l&rsquo;Espagne qui a mobilis\u00e9 85 milliards de FCFA entre 2019 et 2023, restent sans incidence r\u00e9elle et m\u00eame m\u00e9connues des jeunes, pourtant les premiers concern\u00e9s.<\/p>\n\n\n\n<p>L\u2019opacit\u00e9 et le manque de communication \u00e9rig\u00e9s en r\u00e8gle de gestion mettent en lumi\u00e8re la d\u00e9connexion entre les solutions propos\u00e9es et les attentes r\u00e9elles de la jeunesse.<\/p>\n\n\n\n<p>Il est grand temps de repenser les approches de la question migratoire. D\u00e8s lors, des solutions adapt\u00e9es et efficaces doivent \u00eatre envisag\u00e9es et \u00e9labor\u00e9es dans un esprit participatif, avec les jeunes et pour les jeunes, en int\u00e9grant les r\u00e9alit\u00e9s locales et r\u00e9gionales. Le mod\u00e8le actuel renforce le mythe selon lequel la r\u00e9ussite ne se trouve qu\u2019\u00e0 l\u2019\u00e9tranger, cr\u00e9ant ainsi un \u00ab surespoir \u00bb qui pousse de nombreux jeunes \u00e0 risquer leur vie dans des conditions pr\u00e9caires et dramatiques.<\/p>\n\n\n\n<p>Remettre en Question le Mythe de la Diaspora<\/p>\n\n\n\n<p>La glorification excessive de la diaspora et des r\u00e9mittences financi\u00e8res renforcent une id\u00e9e fausse selon laquelle la r\u00e9ussite est uniquement possible hors de nos fronti\u00e8res. Ce narratif, bien qu\u2019encourag\u00e9 par certains, alimente l&rsquo;illusion d&rsquo;un prestige \u00e0 l&rsquo;\u00e9tranger, souvent d\u00e9menti par la r\u00e9alit\u00e9.<\/p>\n\n\n\n<p>Ainsi, il est crucial de valoriser les r\u00e9ussites locales et de montrer \u00e0 notre jeunesse que r\u00e9ussir au S\u00e9n\u00e9gal et en Afrique est possible.<br>De nombreux S\u00e9n\u00e9galais contribuent activement au d\u00e9veloppement national sans quitter leur pays. Il est temps de mettre en avant ces exemples positifs et d\u2019encourager les jeunes \u00e0 envisager un avenir radieux sur leur propre sol.<\/p>\n\n\n\n<p>Investir dans les Infrastructures R\u00e9gionales<\/p>\n\n\n\n<p>Une solution durable pour freiner l\u2019exode rural et la migration irr\u00e9guli\u00e8re r\u00e9side dans la transformation de notre mod\u00e8le de gouvernance de nos ressources, l\u2019investissement massif dans les infrastructures \u00e9ducatives et \u00e9conomiques r\u00e9gionales.<\/p>\n\n\n\n<p>La valorisation des espaces artisanaux et de cr\u00e9ativit\u00e9 (artisanat de service et d\u2019art) et de production communautaires, une meilleure organisation des m\u00e9tiers de l\u2019automobile, agriculture, p\u00eache et \u00e9levage, la d\u00e9centralisation des espaces de d\u00e9cisions et la cr\u00e9ation d\u2019universit\u00e9s et de centres de formation dans des r\u00e9gions comme Tambacounda et la Casamance est essentielle pour offrir des alternatives cr\u00e9dibles \u00e0 l\u2019esprit de comp\u00e9titivit\u00e9 r\u00e9gionale. La valorisation des opportunit\u00e9s des r\u00e9gions et les riches potentialit\u00e9s \u00e9conomiques, renforcent leur attractivit\u00e9 pour devenir de v\u00e9ritables p\u00f4les de d\u00e9veloppement et de centres de d\u00e9cision conform\u00e9ment \u00e0 l\u2019esprit d\u2019\u00e9quit\u00e9 territoriale.<\/p>\n\n\n\n<p>De telles initiatives permettraient d\u2019\u00e9clore les talents des jeunes tout en leur offrant une masse critique de comp\u00e9tences n\u00e9cessaires pour les accompagner, contribuant durablement au d\u00e9veloppement \u00e9conomique de leur terroir.<\/p>\n\n\n\n<p>Restaurer la Confiance en l&rsquo;Avenir du Pays<\/p>\n\n\n\n<p>Pour freiner l&rsquo;h\u00e9morragie migratoire, il est imp\u00e9ratif de restaurer la confiance des jeunes dans leur avenir au S\u00e9n\u00e9gal. Cela passe n\u00e9cessairement par une r\u00e9forme en profondeur du syst\u00e8me \u00e9ducatif, align\u00e9e sur les besoins du march\u00e9 de l\u2019emploi, l\u2019\u00e9galit\u00e9 des chances, l\u2019\u00e9quit\u00e9 dans l\u2019acc\u00e8s aux ressources ainsi que la promotion de projets entrepreneuriaux dans des secteurs porteurs comme l\u2019agriculture, la technologie, l\u2019\u00e9conomie verte, etc.<\/p>\n\n\n\n<p>ADHA et ENDA Ecopole appellent \u00e9galement \u00e0 la mise en place de politiques qui soutiennent l&#8217;emploi local, l&rsquo;entrepreneuriat et la consommation locale, afin de renforcer le tissu \u00e9conomique national. Ces politiques doivent \u00eatre bas\u00e9es sur des solutions structurelles, r\u00e9alistes et durables, et con\u00e7ues en concertation avec les jeunes eux-m\u00eames.<\/p>\n\n\n\n<p>Un Appel \u00e0 l\u2019Action<\/p>\n\n\n\n<p>ADHA et ENDA Ecopole exhortent l&rsquo;\u00c9tat \u00e0 mettre en place des m\u00e9canismes communautaires de veille pour prendre des mesures concr\u00e8tes et pr\u00e9venir de nouvelles trag\u00e9dies. En investissant dans l&rsquo;\u00e9ducation, en renfor\u00e7ant les infrastructures r\u00e9gionales afin qu\u2019elles soient mieux adapt\u00e9es aux besoins de l\u2019emploi, dan sl\u2019\u00e9quit\u00e9, la justice et la d\u00e9mocratie, et en offrant des perspectives d&#8217;emploi aux jeunes, il est possible de cr\u00e9er un environnement socio-\u00e9conomique o\u00f9 la migration ne sera plus vue comme une n\u00e9cessit\u00e9, mais comme un choix \u00e9clair\u00e9.<\/p>\n\n\n\n<p>Ensemble, nous devons \u0153uvrer pour offrir \u00e0 notre jeunesse les moyens de r\u00e9silience lui permettant de r\u00e9aliser ses ambitions ici m\u00eame, au S\u00e9n\u00e9gal, afin qu&rsquo;elle n\u2019ait plus \u00e0 risquer sa vie dans des p\u00e9riples incertains.<\/p>\n\n\n\n<p>Fait le 17 septembre 2024, \u00e0 Dakar,<\/p>\n\n\n\n<p>Les signataires :<\/p>\n\n\n\n<p>Action pour les Droits Humains et l\u2019Amiti\u00e9 (ADHA) : M. Adama Mbengue<br>Enda Ecopole : M. Oumar Tandian<br><\/p>\n","protected":false},"excerpt":{"rendered":"<p>Communiqu\u00e9- Action pour les Droits Humains et l\u2019Amiti\u00e9 (ADHA) et ENDA Ecopole expriment leur profonde tristesse, douleur et indignation face<\/p>\n","protected":false},"author":1,"featured_media":38959,"comment_status":"open","ping_status":"open","sticky":false,"template":"","format":"standard","meta":{"footnotes":""},"categories":[21],"tags":[],"class_list":["post-42354","post","type-post","status-publish","format-standard","has-post-thumbnail","hentry","category-societe"],"_links":{"self":[{"href":"https:\/\/dekkbi.com\/index.php?rest_route=\/wp\/v2\/posts\/42354","targetHints":{"allow":["GET"]}}],"collection":[{"href":"https:\/\/dekkbi.com\/index.php?rest_route=\/wp\/v2\/posts"}],"about":[{"href":"https:\/\/dekkbi.com\/index.php?rest_route=\/wp\/v2\/types\/post"}],"author":[{"embeddable":true,"href":"https:\/\/dekkbi.com\/index.php?rest_route=\/wp\/v2\/users\/1"}],"replies":[{"embeddable":true,"href":"https:\/\/dekkbi.com\/index.php?rest_route=%2Fwp%2Fv2%2Fcomments&post=42354"}],"version-history":[{"count":3,"href":"https:\/\/dekkbi.com\/index.php?rest_route=\/wp\/v2\/posts\/42354\/revisions"}],"predecessor-version":[{"id":42384,"href":"https:\/\/dekkbi.com\/index.php?rest_route=\/wp\/v2\/posts\/42354\/revisions\/42384"}],"wp:featuredmedia":[{"embeddable":true,"href":"https:\/\/dekkbi.com\/index.php?rest_route=\/wp\/v2\/media\/38959"}],"wp:attachment":[{"href":"https:\/\/dekkbi.com\/index.php?rest_route=%2Fwp%2Fv2%2Fmedia&parent=42354"}],"wp:term":[{"taxonomy":"category","embeddable":true,"href":"https:\/\/dekkbi.com\/index.php?rest_route=%2Fwp%2Fv2%2Fcategories&post=42354"},{"taxonomy":"post_tag","embeddable":true,"href":"https:\/\/dekkbi.com\/index.php?rest_route=%2Fwp%2Fv2%2Ftags&post=42354"}],"curies":[{"name":"wp","href":"https:\/\/api.w.org\/{rel}","templated":true}]}}