{"id":42321,"date":"2024-09-18T09:33:50","date_gmt":"2024-09-18T09:33:50","guid":{"rendered":"https:\/\/dekkbi.com\/?p=42321"},"modified":"2024-09-18T09:48:32","modified_gmt":"2024-09-18T09:48:32","slug":"gestion-des-affaires-religieuses-au-senegal-quand-les-regimes-misent-sur-une-structure-etatique","status":"publish","type":"post","link":"https:\/\/dekkbi.com\/?p=42321","title":{"rendered":"Gestion des affaires religieuses au S\u00e9n\u00e9gal : quand les r\u00e9gimes misent sur une structure \u00e9tatique !"},"content":{"rendered":"\n<p><strong>Les pouvoirs qui se sont succ\u00e9d\u00e9 au S\u00e9n\u00e9gal ont essay\u00e9 de trouver un \u00e9l\u00e9ment f\u00e9d\u00e9rateur par la cr\u00e9ation d\u2019une structure de coordination des affaires religieuses. Du pr\u00e9sident Abdoulaye Wade \u00e0 Bassirou Domaye Faye, en passant par Macky Sall, chaque chef d\u2019Etat a essay\u00e9 d\u2019imprimer son label \u00e0 la gestion tr\u00e8s sp\u00e9ciale des affaires religieuses au S\u00e9n\u00e9gal.<\/strong><\/p>\n\n\n\n<p>\u00ab&nbsp;<em>D\u2019ici quelque temps, je mettrai la derni\u00e8re touche sur le choix de la personnalit\u00e9 qui fera, j\u2019en suis s\u00fbr, l\u2019unanimit\u00e9 pour coordonner la pratique religieuse au S\u00e9n\u00e9gal<\/em>&nbsp;\u00bb, &nbsp;a d\u00e9clar\u00e9 le pr\u00e9sident de la R\u00e9publique, Bassirou Diomaye Faye, en visite dans la cit\u00e9 religieuse de Tivaouane qui s\u2019appr\u00eatait \u00e0 c\u00e9l\u00e9brer la naissance du proph\u00e8te Mouhamed, le dimanche 15 septembre 2024. Selon Bassirou Diomaye Faye, \u00ab&nbsp;&nbsp;<em>il s\u2019agit de nommer une personnalit\u00e9 qui va parcourir tous les foyers religieux, afin de susciter une d\u00e9marche commune, qui conduit une vision qui rassemble en rassurant\u201d,&nbsp;<\/em>a indiqu\u00e9 le chef de l\u2019Etat.&nbsp; Le 17 avril dernier, en Conseil des ministres,&nbsp; il&nbsp; a \u00e9t\u00e9 d\u00e9cid\u00e9 la cr\u00e9ation d\u2019une Direction des Affaires religieuses log\u00e9e \u00e0 la Pr\u00e9sidence. La cr\u00e9ation d\u2019une direction pour les affaires a toujours \u00e9t\u00e9 constat\u00e9e au fil des r\u00e9gimes. Macky Sall avait ainsi cr\u00e9\u00e9 une Inspection des daara au sein du minist\u00e8re de l\u2019\u00c9ducation nationale qu\u2019il a par la suite transform\u00e9e en Direction log\u00e9e au sein du m\u00eame minist\u00e8re, quelques semaines avant son d\u00e9part, \u00e0 l\u2019issue de la deuxi\u00e8me \u00e9dition de la Journ\u00e9e des daara qu\u2019il a pr\u00e9sid\u00e9e \u00e0 Diamniadio. Cr\u00e9\u00e9e par un d\u00e9cret du 6 d\u00e9cembre 2023, cette Direction avait pour objectif de mat\u00e9rialiser&nbsp;<em>\u00ab&nbsp;la volont\u00e9 de l\u2019\u00c9tat de faire de la modernisation des daara un levier d\u2019inclusion et un socle primordial de valorisation du capital humain national&nbsp;\u00bb<\/em>, selon le communiqu\u00e9 du Conseil des ministres. Elle dev<s>r<\/s>ait ainsi d\u00e9rouler un programme de renforcement de capacit\u00e9s des acteurs professionnels pour \u00ab&nbsp;<em>donner des outils p\u00e9dagogiques aux ma\u00eetres coraniques<\/em>&nbsp;\u00bb, avait indiqu\u00e9 Macky Sall. Mieux, l\u2019ancien pr\u00e9sident de la R\u00e9publique, Macky Sall, pour maintenir de bons rapports avec les diff\u00e9rentes familles religieuses, avait un programme sp\u00e9cialement destin\u00e9 \u00e0 la modernisation des cit\u00e9s religieuses. Plusieurs infrastructures sont ainsi construites \u00e0 Tivaouane, Ndiassane, Kaolack, Popenguine entre autres.&nbsp; Les villes \u00e0 connotation religieuse ont \u00e9galement b\u00e9n\u00e9fici\u00e9 du programme d\u2019assainissement. A Touba plusieurs milliards ont \u00e9t\u00e9 investis dans la lutte contre les inondations et l\u2019assainissement.<\/p>\n\n\n\n<p>Abdoulaye Wade, pr\u00e9sident de la R\u00e9publique avait \u00e9galement nomm\u00e9 un ministre conseiller charg\u00e9 des Affaires religieuses en la personne de Feu Mamadou Bamba Ndiaye, journaliste. C\u2019\u00e9tait une premi\u00e8re au S\u00e9n\u00e9gal. &nbsp;Cette d\u00e9cision avait \u00e9t\u00e9 prise dans un contexte de controverse entre le chef de l\u2019Etat et des religieux, en rapport notamment avec la construction du monument de la Renaissance africaine.&nbsp; La cr\u00e9ation de ce minist\u00e8re sous Abdoulaye Wade est intervenue apr\u00e8s que Jean Paul Diaz, leader politique et opposant au r\u00e9gime, avait \u00e9t\u00e9 arr\u00eat\u00e9 \u00e0 la cath\u00e9drale alors qu\u2019il assistait \u00e0 une messe du vendredi saint.<\/p>\n\n\n\n<p><strong>FATOU NDIAYE<\/strong><br>SUDQUOTIDIEN<\/p>\n","protected":false},"excerpt":{"rendered":"<p>Les pouvoirs qui se sont succ\u00e9d\u00e9 au S\u00e9n\u00e9gal ont essay\u00e9 de trouver un \u00e9l\u00e9ment f\u00e9d\u00e9rateur par la cr\u00e9ation d\u2019une structure<\/p>\n","protected":false},"author":1,"featured_media":42334,"comment_status":"open","ping_status":"open","sticky":false,"template":"","format":"standard","meta":{"footnotes":""},"categories":[6],"tags":[],"class_list":["post-42321","post","type-post","status-publish","format-standard","has-post-thumbnail","hentry","category-politics"],"_links":{"self":[{"href":"https:\/\/dekkbi.com\/index.php?rest_route=\/wp\/v2\/posts\/42321","targetHints":{"allow":["GET"]}}],"collection":[{"href":"https:\/\/dekkbi.com\/index.php?rest_route=\/wp\/v2\/posts"}],"about":[{"href":"https:\/\/dekkbi.com\/index.php?rest_route=\/wp\/v2\/types\/post"}],"author":[{"embeddable":true,"href":"https:\/\/dekkbi.com\/index.php?rest_route=\/wp\/v2\/users\/1"}],"replies":[{"embeddable":true,"href":"https:\/\/dekkbi.com\/index.php?rest_route=%2Fwp%2Fv2%2Fcomments&post=42321"}],"version-history":[{"count":1,"href":"https:\/\/dekkbi.com\/index.php?rest_route=\/wp\/v2\/posts\/42321\/revisions"}],"predecessor-version":[{"id":42323,"href":"https:\/\/dekkbi.com\/index.php?rest_route=\/wp\/v2\/posts\/42321\/revisions\/42323"}],"wp:featuredmedia":[{"embeddable":true,"href":"https:\/\/dekkbi.com\/index.php?rest_route=\/wp\/v2\/media\/42334"}],"wp:attachment":[{"href":"https:\/\/dekkbi.com\/index.php?rest_route=%2Fwp%2Fv2%2Fmedia&parent=42321"}],"wp:term":[{"taxonomy":"category","embeddable":true,"href":"https:\/\/dekkbi.com\/index.php?rest_route=%2Fwp%2Fv2%2Fcategories&post=42321"},{"taxonomy":"post_tag","embeddable":true,"href":"https:\/\/dekkbi.com\/index.php?rest_route=%2Fwp%2Fv2%2Ftags&post=42321"}],"curies":[{"name":"wp","href":"https:\/\/api.w.org\/{rel}","templated":true}]}}