{"id":42312,"date":"2024-09-18T09:25:49","date_gmt":"2024-09-18T09:25:49","guid":{"rendered":"https:\/\/dekkbi.com\/?p=42312"},"modified":"2024-09-18T10:08:37","modified_gmt":"2024-09-18T10:08:37","slug":"les-propositions-economiques-de-cherif-salif-sy-au-gouvernement","status":"publish","type":"post","link":"https:\/\/dekkbi.com\/?p=42312","title":{"rendered":"\u00a0Les propositions \u00e9conomiques de Ch\u00e9rif Salif Sy au gouvernement"},"content":{"rendered":"\n<p>Dakar,  (APS) \u2013 L\u2019\u00e9conomiste Ch\u00e9rif Salif Sy, r\u00e9agissant aux perspectives \u00e9conomiques \u2018\u2019difficiles\u2019\u2019 relev\u00e9es par le Fonds mon\u00e9taire international (FMI), concernant le S\u00e9n\u00e9gal, fait plusieurs recommandations aux autorit\u00e9s du pays, dont la suppression progressive des subventions \u00e9nerg\u00e9tiques non cibl\u00e9es, la protection des couches vuln\u00e9rables et la fin des exon\u00e9rations fiscales ne pouvant pas stimuler l\u2019investissement et la croissance.<\/p>\n\n\n\n<p>Une mission du FMI ayant s\u00e9journ\u00e9 r\u00e9cemment \u00e0 Dakar a signal\u00e9 des perspectives macro\u00e9conomiques \u2018\u2019difficiles\u2019\u2019 pour le pays et pr\u00e9voit maintenant une croissance du PIB r\u00e9el de 6,0 % \u00e0 la fin de l\u2019ann\u00e9e. En juin, cette institution financi\u00e8re envisageait une croissance du PIB r\u00e9el de 7,1 % pour cette ann\u00e9e.<\/p>\n\n\n\n<p>Les fonctionnaires de l\u2019institution financi\u00e8re ont relev\u00e9 un ralentissement de l\u2019activit\u00e9 \u00e9conomique s\u00e9n\u00e9galaise au premier semestre de l\u2019ann\u00e9e et, en raison de \u2018\u2019perspectives difficiles\u2019\u2019 pour le reste de 2024, ont recommand\u00e9 aux autorit\u00e9s locales de recourir \u00e0 \u2018\u2019des mesures fortes\u2019\u2019. Dont la \u2018\u2019suppression progressive des subventions \u00e9nerg\u00e9tiques non-cibl\u00e9es et co\u00fbteuses\u2019\u2019.<\/p>\n\n\n\n<p>R\u00e9agissant au constat et aux recommandations du FMI, Ch\u00e9rif Salif Sy, dans une tribune publi\u00e9e mardi par le quotidien B\u00e9s Bi Le Jour, conseille au gouvernement s\u00e9n\u00e9galais, lui aussi, de veiller \u00e0 une \u2018\u2019suppression progressive des subventions \u00e9nerg\u00e9tiques non cibl\u00e9es\u2019\u2019.<\/p>\n\n\n\n<p>\u2018\u2019Il faut \u00e9laborer un plan pour r\u00e9duire progressivement les subventions \u00e9nerg\u00e9tiques g\u00e9n\u00e9rales, tout en prot\u00e9geant les m\u00e9nages vuln\u00e9rables\u2019\u2019, a \u00e9crit M. Sy.<\/p>\n\n\n\n<p>Il s\u2019agit essentiellement de subventions des prix de l\u2019\u00e9lectricit\u00e9, dont b\u00e9n\u00e9ficient certaines cat\u00e9gories sociales.<\/p>\n\n\n\n<p><strong>Une \u2018\u2019gestion prudente de la dette publique\u2019\u2019<\/strong><\/p>\n\n\n\n<p>\u2018\u2019La protection des populations vuln\u00e9rables\u2019\u2019 et le renforcement de la viabilit\u00e9 financi\u00e8re de la Soci\u00e9t\u00e9 nationale d\u2019\u00e9lectricit\u00e9 du S\u00e9n\u00e9gal, avec de nouveaux tarifs comprenant un volet social, font partie des propositions de Ch\u00e9rif Salif Sy.<\/p>\n\n\n\n<p>Il pense que le gouvernement ferait mieux aussi de \u2018\u2019maintenir et [de] renforcer les programmes sociaux pour att\u00e9nuer l\u2019impact des r\u00e9formes sur les m\u00e9nages \u00e0 faible revenu\u2019\u2019.<\/p>\n\n\n\n<p>\u2018\u2019Il faut r\u00e9\u00e9valuer les exon\u00e9rations fiscales existantes pour \u00e9liminer celles qui ne stimulent pas efficacement l\u2019investissement et la croissance\u2019\u2019, a propos\u00e9 l\u2019\u00e9conomiste, sugg\u00e9rant ensuite de \u2018\u2019renforcer l\u2019administration fiscale pour am\u00e9liorer la collecte des recettes\u2019\u2019.<\/p>\n\n\n\n<p>Il recommande aux pouvoirs publics d\u2019\u2018\u2019introduire des m\u00e9canismes de tarification refl\u00e9tant les co\u00fbts r\u00e9els de l\u2019\u00e9nergie\u2019\u2019 et d\u2019assurer une \u2018\u2019gestion prudente de la dette publique\u2019\u2019.<\/p>\n\n\n\n<p>\u2018\u2019\u00c9viter le recours \u00e0 des emprunts \u00e0 court terme co\u00fbteux, favorisant des sources de financement plus durables\u2019\u2019, et \u2018\u2019mettre en place une strat\u00e9gie de gestion de la dette visant \u00e0 r\u00e9duire le ratio dette\/PIB en dessous du seuil de 70 % de l\u2019UEMOA\u2019\u2019 font partie des propositions qu\u2019il fait au gouvernement.<\/p>\n\n\n\n<p><strong>Un \u2018\u2019apurement des impay\u00e9s envers les entreprises priv\u00e9es\u2019\u2019<\/strong><\/p>\n\n\n\n<p>Ch\u00e9rif Salif Sy sugg\u00e8re aussi aux autorit\u00e9s du pays de veiller \u00e0 la \u2018\u2019r\u00e9duction du d\u00e9ficit budg\u00e9taire\u2019\u2019, d\u2019\u2018\u2019identifier et [de] mettre en \u0153uvre des mesures d\u2019\u00e9conomie budg\u00e9taire pour r\u00e9duire les d\u00e9penses non prioritaires\u2019\u2019.<\/p>\n\n\n\n<p>\u2018\u2019Le d\u00e9ficit budg\u00e9taire pourrait d\u00e9passer 7,5 % du PIB, bien au-del\u00e0 des 3,9 % pr\u00e9vu initialement\u2019\u2019, si des mesures efficaces ne sont pas prises et mises en \u0153uvre, a pr\u00e9venu M. Sy, proposant d\u2019\u2018\u2019am\u00e9liorer l\u2019efficacit\u00e9 des d\u00e9penses publiques en renfor\u00e7ant les m\u00e9canismes de suivi et d\u2019\u00e9valuation\u2019\u2019.<\/p>\n\n\n\n<p>Il pr\u00e9conise un \u2018\u2019apurement des impay\u00e9s envers les entreprises priv\u00e9es\u2019\u2019 et conseille au gouvernement d\u2019\u2018\u2019effectuer un inventaire complet des impay\u00e9s\u2019\u2019, d\u2019\u2018\u2019\u00e9tablir un plan d\u2019apurement avec un calendrier transparent\u2019\u2019, d\u2019\u2018\u2019\u00e9viter l\u2019accumulation future d\u2019impay\u00e9s en am\u00e9liorant la planification budg\u00e9taire\u2019\u2019.<\/p>\n\n\n\n<p>Dans les recommandations faites au gouvernement par l\u2019\u00e9conomiste figure l\u2019\u2018\u2019acc\u00e9l\u00e9ration des r\u00e9formes structurelles\u2019\u2019.<\/p>\n\n\n\n<p>De m\u00eame faut-il, ajoute Ch\u00e9rif Salif Sy, \u2018\u2019finaliser la r\u00e9vision de la formule de tarification des produits p\u00e9troliers pour refl\u00e9ter les fluctuations du march\u00e9, avancer rapidement sur le diagnostic des co\u00fbts de production de l\u2019\u00e9lectricit\u00e9 et mettre en \u0153uvre les recommandations\u2019\u2019.<\/p>\n\n\n\n<p>CS\/ESF\/ASG<\/p>\n","protected":false},"excerpt":{"rendered":"<p>Dakar, (APS) \u2013 L\u2019\u00e9conomiste Ch\u00e9rif Salif Sy, r\u00e9agissant aux perspectives \u00e9conomiques \u2018\u2019difficiles\u2019\u2019 relev\u00e9es par le Fonds mon\u00e9taire international (FMI), concernant<\/p>\n","protected":false},"author":1,"featured_media":42313,"comment_status":"open","ping_status":"open","sticky":false,"template":"","format":"standard","meta":{"footnotes":""},"categories":[3],"tags":[],"class_list":["post-42312","post","type-post","status-publish","format-standard","has-post-thumbnail","hentry","category-event-more-news"],"_links":{"self":[{"href":"https:\/\/dekkbi.com\/index.php?rest_route=\/wp\/v2\/posts\/42312","targetHints":{"allow":["GET"]}}],"collection":[{"href":"https:\/\/dekkbi.com\/index.php?rest_route=\/wp\/v2\/posts"}],"about":[{"href":"https:\/\/dekkbi.com\/index.php?rest_route=\/wp\/v2\/types\/post"}],"author":[{"embeddable":true,"href":"https:\/\/dekkbi.com\/index.php?rest_route=\/wp\/v2\/users\/1"}],"replies":[{"embeddable":true,"href":"https:\/\/dekkbi.com\/index.php?rest_route=%2Fwp%2Fv2%2Fcomments&post=42312"}],"version-history":[{"count":3,"href":"https:\/\/dekkbi.com\/index.php?rest_route=\/wp\/v2\/posts\/42312\/revisions"}],"predecessor-version":[{"id":42352,"href":"https:\/\/dekkbi.com\/index.php?rest_route=\/wp\/v2\/posts\/42312\/revisions\/42352"}],"wp:featuredmedia":[{"embeddable":true,"href":"https:\/\/dekkbi.com\/index.php?rest_route=\/wp\/v2\/media\/42313"}],"wp:attachment":[{"href":"https:\/\/dekkbi.com\/index.php?rest_route=%2Fwp%2Fv2%2Fmedia&parent=42312"}],"wp:term":[{"taxonomy":"category","embeddable":true,"href":"https:\/\/dekkbi.com\/index.php?rest_route=%2Fwp%2Fv2%2Fcategories&post=42312"},{"taxonomy":"post_tag","embeddable":true,"href":"https:\/\/dekkbi.com\/index.php?rest_route=%2Fwp%2Fv2%2Ftags&post=42312"}],"curies":[{"name":"wp","href":"https:\/\/api.w.org\/{rel}","templated":true}]}}