{"id":42271,"date":"2024-09-17T10:27:04","date_gmt":"2024-09-17T10:27:04","guid":{"rendered":"https:\/\/dekkbi.com\/?p=42271"},"modified":"2024-09-17T11:59:36","modified_gmt":"2024-09-17T11:59:36","slug":"alpha-conde-a-quitte-istanbul-tabou-sur-la-destination-de-lancien-chef-de-letat","status":"publish","type":"post","link":"https:\/\/dekkbi.com\/?p=42271","title":{"rendered":"Alpha Cond\u00e9 a quitt\u00e9 Istanbul : tabou sur sa destination."},"content":{"rendered":"\n<p><\/p>\n\n\n\n<p>C\u2019est confirm\u00e9, Alpha Cond\u00e9 ne se trouve plus \u00e0 Istanbul en Turquie&nbsp;! L\u2019ancien Pr\u00e9sident guin\u00e9en qui a \u00e9t\u00e9 joint par Jeune Afrique affirme qu\u2019il se trouve bien \u00ab quelque part en Afrique \u00bb. Mais o\u00f9 se trouve-t-il pr\u00e9cis\u00e9ment en Afrique&nbsp;? Le champion du RPG arc-en-ciel garde soigneusement le myst\u00e8re. \u00ab Personne ne sait o\u00f9 je suis \u00bb, a-t-il dit aupr\u00e8s de la m\u00eame source.<\/p>\n\n\n\n<p>Nos confr\u00e8res croient savoir que la position actuelle du pr\u00e9sident d\u00e9chu n\u2019est ni le S\u00e9n\u00e9gal, ni la C\u00f4te d\u2019Ivoire, ni le Mali encore moins le Congo Brazzaville.<\/p>\n\n\n\n<p>\u00ab&nbsp;<em>L\u2019ex-chef d\u2019\u00c9tat s\u00e9journe dans un pays dirig\u00e9 par un pr\u00e9sident ami, \u00e0 partir duquel il effectue des allers-retours en Turquie, o\u00f9 il a conserv\u00e9 son pied-\u00e0-terre<\/em>&nbsp;\u00bb, mentionne le journal.<\/p>\n\n\n\n<p>Bien qu\u2019\u00e9loign\u00e9 de la Guin\u00e9e, Alpha Cond\u00e9 suit de pr\u00e8s l\u2019actualit\u00e9 sociopolitique de son pays. Il refuse de quitter la sc\u00e8ne politique o\u00f9 il donne r\u00e9guli\u00e8rement son avis sur certains sujets.<\/p>\n\n\n\n<p>C\u2019est \u00e0 travers une vid\u00e9o de moins de 30 secondes qu\u2019il a r\u00e9ussi \u00e0 nouveau \u00e0 braquer les projecteurs sur lui depuis 48heures. L\u2019ex dirigeant guin\u00e9en a signal\u00e9 sa pr\u00e9sence en Afrique tout en appelant ses compatriotes \u00e0 rester unis et solidaires pour b\u00e2tir un pays fort.<\/p>\n\n\n\n<p>SOURCE : SUDQUOTIDIEN<\/p>\n","protected":false},"excerpt":{"rendered":"<p>C\u2019est confirm\u00e9, Alpha Cond\u00e9 ne se trouve plus \u00e0 Istanbul en Turquie&nbsp;! L\u2019ancien Pr\u00e9sident guin\u00e9en qui a \u00e9t\u00e9 joint par<\/p>\n","protected":false},"author":1,"featured_media":28936,"comment_status":"open","ping_status":"open","sticky":false,"template":"","format":"standard","meta":{"footnotes":""},"categories":[51],"tags":[],"class_list":["post-42271","post","type-post","status-publish","format-standard","has-post-thumbnail","hentry","category-general"],"_links":{"self":[{"href":"https:\/\/dekkbi.com\/index.php?rest_route=\/wp\/v2\/posts\/42271","targetHints":{"allow":["GET"]}}],"collection":[{"href":"https:\/\/dekkbi.com\/index.php?rest_route=\/wp\/v2\/posts"}],"about":[{"href":"https:\/\/dekkbi.com\/index.php?rest_route=\/wp\/v2\/types\/post"}],"author":[{"embeddable":true,"href":"https:\/\/dekkbi.com\/index.php?rest_route=\/wp\/v2\/users\/1"}],"replies":[{"embeddable":true,"href":"https:\/\/dekkbi.com\/index.php?rest_route=%2Fwp%2Fv2%2Fcomments&post=42271"}],"version-history":[{"count":2,"href":"https:\/\/dekkbi.com\/index.php?rest_route=\/wp\/v2\/posts\/42271\/revisions"}],"predecessor-version":[{"id":42306,"href":"https:\/\/dekkbi.com\/index.php?rest_route=\/wp\/v2\/posts\/42271\/revisions\/42306"}],"wp:featuredmedia":[{"embeddable":true,"href":"https:\/\/dekkbi.com\/index.php?rest_route=\/wp\/v2\/media\/28936"}],"wp:attachment":[{"href":"https:\/\/dekkbi.com\/index.php?rest_route=%2Fwp%2Fv2%2Fmedia&parent=42271"}],"wp:term":[{"taxonomy":"category","embeddable":true,"href":"https:\/\/dekkbi.com\/index.php?rest_route=%2Fwp%2Fv2%2Fcategories&post=42271"},{"taxonomy":"post_tag","embeddable":true,"href":"https:\/\/dekkbi.com\/index.php?rest_route=%2Fwp%2Fv2%2Ftags&post=42271"}],"curies":[{"name":"wp","href":"https:\/\/api.w.org\/{rel}","templated":true}]}}