{"id":42268,"date":"2024-09-17T10:23:17","date_gmt":"2024-09-17T10:23:17","guid":{"rendered":"https:\/\/dekkbi.com\/?p=42268"},"modified":"2024-09-17T10:23:18","modified_gmt":"2024-09-17T10:23:18","slug":"danseuse-etoile-et-rescapee-de-la-guerre-en-sierra-leone-deces-a-29-ans-de-michaela-deprince","status":"publish","type":"post","link":"https:\/\/dekkbi.com\/?p=42268","title":{"rendered":"Danseuse \u00e9toile et rescap\u00e9e de la guerre en Sierra-Leone : D\u00e9c\u00e8s \u00e0 29 ans de Michaela DePrince"},"content":{"rendered":"\n<p><strong>Les proches de la danseuse ont annonc\u00e9 son d\u00e9c\u00e8s dans un message publi\u00e9 vendredi sur Instagram. La Sierra-L\u00e9onaise, rescap\u00e9e de la guerre, \u00e9tait la plus jeune premi\u00e8re danseuse du Dance Theatre de Harlem \u00e0 New York. Les causes de sa mort n\u2019ont pas \u00e9t\u00e9 d\u00e9voil\u00e9es.<\/strong><\/p>\n\n\n\n<p>\u00abC\u2019est avec le c\u0153ur lourd que nous apprenons la mort de la ballerine vedette Michaela Mabinty DePrince dont le talent artistique a touch\u00e9 d\u2019innombrables c\u0153urs et dont l\u2019esprit en a inspir\u00e9 tant d\u2019autres, laissant une marque ind\u00e9l\u00e9bile sur le monde du ballet et bien au-del\u00e0\u00bb, est-il \u00e9crit sur le compte de l\u2019artiste, sign\u00e9 \u00ab\u00e9quipe MDP\u00bb avec une photo de la jeune femme et son \u00e2ge. Le corps du&nbsp;ballet de Boston, la grande ville historique de la Nouvelle-Angleterre, sur la c\u00f4te nord-est des Etats-Unis, a \u00e9galement fait part sur Insta\u00adgram de son&nbsp;\u00abamour et soutien \u00e0 la famille de Michaela Mabinty DePrince (\u2026), une personne magnifique, une danseuse merveilleuse et qui nous manquera \u00e0 toutes et tous\u00bb. La jeune femme, symbole d\u2019espoir et de gr\u00e2ce,&nbsp;\u00ab\u00e9tait entr\u00e9e dans l\u2019histoire en devenant la plus jeune premi\u00e8re danseuse du Dance Theatre de Harlem (\u00e0 New York), avant de rejoindre les Pays-Bas pour danser avec le Ballet national n\u00e9erlandais, puis de donner un \u00e9lan \u00e0 sa carri\u00e8re avec le ballet de Boston en retournant aux Etats-Unis o\u00f9 ses performances ont continu\u00e9 de captiver le public\u00bb. Elle avait \u00e9t\u00e9 le sujet d\u2019un documentaire,&nbsp;Le concours de danse&nbsp;de Bess Kargman, sorti en 2012. En mars 2018, la m\u00e9gastar am\u00e9ricaine&nbsp;Madonna&nbsp;avait annonc\u00e9 la r\u00e9alisation d\u2019un long m\u00e9trage&nbsp;inspir\u00e9 de l\u2019histoire de Michaela DePrince. Le film, qui n\u2019a jamais vu le jour, devait \u00eatre adapt\u00e9 du livre autobiographique&nbsp;Taking Flight, publi\u00e9 en 2014.<\/p>\n\n\n\n<p>Orpheline de la guerre civile en Sierra-Leone (1991-2002), abandonn\u00e9e par son oncle, atteinte du vitiligo-maladie provoquant une d\u00e9pigmentation de la peau-, Michaela DePrince avait \u00e9t\u00e9 recueillie dans un orphelinat de son pays et adopt\u00e9e par un couple d\u2019Am\u00e9ricains. Devenue danseuse professionnelle, elle avait aussi int\u00e9gr\u00e9 le Joburg Ballet, le corps de ballet de Johan\u00adnesburg, en Afrique du Sud, avant de rejoindre les Pays-Bas et de retourner aux Etats-Unis.<br><strong>Le Figaro<\/strong><\/p>\n\n\n\n<p>SOURCE : LE QUOTIDIEN<\/p>\n","protected":false},"excerpt":{"rendered":"<p>Les proches de la danseuse ont annonc\u00e9 son d\u00e9c\u00e8s dans un message publi\u00e9 vendredi sur Instagram. La Sierra-L\u00e9onaise, rescap\u00e9e de<\/p>\n","protected":false},"author":1,"featured_media":42269,"comment_status":"open","ping_status":"open","sticky":false,"template":"","format":"standard","meta":{"footnotes":""},"categories":[51],"tags":[],"class_list":["post-42268","post","type-post","status-publish","format-standard","has-post-thumbnail","hentry","category-general"],"_links":{"self":[{"href":"https:\/\/dekkbi.com\/index.php?rest_route=\/wp\/v2\/posts\/42268","targetHints":{"allow":["GET"]}}],"collection":[{"href":"https:\/\/dekkbi.com\/index.php?rest_route=\/wp\/v2\/posts"}],"about":[{"href":"https:\/\/dekkbi.com\/index.php?rest_route=\/wp\/v2\/types\/post"}],"author":[{"embeddable":true,"href":"https:\/\/dekkbi.com\/index.php?rest_route=\/wp\/v2\/users\/1"}],"replies":[{"embeddable":true,"href":"https:\/\/dekkbi.com\/index.php?rest_route=%2Fwp%2Fv2%2Fcomments&post=42268"}],"version-history":[{"count":1,"href":"https:\/\/dekkbi.com\/index.php?rest_route=\/wp\/v2\/posts\/42268\/revisions"}],"predecessor-version":[{"id":42270,"href":"https:\/\/dekkbi.com\/index.php?rest_route=\/wp\/v2\/posts\/42268\/revisions\/42270"}],"wp:featuredmedia":[{"embeddable":true,"href":"https:\/\/dekkbi.com\/index.php?rest_route=\/wp\/v2\/media\/42269"}],"wp:attachment":[{"href":"https:\/\/dekkbi.com\/index.php?rest_route=%2Fwp%2Fv2%2Fmedia&parent=42268"}],"wp:term":[{"taxonomy":"category","embeddable":true,"href":"https:\/\/dekkbi.com\/index.php?rest_route=%2Fwp%2Fv2%2Fcategories&post=42268"},{"taxonomy":"post_tag","embeddable":true,"href":"https:\/\/dekkbi.com\/index.php?rest_route=%2Fwp%2Fv2%2Ftags&post=42268"}],"curies":[{"name":"wp","href":"https:\/\/api.w.org\/{rel}","templated":true}]}}