{"id":42263,"date":"2024-09-17T10:14:59","date_gmt":"2024-09-17T10:14:59","guid":{"rendered":"https:\/\/dekkbi.com\/?p=42263"},"modified":"2024-09-17T11:47:51","modified_gmt":"2024-09-17T11:47:51","slug":"situation-economique-alarmante-et-perspectives-macroeconomiques-sombres-aminata-toure-indexe-le-regime-de-macky-sall","status":"publish","type":"post","link":"https:\/\/dekkbi.com\/?p=42263","title":{"rendered":"Situation \u00e9conomique \u00ab\u00a0alarmante\u00a0\u00bb: Aminata Tour\u00e9 indexe le r\u00e9gime de Macky Sall"},"content":{"rendered":"\n<p><strong>Face \u00e0 la presse hier, lundi 16 septembre, Aminata Tour\u00e9, haute repr\u00e9sentante du Pr\u00e9sident de la R\u00e9publique Bassirou Diomaye Faye, s\u2019exprimant sur l\u2019actualit\u00e9 politique et \u00e9conomique du pays, a imput\u00e9 la situation \u00e9conomique \u00ab&nbsp;alarmante&nbsp;\u00bb \u00e0 l\u2019ancien r\u00e9gime, tout en appelant \u00e0 relativiser les conclusions du Fonds mon\u00e9taire international (FMI).<\/strong><\/p>\n\n\n\n<p>Le Fonds mon\u00e9taire international (FMI), rendant les conclusions de sa mission au S\u00e9n\u00e9gal, men\u00e9e du 5 au 12 septembre dernier, a, dans son communiqu\u00e9 final, laiss\u00e9 entendre que \u00ab l\u2019activit\u00e9 \u00e9conomique a ralenti au cours du premier semestre 2024 et que les perspectives demeurent difficiles pour le reste de l\u2019ann\u00e9e \u00bb. Une situation qui fait r\u00e9agir plus d\u2019un.<br>Dans ce contexte marqu\u00e9 par des enjeux politiques croissants, la nouvelle haute repr\u00e9sentante du pr\u00e9sident Bassirou Diomaye Faye, par ailleurs directrice de campagne de la coalition \u00ab&nbsp;Diomaye Pr\u00e9sident&nbsp;\u00bb, Aminata Tour\u00e9, a clairement affirm\u00e9 que la situation d\u00e9cri\u00e9e par le FMI r\u00e9sulte des mauvaises politiques \u00e9conomiques du pr\u00e9sident sortant, Macky Sall, tout en appelant \u00e0 nuancer les conclusions de l\u2019institution de Bretton Woods.<br>Pour \u00e9tayer ses propos, elle a d\u00e9clar\u00e9 que \u00ab le FMI est un partenaire comme tout autre du S\u00e9n\u00e9gal \u00bb, tout en soulignant que c\u2019est au \u00ab S\u00e9n\u00e9gal de d\u00e9finir sa politique \u00e9conomique et sociale en toute souverainet\u00e9 \u00bb.<br>Concernant le d\u00e9bat public sur cette question, l\u2019ancienne Premi\u00e8re ministre a d\u00e9plor\u00e9 certaines r\u00e9actions : \u00ab J\u2019entends certains soi-disant experts, qui n\u2019ont jamais suivi une heure de cours d\u2019\u00e9conomie, attribuer le dernier rapport provisoire du FMI \u00e0 notre r\u00e9gime. Mais ceux qui ont \u00e9tudi\u00e9 l\u2019\u00e9conomie savent que la th\u00e9orie du cycle \u00e9conomique s\u2019apprend en deuxi\u00e8me ann\u00e9e de facult\u00e9. Toutes les d\u00e9cisions ont leurs effets sur le long terme. \u00bb<br>Elle a ajout\u00e9 que \u00ab tout le monde savait que le pr\u00e9sident Macky Sall s\u2019occupait davantage de politique que d\u2019\u00e9conomie \u00bb. Selon elle, toutes les d\u00e9cisions \u00e9conomiques qu\u2019il prenait \u00ab visaient uniquement \u00e0 favoriser un troisi\u00e8me mandat \u00bb.<\/p>\n\n\n\n<p>De plus, elle a r\u00e9v\u00e9l\u00e9 que \u00ab Macky Sall avait m\u00eame envisag\u00e9 d\u2019octroyer des salaires \u00e0 vie \u00e0 d\u2019anciens ministres, juste avant de quitter le pouvoir \u00bb. Cependant, \u00ab c\u2019est le pr\u00e9sident Bassirou Diomaye Faye qui a annul\u00e9 ce d\u00e9cret \u00bb, a-t-elle pr\u00e9cis\u00e9. Et de poursuivre : \u00ab Imaginez combien d\u2019anciens ministres compte le S\u00e9n\u00e9gal et combien cela aurait co\u00fbt\u00e9 \u00e0 l\u2019\u00c9tat. Cela montre bien que l\u2019\u00e9conomie ne l\u2019int\u00e9ressait pas \u00bb, a conclu Aminata Tour\u00e9.<\/p>\n\n\n\n<p>Il est utile de rappeler qu\u2019une \u00e9quipe du Fonds mon\u00e9taire international (FMI), dirig\u00e9e par M. Edward Gemayel, a effectu\u00e9 une mission au S\u00e9n\u00e9gal du 5 au 12 septembre 2024 afin de poursuivre les discussions entam\u00e9es en juin concernant le programme \u00e9conomique des autorit\u00e9s, soutenu par les accords de la Facilit\u00e9 \u00e9largie de cr\u00e9dit (FEC) et du M\u00e9canisme \u00e9largi de cr\u00e9dit (MEDC) du FMI, pour un montant de 1 132,6 millions de DTS (environ 1,5 milliard de dollars am\u00e9ricains), combin\u00e9s avec la Facilit\u00e9 pour la r\u00e9silience et la durabilit\u00e9 (FRD) de 242,7 millions de DTS (environ 320 millions de dollars am\u00e9ricains). Ces accords FEC\/MEDC et FRD ont \u00e9t\u00e9 approuv\u00e9s par le Conseil d\u2019administration du FMI le 26 juin 2023.<br>\u00c0 l\u2019issue de cette mission, l\u2019institution de Bretton Woods a d\u00e9clar\u00e9 que \u00ab l\u2019\u00e9conomie s\u00e9n\u00e9galaise a enregistr\u00e9 une croissance plus lente que pr\u00e9vue au cours du premier semestre de 2024. La croissance du PIB r\u00e9el s\u2019est \u00e9tablie \u00e0 2,3 % au premier trimestre, et les indicateurs de conjoncture sugg\u00e8rent un ralentissement similaire au deuxi\u00e8me trimestre \u00bb. Quant aux perspectives macro\u00e9conomiques pour le reste de l\u2019ann\u00e9e 2024, le FMI soutient qu\u2019elles \u00ab restent difficiles\u00bb.<\/p>\n\n\n\n<p><strong>JEAN PIERRE MALOU<\/strong><\/p>\n\n\n\n<p>SOURCE : SUDQUOTIDIEN<\/p>\n","protected":false},"excerpt":{"rendered":"<p>Face \u00e0 la presse hier, lundi 16 septembre, Aminata Tour\u00e9, haute repr\u00e9sentante du Pr\u00e9sident de la R\u00e9publique Bassirou Diomaye Faye,<\/p>\n","protected":false},"author":1,"featured_media":11393,"comment_status":"open","ping_status":"open","sticky":false,"template":"","format":"standard","meta":{"footnotes":""},"categories":[3],"tags":[],"class_list":["post-42263","post","type-post","status-publish","format-standard","has-post-thumbnail","hentry","category-event-more-news"],"_links":{"self":[{"href":"https:\/\/dekkbi.com\/index.php?rest_route=\/wp\/v2\/posts\/42263","targetHints":{"allow":["GET"]}}],"collection":[{"href":"https:\/\/dekkbi.com\/index.php?rest_route=\/wp\/v2\/posts"}],"about":[{"href":"https:\/\/dekkbi.com\/index.php?rest_route=\/wp\/v2\/types\/post"}],"author":[{"embeddable":true,"href":"https:\/\/dekkbi.com\/index.php?rest_route=\/wp\/v2\/users\/1"}],"replies":[{"embeddable":true,"href":"https:\/\/dekkbi.com\/index.php?rest_route=%2Fwp%2Fv2%2Fcomments&post=42263"}],"version-history":[{"count":2,"href":"https:\/\/dekkbi.com\/index.php?rest_route=\/wp\/v2\/posts\/42263\/revisions"}],"predecessor-version":[{"id":42305,"href":"https:\/\/dekkbi.com\/index.php?rest_route=\/wp\/v2\/posts\/42263\/revisions\/42305"}],"wp:featuredmedia":[{"embeddable":true,"href":"https:\/\/dekkbi.com\/index.php?rest_route=\/wp\/v2\/media\/11393"}],"wp:attachment":[{"href":"https:\/\/dekkbi.com\/index.php?rest_route=%2Fwp%2Fv2%2Fmedia&parent=42263"}],"wp:term":[{"taxonomy":"category","embeddable":true,"href":"https:\/\/dekkbi.com\/index.php?rest_route=%2Fwp%2Fv2%2Fcategories&post=42263"},{"taxonomy":"post_tag","embeddable":true,"href":"https:\/\/dekkbi.com\/index.php?rest_route=%2Fwp%2Fv2%2Ftags&post=42263"}],"curies":[{"name":"wp","href":"https:\/\/api.w.org\/{rel}","templated":true}]}}