{"id":42236,"date":"2024-09-17T09:24:36","date_gmt":"2024-09-17T09:24:36","guid":{"rendered":"https:\/\/dekkbi.com\/?p=42236"},"modified":"2024-09-17T09:24:36","modified_gmt":"2024-09-17T09:24:36","slug":"mbour-selon-lancien-premier-ministre-sidiki-kaba-lemigration-irreguliere-est-un-phenomene-complexe-a-analyser-en-profondeur","status":"publish","type":"post","link":"https:\/\/dekkbi.com\/?p=42236","title":{"rendered":"MBOUR &#8211; selon l\u2019ancien premier ministre Sidiki Kaba: \u00abL\u2019\u00e9migration irr\u00e9guli\u00e8re est un ph\u00e9nom\u00e8ne complexe \u00e0 analyser en profondeur\u00bb"},"content":{"rendered":"\n<p>\u00ab\u00a0<em>C\u2019est un ph\u00e9nom\u00e8ne qui est tr\u00e8s s\u00e9rieux et complexe. Je pense qu\u2019il faut l\u2019analyser beaucoup plus en profondeur .Il recouvre \u00e9norm\u00e9ment de choses, un volet individuel , un volet social, un volet familial et beaucoup d\u2019autres consid\u00e9rations qu\u2019il faut mettre sur la table \u00a0pour mieux essayer de le cerner\u00a0puisqu\u2019il s\u2019agit de notre jeunesse que nous perdons dans la mer qui devient un cimeti\u00e8re\u00bb<\/em>. Ces mots sont des consid\u00e9rations faites par l\u2019ancien pr\u00e9sident Sidiki Kaba,\u00a0\u00e0 Mbour, sur l\u2019\u00e9migration irr\u00e9guli\u00e8re. <\/p>\n\n\n\n<p>En effet, ce dernier \u00e9tait \u00e0 Mbour, au cours du week-end \u00e0 la t\u00eate d\u2019une forte d\u00e9l\u00e9gation de Benno Bokk Yakaar pour rendre visite aux parents des victimes de la pirogue ayant chavir\u00e9 aux larges des c\u00f4tes mbouroises et transportant 86 personnes et pour rendre visite aussi \u00e0 la Collectivit\u00e9 Mandingue.<\/p>\n\n\n\n<p>Les responsables Sidiki Kaba, Maitre Omar Ndiaye, Seydou Gu\u00e8ye, Awa Gu\u00e8ye, Cheikh Issa Sall, le maire de Mbour et Demba Sow, le repr\u00e9sentant du d\u00e9put\u00e9 Omar Sy ont adress\u00e9 un message de condol\u00e9ances du pr\u00e9sident Macky Sall aux familles des victimes d\u2019une part et d\u2019autre part, ont port\u00e9\u00a0les\u00a0 mots de ce dernier \u00e0 l\u2019endroit de la Collectivit\u00e9 Mandingue, investie dans la mission d\u2019initier et d\u2019\u00e9duquer, aux valeurs et vertus pr\u00e9parant l\u2019homme \u00e0 la vie. <\/p>\n\n\n\n<p>Sur les relations entre le pr\u00e9sident Macky Sall et la Collectivit\u00e9 Mandingue, le pr\u00e9sident sortant a expliqu\u00e9 que ce sont des liens tr\u00e8s forts. A la qu\u00eate du pouvoir, \u00a0il a \u00e9t\u00e9 proche de la CM, aux affaires cela a continu\u00e9\u00a0et aujourd\u2018hui, il insiste sur cet attachement qui reste encore ind\u00e9fectible.<\/p>\n\n\n\n<p> L\u2019ancien Premier Ministre Sidiki Kaba, le chef de la d\u00e9l\u00e9gation, a pr\u00e9sent\u00e9 doublement des condol\u00e9ances aux familles des victimes, suite au chavirement d\u2019une pirogue de migrants faisant une quarantaine de morts et des disparus et particuli\u00e8rement \u00e0 Cheikh Issa Sall qui a perdu son fr\u00e8re et des membres de sa famille dans cette trag\u00e9die.<\/p>\n\n\n\n<p>Selon ses propos, le deuil est partag\u00e9 par tous et c\u2019est un deuil national. \u00ab\u00a0Des pri\u00e8res sont prononc\u00e9es pour ceux qui sont d\u00e9c\u00e9d\u00e9s et que Dieu leur r\u00e9serve le paradis\u00a0\u00bb, son souhait est\u00a0qu\u2019un pareil drame ne se reproduise plus.<\/p>\n\n\n\n<p><strong>SAMBA NIEBE BA<\/strong><\/p>\n\n\n\n<p>SUDQUOTIDIEN<\/p>\n","protected":false},"excerpt":{"rendered":"<p>\u00ab\u00a0C\u2019est un ph\u00e9nom\u00e8ne qui est tr\u00e8s s\u00e9rieux et complexe. Je pense qu\u2019il faut l\u2019analyser beaucoup plus en profondeur .Il recouvre<\/p>\n","protected":false},"author":1,"featured_media":2997,"comment_status":"open","ping_status":"open","sticky":false,"template":"","format":"standard","meta":{"footnotes":""},"categories":[21],"tags":[],"class_list":["post-42236","post","type-post","status-publish","format-standard","has-post-thumbnail","hentry","category-societe"],"_links":{"self":[{"href":"https:\/\/dekkbi.com\/index.php?rest_route=\/wp\/v2\/posts\/42236","targetHints":{"allow":["GET"]}}],"collection":[{"href":"https:\/\/dekkbi.com\/index.php?rest_route=\/wp\/v2\/posts"}],"about":[{"href":"https:\/\/dekkbi.com\/index.php?rest_route=\/wp\/v2\/types\/post"}],"author":[{"embeddable":true,"href":"https:\/\/dekkbi.com\/index.php?rest_route=\/wp\/v2\/users\/1"}],"replies":[{"embeddable":true,"href":"https:\/\/dekkbi.com\/index.php?rest_route=%2Fwp%2Fv2%2Fcomments&post=42236"}],"version-history":[{"count":1,"href":"https:\/\/dekkbi.com\/index.php?rest_route=\/wp\/v2\/posts\/42236\/revisions"}],"predecessor-version":[{"id":42237,"href":"https:\/\/dekkbi.com\/index.php?rest_route=\/wp\/v2\/posts\/42236\/revisions\/42237"}],"wp:featuredmedia":[{"embeddable":true,"href":"https:\/\/dekkbi.com\/index.php?rest_route=\/wp\/v2\/media\/2997"}],"wp:attachment":[{"href":"https:\/\/dekkbi.com\/index.php?rest_route=%2Fwp%2Fv2%2Fmedia&parent=42236"}],"wp:term":[{"taxonomy":"category","embeddable":true,"href":"https:\/\/dekkbi.com\/index.php?rest_route=%2Fwp%2Fv2%2Fcategories&post=42236"},{"taxonomy":"post_tag","embeddable":true,"href":"https:\/\/dekkbi.com\/index.php?rest_route=%2Fwp%2Fv2%2Ftags&post=42236"}],"curies":[{"name":"wp","href":"https:\/\/api.w.org\/{rel}","templated":true}]}}