{"id":42233,"date":"2024-09-17T09:21:57","date_gmt":"2024-09-17T09:21:57","guid":{"rendered":"https:\/\/dekkbi.com\/?p=42233"},"modified":"2024-09-17T09:21:58","modified_gmt":"2024-09-17T09:21:58","slug":"point-de-presse-de-la-presidente-du-mouvement-pour-lindependance-le-merite-et-lintegrite-mimi","status":"publish","type":"post","link":"https:\/\/dekkbi.com\/?p=42233","title":{"rendered":"Point de presse de la pr\u00e9sidente du mouvement pour l\u2019ind\u00e9pendance, le m\u00e9rite et l\u2019int\u00e9grit\u00e9 (MIMI),"},"content":{"rendered":"\n<h2 class=\"wp-block-heading\">Reddition des comptes : \u00ab Ce n&rsquo;est pas une chasse aux sorci\u00e8res, mais une chasse aux Adou Kalpe. \u00bb<\/h2>\n\n\n\n<p>Pour Aminata Tour\u00e9, pr\u00e9sidente de la coalition Mimi 2024, la reddition des comptes doit \u00eatre faite le plus t\u00f4t possible. Faisant face \u00e0 la presse, ce lundi 16 septembre 2024, le haut repr\u00e9sentant du pr\u00e9sident de la R\u00e9publique souligne qu&rsquo;il n&rsquo;y a pas de \u00ab chasse aux sorci\u00e8res \u00bb, mais une chasse aux \u00ab Adou Kalp\u00e9 \u00bb, parlant de ceux qui sont \u00e9pingl\u00e9s dans les rapports\u2026 notamment dans le dossier de la Covid.\u00a0<br>\u00a0<br>\u00ab Le dossier de la COVID doit \u00eatre tir\u00e9 au clair. \u00bb Ce sont des centaines de millions qui sont concern\u00e9s et qui \u00e9taient destin\u00e9s \u00e0 la population S\u00e9n\u00e9galaise. Les gens doivent rendre des comptes. Le procureur doit acc\u00e9l\u00e9rer la cadence\u2026 \u00bb, a martel\u00e9 Aminata Tour\u00e9, ancienne PM et par ailleurs membre de la coalition Diomaye Pr\u00e9sident.\u00a0<\/p>\n\n\n\n<h2 class=\"wp-block-heading\">Mimi Tour\u00e9 \u00e0 Amadou B\u00e2 : \u00ab Il faut parler des anciennes responsabilit\u00e9s avant la nouvelle\u2026 \u00bb<\/h2>\n\n\n\n<p>L\u2019ancien premier ministre Aminata Tour\u00e9 a point\u00e9 du doigt la gestion d\u2019un de ses ex-membres du gouvernement lors du r\u00e9gime de Macky Sall. Aminata Tour\u00e9 d\u00e9coche ses fl\u00e8ches devant l\u2019ancien ministre des finances Amadou B\u00e2, actuellement, initiateur de la \u00ab\u00a0nouvelle responsabilit\u00e9\u00a0\u00bb. \u00ab\u00a0Il est responsable de beaucoup de choses quand il a \u00e9t\u00e9 ministre des finances. Il faut vous justifier et donner des explications sur les origines de votre fortune. Vous \u00e9tiez un fonctionnaire et moi qui vous parle, avait plus de comp\u00e9tences et de background que vous. Avant de nous parler de la nouvelle responsabilit\u00e9, il faut parler de vos anciennes responsabilit\u00e9s notamment quand vous \u00e9tiez ministre des finances\u00a0\u00bb, a lanc\u00e9 Mimi face \u00e0 la presse ce lundi. Pour avoir \u00e9t\u00e9 son chef dans un gouvernement, Aminata Tour\u00e9 invite Amadou B\u00e2 qui semble prendre ses marques pour engager les prochaines \u00e9lections l\u00e9gislatives, \u00e0 se justifier avant de pr\u00e9tendre \u00e0 briguer le suffrage des s\u00e9n\u00e9galais.\u00a0<\/p>\n\n\n\n<h2 class=\"wp-block-heading\">Loi d\u2019amnistie : Aminata Tour\u00e9 favorable \u00e0 son abrogation d\u00e8s l\u2019installation d\u2019une nouvelle assembl\u00e9e<\/h2>\n\n\n\n<p>La pr\u00e9sidente du mouvement pour l\u2019ind\u00e9pendance, le m\u00e9rite et l\u2019int\u00e9grit\u00e9 (MIMI), lors d\u2019une d\u00e9claration devant la presse ce lundi, a appel\u00e9 le nouveau r\u00e9gime \u00e0 porter le projet de loi visant \u00e0 abroger la loi sur l\u2019amnistie vot\u00e9e par la pr\u00e9c\u00e9dente l\u00e9gislature. \u00ab Cette loi d\u2019amnistie qui est injustifi\u00e9e doit \u00eatre abrog\u00e9e pour que justice soit enfin rendue. Il faut savoir que c\u2019est une exigence du droit p\u00e9nal international.<\/p>\n\n\n\n<p>La cha\u00eene de responsabilit\u00e9 doit \u00eatre suivie \u00e0 la lettre. En tant que militante des droits humains, c\u2019est ma position&nbsp;\u00bb a d\u00e9clar\u00e9 le haut repr\u00e9sentant du pr\u00e9sident de la R\u00e9publique Aminata Tour\u00e9 qui, par ailleurs, f\u00e9licite le pr\u00e9sident Bassirou Diomaye Faye pour cette \u0153uvre qu\u2019elle qualifie de \u00ab&nbsp;salubrit\u00e9 publique&nbsp;\u00bb. \u00c0 en croire Aminata Tour\u00e9, l\u2019assembl\u00e9e nationale \u00e9tait un lieu de d\u00e9shonneur. \u00ab&nbsp;Nous n\u2019avons jamais eu une assembl\u00e9e comme celle qui vient d\u2019\u00eatre dissoute. Il faut se f\u00e9liciter de cette initiative du chef de l\u2019\u00c9tat.<\/p>\n\n\n\n<p>Mais le pr\u00e9sident Macky Sall a pr\u00e9f\u00e9r\u00e9 mettre dans cette assembl\u00e9e des \u00ab&nbsp;insulteurs&nbsp;\u00bb. Personnellement, j\u2019ai toujours d\u00e9fendu cette position qui consiste \u00e0&nbsp;ne pas inviter le premier ministre \u00e0 venir devant cette assembl\u00e9e pour pr\u00e9senter sa d\u00e9claration de politique g\u00e9n\u00e9rale (DPG) qui risquerait de se tenir devant une assembl\u00e9e impopulaire&nbsp;\u00bb, a t-elle ajout\u00e9 regrettant que la 14e l\u00e9gislature \u00ab&nbsp;qui a toujours viol\u00e9 la loi et le r\u00e8glement int\u00e9rieur&nbsp;\u00bb. \u00ab&nbsp;Elle ne m\u00e9ritait pas que le premier ministre fasse devant elle sa d\u00e9claration de politique g\u00e9n\u00e9rale&nbsp;\u00bb, conclut l\u2019ancien parlementaire de la 14e l\u00e9gislature.&nbsp;<\/p>\n\n\n\n<h2 class=\"wp-block-heading\">Rapport du FMI : \u00ab Leurs paroles ne sont pas de l&rsquo;eau de Zam-zam \u00bb. \u00a0<\/h2>\n\n\n\n<p>L&rsquo;ancien Premier ministre a donn\u00e9 son avis sur le rapport provisoire du Fonds mon\u00e9taire international (FMI) qui a alert\u00e9 sur la situation alarmante du S\u00e9n\u00e9gal.&nbsp;<br>\u00ab\u00a0Le FMI est un parmi nos partenaires comme les autres\u00a0\u00bb. Je voulais pr\u00e9ciser que les paroles du FMI ne sont pas de l&rsquo;eau de Zam-zam qu&rsquo;il nous faut boire. On ne doit pas croire tout ce qu&rsquo;ils disent, a martel\u00e9 Aminata Tour\u00e9.<br><br>Avant d&rsquo;ajouter : \u00ab Les d\u00e9cisions \u00e9conomiques rel\u00e8vent de la souverainet\u00e9 de notre pays et de nos dirigeants \u00bb. C&rsquo;est nous qui d\u00e9veloppons notre pays et personne d&rsquo;autre. \u00bb La pr\u00e9sidente de Mimi 2024 estime que \u00ab ce n&rsquo;est pas un gouvernement qui a fait moins de 6 mois qui va \u00eatre responsable d&rsquo;une situation \u00e9conomique telle que d\u00e9crite par le FMI et qui a d\u00e9marr\u00e9 avant la venue de ce r\u00e9gime \u00bb, mart\u00e8le le Haut Repr\u00e9sentant du Pr\u00e9sident de la R\u00e9publique.&nbsp;<br><br>Aminata Tour\u00e9 raille l&rsquo;opposition qui semble imputer le rapport du FMI au r\u00e9gime de Diomaye. \u00ab J&rsquo;entends certains docteurs, surtout ceux qui n&rsquo;ont jamais fait une seule heure de classe d&rsquo;\u00e9conomie, imputer le dernier rapport provisoire du FMI \u00e0 notre r\u00e9gime. \u00bb Toutes les d\u00e9cisions \u00e9conomiques ont leur effet sur une longue p\u00e9riode\u2026 Tout le monde sait que Macky Sall ne s&rsquo;occupait plus d&rsquo;\u00e9conomie, mais de politique. Les cons\u00e9quences \u00e9conomiques du Covid peuvent t\u00e9moigner sur la situation \u00e9conomique au S\u00e9n\u00e9gal et ce qui se passe par rapport au rapport du FMI.&nbsp;<\/p>\n\n\n\n<p><\/p>\n\n\n\n<p>SOURCE DAKARACTU<\/p>\n","protected":false},"excerpt":{"rendered":"<p>Reddition des comptes : \u00ab Ce n&rsquo;est pas une chasse aux sorci\u00e8res, mais une chasse aux Adou Kalpe. \u00bb Pour<\/p>\n","protected":false},"author":1,"featured_media":42234,"comment_status":"open","ping_status":"open","sticky":false,"template":"","format":"standard","meta":{"footnotes":""},"categories":[6],"tags":[],"class_list":["post-42233","post","type-post","status-publish","format-standard","has-post-thumbnail","hentry","category-politics"],"_links":{"self":[{"href":"https:\/\/dekkbi.com\/index.php?rest_route=\/wp\/v2\/posts\/42233","targetHints":{"allow":["GET"]}}],"collection":[{"href":"https:\/\/dekkbi.com\/index.php?rest_route=\/wp\/v2\/posts"}],"about":[{"href":"https:\/\/dekkbi.com\/index.php?rest_route=\/wp\/v2\/types\/post"}],"author":[{"embeddable":true,"href":"https:\/\/dekkbi.com\/index.php?rest_route=\/wp\/v2\/users\/1"}],"replies":[{"embeddable":true,"href":"https:\/\/dekkbi.com\/index.php?rest_route=%2Fwp%2Fv2%2Fcomments&post=42233"}],"version-history":[{"count":1,"href":"https:\/\/dekkbi.com\/index.php?rest_route=\/wp\/v2\/posts\/42233\/revisions"}],"predecessor-version":[{"id":42235,"href":"https:\/\/dekkbi.com\/index.php?rest_route=\/wp\/v2\/posts\/42233\/revisions\/42235"}],"wp:featuredmedia":[{"embeddable":true,"href":"https:\/\/dekkbi.com\/index.php?rest_route=\/wp\/v2\/media\/42234"}],"wp:attachment":[{"href":"https:\/\/dekkbi.com\/index.php?rest_route=%2Fwp%2Fv2%2Fmedia&parent=42233"}],"wp:term":[{"taxonomy":"category","embeddable":true,"href":"https:\/\/dekkbi.com\/index.php?rest_route=%2Fwp%2Fv2%2Fcategories&post=42233"},{"taxonomy":"post_tag","embeddable":true,"href":"https:\/\/dekkbi.com\/index.php?rest_route=%2Fwp%2Fv2%2Ftags&post=42233"}],"curies":[{"name":"wp","href":"https:\/\/api.w.org\/{rel}","templated":true}]}}