{"id":42223,"date":"2024-09-17T09:04:43","date_gmt":"2024-09-17T09:04:43","guid":{"rendered":"https:\/\/dekkbi.com\/?p=42223"},"modified":"2024-09-17T09:04:43","modified_gmt":"2024-09-17T09:04:43","slug":"saint-louis-un-guide-religieux-invite-letat-a-mettre-fin-aux-derives-societales","status":"publish","type":"post","link":"https:\/\/dekkbi.com\/?p=42223","title":{"rendered":"Saint-Louis : un guide religieux invite l\u2019\u00c9tat \u00e0 mettre fin aux d\u00e9rives soci\u00e9tales"},"content":{"rendered":"\n<p>Saint-Louis, (APS) \u2013 L\u2019imam ratib Serigne El Hadji Mouhammedou Ciss\u00e9, Khalife de la famille de Serigne El Hadji Madior Ciss\u00e9 (1919-2007), a invit\u00e9 les autorit\u00e9s \u00e9tatiques \u00e0 mettre fin aux d\u00e9rives not\u00e9es dans la soci\u00e9t\u00e9.<\/p>\n\n\n\n<p>\u201dL\u2019\u00c9tat du S\u00e9n\u00e9gal doit prendre ses responsabilit\u00e9s pour mettre fin aux d\u00e9rives soci\u00e9tales. Le TikTok du S\u00e9n\u00e9gal est \u00e0 un niveau z\u00e9ro. L\u2019\u00c9tat doit revoir aussi l\u2019usage des r\u00e9seaux sociaux surtout chez les jeunes\u201d, a-t-il d\u00e9plor\u00e9 lors de la c\u00e9r\u00e9monie officielle du Gamou.<\/p>\n\n\n\n<p>Le fils de Serigne El Hadji Madior Ciss\u00e9 a aussi insist\u00e9 sur le ph\u00e9nom\u00e8ne du gaspillage lors des c\u00e9r\u00e9monies familiales.<\/p>\n\n\n\n<p>\u201dM\u00eame pour les mariages, il y a beaucoup de conflits de nos jours parce que le mat\u00e9rialisme a pris le dessus sur les bonnes valeurs qui doivent \u00eatre le socle d\u2019un mariage. Le gaspillage dans les c\u00e9r\u00e9monies familiales a atteint un niveau \u00e9lev\u00e9. C\u2019est \u00e0 bannir vraiment\u201d, a-t-il exhort\u00e9.<\/p>\n\n\n\n<p>Dans son message le religieux a \u00e9voqu\u00e9, entre autres, le conflit isra\u00e9lo-palestinien, appelant ainsi \u00e0 une solidarit\u00e9 du monde islamique avec les Palestiniens.<\/p>\n\n\n\n<p>Il a dans la foul\u00e9e magnifi\u00e9 le geste du Premier ministre, Ousmane Sonko, pour avoir pris part r\u00e9cemment \u00e0 une manifestation de soutien au peuple palestinien.<\/p>\n\n\n\n<p>L\u2019imam ratib de la mosqu\u00e9e Ihsaane sise au quartier Sud a aussi appel\u00e9 les nouvelles autorit\u00e9s notamment le ministre de l\u2019\u00c9ducation nationale \u00e0 revoir le syst\u00e8me \u00e9ducatif en proposant l\u2019introduction de l\u2019\u00e9ducation religieuse dans les programmes.<\/p>\n\n\n\n<p>Le religieux a profit\u00e9 de cette occasion pour revenir sur la vie et l\u2019\u0153uvre de son p\u00e8re, qui fut un grand \u00e9rudit musulman avant de rappeler que la ville de Saint-Louis a jou\u00e9 un r\u00f4le important dans l\u2019histoire du S\u00e9n\u00e9gal.<\/p>\n\n\n\n<p>Prenant part \u00e0 cette c\u00e9r\u00e9monie officielle qui s\u2019est d\u00e9roul\u00e9e dans la nuit de dimanche \u00e0 lundi, le gouverneur de la r\u00e9gion de Saint-Louis, Al Hassan Sall a livr\u00e9 un message de remerciement et sollicit\u00e9 des pri\u00e8res au nom du chef de l\u2019\u00c9tat.<\/p>\n\n\n\n<p>D\u00e9crit comme un Mouqaddam (grand disciple) de Serigne Babacar Sy (RTA), Serigne El Hadji Madior Ciss\u00e9 \u00e9tait un \u00e9rudit et chef religieux musulman appartenant \u00e0 la confr\u00e9rie tidjane du S\u00e9n\u00e9gal.<\/p>\n\n\n\n<p>Le Maouloud, c\u00e9l\u00e9br\u00e9 dans la nuit du 15 au 16 septembre, est un \u00e9v\u00e9nement religieux qui comm\u00e9more l\u2019anniversaire de la naissance du Proph\u00e8te Mouhamed (PSL).<\/p>\n","protected":false},"excerpt":{"rendered":"<p>Saint-Louis, (APS) \u2013 L\u2019imam ratib Serigne El Hadji Mouhammedou Ciss\u00e9, Khalife de la famille de Serigne El Hadji Madior Ciss\u00e9<\/p>\n","protected":false},"author":1,"featured_media":42224,"comment_status":"open","ping_status":"open","sticky":false,"template":"","format":"standard","meta":{"footnotes":""},"categories":[21],"tags":[],"class_list":["post-42223","post","type-post","status-publish","format-standard","has-post-thumbnail","hentry","category-societe"],"_links":{"self":[{"href":"https:\/\/dekkbi.com\/index.php?rest_route=\/wp\/v2\/posts\/42223","targetHints":{"allow":["GET"]}}],"collection":[{"href":"https:\/\/dekkbi.com\/index.php?rest_route=\/wp\/v2\/posts"}],"about":[{"href":"https:\/\/dekkbi.com\/index.php?rest_route=\/wp\/v2\/types\/post"}],"author":[{"embeddable":true,"href":"https:\/\/dekkbi.com\/index.php?rest_route=\/wp\/v2\/users\/1"}],"replies":[{"embeddable":true,"href":"https:\/\/dekkbi.com\/index.php?rest_route=%2Fwp%2Fv2%2Fcomments&post=42223"}],"version-history":[{"count":1,"href":"https:\/\/dekkbi.com\/index.php?rest_route=\/wp\/v2\/posts\/42223\/revisions"}],"predecessor-version":[{"id":42225,"href":"https:\/\/dekkbi.com\/index.php?rest_route=\/wp\/v2\/posts\/42223\/revisions\/42225"}],"wp:featuredmedia":[{"embeddable":true,"href":"https:\/\/dekkbi.com\/index.php?rest_route=\/wp\/v2\/media\/42224"}],"wp:attachment":[{"href":"https:\/\/dekkbi.com\/index.php?rest_route=%2Fwp%2Fv2%2Fmedia&parent=42223"}],"wp:term":[{"taxonomy":"category","embeddable":true,"href":"https:\/\/dekkbi.com\/index.php?rest_route=%2Fwp%2Fv2%2Fcategories&post=42223"},{"taxonomy":"post_tag","embeddable":true,"href":"https:\/\/dekkbi.com\/index.php?rest_route=%2Fwp%2Fv2%2Ftags&post=42223"}],"curies":[{"name":"wp","href":"https:\/\/api.w.org\/{rel}","templated":true}]}}