{"id":42219,"date":"2024-09-16T11:31:44","date_gmt":"2024-09-16T11:31:44","guid":{"rendered":"https:\/\/dekkbi.com\/?p=42219"},"modified":"2024-09-16T11:32:14","modified_gmt":"2024-09-16T11:32:14","slug":"le-mali-le-burkina-faso-et-le-niger-lancent-de-nouveaux-passeports-biometriques","status":"publish","type":"post","link":"https:\/\/dekkbi.com\/?p=42219","title":{"rendered":"Le Mali, le Burkina Faso et le Niger lancent de nouveaux passeports biom\u00e9triques"},"content":{"rendered":"\n<p>Le Mali, le Burkina Faso et le Niger vont bient\u00f4t lancer de nouveaux passeports biom\u00e9triques, a d\u00e9clar\u00e9 dimanche le chef militaire malien, le colonel Assimi Go\u00efta, ces Etats dirig\u00e9s par des juntes cherchant \u00e0 consolider leur alliance apr\u00e8s s&rsquo;\u00eatre s\u00e9par\u00e9s du bloc r\u00e9gional de la C\u00e9d\u00e9ao.<\/p>\n\n\n\n<p>\u00ab\u00a0Dans les jours qui viennent, un nouveau passeport biom\u00e9trique de l&rsquo;Alliance des Etats du Sahel (AES) sera mis en circulation, avec pour objectif d&rsquo;harmoniser les titres de voyages dans notre espace commun\u00a0\u00bb, a annonc\u00e9 le colonel Go\u00efta lors d&rsquo;une allocution t\u00e9l\u00e9vis\u00e9e dimanche soir.<\/p>\n\n\n\n<p>\u00ab\u00a0Nous travaillerons pour mettre en place les infrastructures n\u00e9cessaires afin de renforcer la connexion de nos territoires gr\u00e2ce aux transports, r\u00e9seaux de communication et des technologies de l&rsquo;information\u00a0\u00bb a-t-il poursuivi.<\/p>\n\n\n\n<p>Cette annonce a eu lieu la veille du premier anniversaire de la cr\u00e9ation de l&rsquo;Alliance des Etats du Sahel, groupe cr\u00e9\u00e9 en septembre 2023 par les trois pays apr\u00e8s la rupture de leurs liens avec la France &#8212; ex-puissance coloniale &#8212; et leur rapprochement avec la Russie.<\/p>\n\n\n\n<p>En janvier 2024, les trois alli\u00e9s se sont retir\u00e9s de la Communaut\u00e9 \u00e9conomique des Etats d&rsquo;Afrique de l&rsquo;Ouest (C\u00e9d\u00e9ao), l&rsquo;accusant d&rsquo;\u00eatre manipul\u00e9e par la France.<\/p>\n\n\n\n<p>En juillet, ils ont \u00e0 nouveau consolid\u00e9 leurs relations en cr\u00e9ant la Conf\u00e9d\u00e9ration des Etats du Sahel, regroupant 72 millions de personnes et qui sera pr\u00e9sid\u00e9e par le Mali lors de sa premi\u00e8re ann\u00e9e.<\/p>\n\n\n\n<p>Les trois pays ayant tous bascul\u00e9 sous un r\u00e9gime militaire \u00e0 la suite d&rsquo;une s\u00e9rie de coups d&rsquo;Etat ayant d\u00e9but\u00e9 en 2020 doivent lutter contre les violences djihadistes qui ont \u00e9clat\u00e9 dans le nord du Mali en 2012 et se sont propag\u00e9es au Niger et au Burkina Faso en 2015.<\/p>\n\n\n\n<p>Selon les estimations, ces troubles ont fait des milliers de morts et des millions de d\u00e9plac\u00e9s dans la r\u00e9gion.<\/p>\n\n\n\n<p>SOURCE DAKARACTU <\/p>\n","protected":false},"excerpt":{"rendered":"<p>Le Mali, le Burkina Faso et le Niger vont bient\u00f4t lancer de nouveaux passeports biom\u00e9triques, a d\u00e9clar\u00e9 dimanche le chef<\/p>\n","protected":false},"author":1,"featured_media":38098,"comment_status":"open","ping_status":"open","sticky":false,"template":"","format":"standard","meta":{"footnotes":""},"categories":[6],"tags":[],"class_list":["post-42219","post","type-post","status-publish","format-standard","has-post-thumbnail","hentry","category-politics"],"_links":{"self":[{"href":"https:\/\/dekkbi.com\/index.php?rest_route=\/wp\/v2\/posts\/42219","targetHints":{"allow":["GET"]}}],"collection":[{"href":"https:\/\/dekkbi.com\/index.php?rest_route=\/wp\/v2\/posts"}],"about":[{"href":"https:\/\/dekkbi.com\/index.php?rest_route=\/wp\/v2\/types\/post"}],"author":[{"embeddable":true,"href":"https:\/\/dekkbi.com\/index.php?rest_route=\/wp\/v2\/users\/1"}],"replies":[{"embeddable":true,"href":"https:\/\/dekkbi.com\/index.php?rest_route=%2Fwp%2Fv2%2Fcomments&post=42219"}],"version-history":[{"count":1,"href":"https:\/\/dekkbi.com\/index.php?rest_route=\/wp\/v2\/posts\/42219\/revisions"}],"predecessor-version":[{"id":42220,"href":"https:\/\/dekkbi.com\/index.php?rest_route=\/wp\/v2\/posts\/42219\/revisions\/42220"}],"wp:featuredmedia":[{"embeddable":true,"href":"https:\/\/dekkbi.com\/index.php?rest_route=\/wp\/v2\/media\/38098"}],"wp:attachment":[{"href":"https:\/\/dekkbi.com\/index.php?rest_route=%2Fwp%2Fv2%2Fmedia&parent=42219"}],"wp:term":[{"taxonomy":"category","embeddable":true,"href":"https:\/\/dekkbi.com\/index.php?rest_route=%2Fwp%2Fv2%2Fcategories&post=42219"},{"taxonomy":"post_tag","embeddable":true,"href":"https:\/\/dekkbi.com\/index.php?rest_route=%2Fwp%2Fv2%2Ftags&post=42219"}],"curies":[{"name":"wp","href":"https:\/\/api.w.org\/{rel}","templated":true}]}}