{"id":42215,"date":"2024-09-15T20:09:20","date_gmt":"2024-09-15T20:09:20","guid":{"rendered":"https:\/\/dekkbi.com\/?p=42215"},"modified":"2024-09-15T20:09:21","modified_gmt":"2024-09-15T20:09:21","slug":"dissolution-assemblee-nationale-ce-nest-pas-une-bonne-image-pour-le-senegal-sally-mamadou-thiam-ucs","status":"publish","type":"post","link":"https:\/\/dekkbi.com\/?p=42215","title":{"rendered":"Dissolution assembl\u00e9e nationale : \u00ab\u00a0Ce n&rsquo;est pas une bonne image pour le S\u00e9n\u00e9gal!\u00a0\u00bb (Sally Mamadou Thiam, UCS)"},"content":{"rendered":"\n<p>Les r\u00e9actions de la classe politique suite \u00e0 la dissolution de l&rsquo;Assembl\u00e9e nationale par le pr\u00e9sident de la R\u00e9publique s&rsquo;amplifient. L&rsquo;opposition parle de parjure du pr\u00e9sident Diomaye qui avait programm\u00e9 la DPG du PM avant de dissoudre l&rsquo;Assembl\u00e9e nationale.<\/p>\n\n\n\n<p> Selon Ma\u00eetre Sally Mamadou Thiam, responsable de l&rsquo;UCS, cette d\u00e9cision renvoie une mauvaise image du S\u00e9n\u00e9gal. \u00ab Cette dissolution n&rsquo;est pas une surprise. <\/p>\n\n\n\n<p>Ce qui me g\u00eane, c&rsquo;est acter la dissolution \u00e0 la veille de la d\u00e9claration de politique g\u00e9n\u00e9rale du Premier ministre. C&rsquo;est de la pure politique politicienne. Apr\u00e8s avoir d\u00e9missionn\u00e9 de son poste au sein de Pastef, il devrait se mettre au-dessus des contingences politiciennes \u00bb, note l&rsquo;adjoint au maire de Ourossogui et coordonnateur du mouvement local \u00ab NOUVEAU SOGUI \u00bb. <\/p>\n\n\n\n<p>Toutefois, il pr\u00e9cise que \u00ab ce n&rsquo;est pas une bonne image pour le S\u00e9n\u00e9gal. Quand le pr\u00e9sident prend un d\u00e9cret, il doit le respecter. Les raisons \u00e9voqu\u00e9es ne sont pas pertinentes. L&rsquo;assembl\u00e9e nationale a ses pr\u00e9rogatives comme lui aussi en a. La s\u00e9paration des pouvoirs doit \u00eatre respect\u00e9e. La v\u00e9rit\u00e9, est qu&rsquo;on a un Pm plus fort  politiquement que le pr\u00e9sident de la R\u00e9publique \u00bb, ce qui peut aussi se comprendre au vu du contexte, soutient ce membre des cadres de l&rsquo;Union des centristes du S\u00e9n\u00e9gal.<\/p>\n\n\n\n<p>SOURCE SENEGO<\/p>\n\n\n\n<p><\/p>\n","protected":false},"excerpt":{"rendered":"<p>Les r\u00e9actions de la classe politique suite \u00e0 la dissolution de l&rsquo;Assembl\u00e9e nationale par le pr\u00e9sident de la R\u00e9publique s&rsquo;amplifient.<\/p>\n","protected":false},"author":1,"featured_media":42120,"comment_status":"open","ping_status":"open","sticky":false,"template":"","format":"standard","meta":{"footnotes":""},"categories":[6],"tags":[],"class_list":["post-42215","post","type-post","status-publish","format-standard","has-post-thumbnail","hentry","category-politics"],"_links":{"self":[{"href":"https:\/\/dekkbi.com\/index.php?rest_route=\/wp\/v2\/posts\/42215","targetHints":{"allow":["GET"]}}],"collection":[{"href":"https:\/\/dekkbi.com\/index.php?rest_route=\/wp\/v2\/posts"}],"about":[{"href":"https:\/\/dekkbi.com\/index.php?rest_route=\/wp\/v2\/types\/post"}],"author":[{"embeddable":true,"href":"https:\/\/dekkbi.com\/index.php?rest_route=\/wp\/v2\/users\/1"}],"replies":[{"embeddable":true,"href":"https:\/\/dekkbi.com\/index.php?rest_route=%2Fwp%2Fv2%2Fcomments&post=42215"}],"version-history":[{"count":1,"href":"https:\/\/dekkbi.com\/index.php?rest_route=\/wp\/v2\/posts\/42215\/revisions"}],"predecessor-version":[{"id":42216,"href":"https:\/\/dekkbi.com\/index.php?rest_route=\/wp\/v2\/posts\/42215\/revisions\/42216"}],"wp:featuredmedia":[{"embeddable":true,"href":"https:\/\/dekkbi.com\/index.php?rest_route=\/wp\/v2\/media\/42120"}],"wp:attachment":[{"href":"https:\/\/dekkbi.com\/index.php?rest_route=%2Fwp%2Fv2%2Fmedia&parent=42215"}],"wp:term":[{"taxonomy":"category","embeddable":true,"href":"https:\/\/dekkbi.com\/index.php?rest_route=%2Fwp%2Fv2%2Fcategories&post=42215"},{"taxonomy":"post_tag","embeddable":true,"href":"https:\/\/dekkbi.com\/index.php?rest_route=%2Fwp%2Fv2%2Ftags&post=42215"}],"curies":[{"name":"wp","href":"https:\/\/api.w.org\/{rel}","templated":true}]}}