{"id":42188,"date":"2024-09-13T12:01:47","date_gmt":"2024-09-13T12:01:47","guid":{"rendered":"https:\/\/dekkbi.com\/?p=42188"},"modified":"2024-09-13T12:01:48","modified_gmt":"2024-09-13T12:01:48","slug":"au-havre-macron-et-philippe-affichent-leur-complicite-sur-fond-de-mesentente-latente","status":"publish","type":"post","link":"https:\/\/dekkbi.com\/?p=42188","title":{"rendered":"Au Havre, Macron et Philippe affichent leur complicit\u00e9 sur fond de m\u00e9sentente latente"},"content":{"rendered":"\n<p>Le pr\u00e9sident de la R\u00e9publique Emmanuel Macron et l&rsquo;ancien Premier ministre \u00c9douard Philippe se sont offert un bain de foule commun, jeudi au Havre. Ils ont affich\u00e9 une certaine complicit\u00e9, au moment o\u00f9 leur m\u00e9sentente latente refait surface avec la candidature du pr\u00e9sident d&rsquo;Horizons pour prendre la succession du chef de l&rsquo;\u00c9tat en 2027.<\/p>\n\n\n\n<p>Par : FRANCE 24<\/p>\n\n\n\n<p>Complicit\u00e9 r\u00e9elle ou de fa\u00e7ade entre\u00a0Emmanuel Macron\u00a0et\u00a0\u00c9douard Philippe\u00a0? Le chef de l&rsquo;\u00c9tat et l&rsquo;ancien Premier ministre se sont, en tout cas, offert un bain de foule commun jeudi 12\u00a0septembre au Havre, en marge d&rsquo;une c\u00e9r\u00e9monie comm\u00e9morant le 80<sup>e<\/sup>\u00a0anniversaire de la lib\u00e9ration de la ville portuaire.<\/p>\n\n\n\n<p>Quand le pr\u00e9sident de la R\u00e9publique s&rsquo;\u00e9lance vers les Havrais venus assister aux comm\u00e9morations de la lib\u00e9ration du port normand du joug nazi, en septembre 1944, le maire de la ville reste d&rsquo;abord en retrait. Quelques pas en arri\u00e8re, comme \u00e0 distance.<\/p>\n\n\n\n<p>Puis, par moments, il se rapproche d&rsquo;Emmanuel Macron, qui encha\u00eene les selfies. L&rsquo;atmosph\u00e8re se d\u00e9tend quand l&rsquo;ex-Premier ministre raconte, amus\u00e9, au chef de l&rsquo;\u00c9tat l&rsquo;\u00e9change qu&rsquo;il vient d&rsquo;avoir avec un enfant&nbsp;: \u00ab\u00a0Je lui ai dit &lsquo;la rentr\u00e9e \u00e7a rigole pas&rsquo;, et il me r\u00e9pond &lsquo;la v\u00f4tre non plus, \u00e7a rigole pas !'\u00a0\u00bb<\/p>\n\n\n\n<p>Leur rentr\u00e9e, de fait, a \u00e9t\u00e9 particuli\u00e8re. Le pr\u00e9sident l&rsquo;a pass\u00e9e \u00e0 chercher un Premier ministre susceptible de r\u00e9soudre le casse-t\u00eate d&rsquo;une Assembl\u00e9e nationale sans majorit\u00e9 depuis sa dissolution controvers\u00e9e. \u00c9douard Philippe, lui, a fait parler de lui en annon\u00e7ant le 3\u00a0septembre dans Le Point\u00a0sa candidature \u00ab\u00a0\u00e0 la prochaine pr\u00e9sidentielle\u00a0\u00bb.<\/p>\n\n\n\n<p>Ses ambitions n&rsquo;\u00e9taient un myst\u00e8re pour personne, et Emmanuel Macron ne peut de toutes mani\u00e8res pas briguer un troisi\u00e8me mandat. Pourtant, il a \u00e9t\u00e9 \u00ab\u00a0surpris\u00a0\u00bb par l&rsquo;interview, de l&rsquo;aveu d&rsquo;un proche. Par son timing \u00ab\u00a0d\u00e9cal\u00e9\u00a0\u00bb, et par sa formulation \u2013\u00a0le n\u00e9o-candidat s&rsquo;\u00e9tant dit pr\u00eat, y compris en cas de pr\u00e9sidentielle anticip\u00e9e\u00a0\u2013 autrement dit de d\u00e9mission du locataire de l&rsquo;\u00c9lys\u00e9e.<\/p>\n\n\n\n<p>\u00ab\u00a0Je ne suis pas du genre \u00e0 l\u00e2cher l&rsquo;affaire\u00a0\u00bb, a gliss\u00e9 ces derniers jours, en petit comit\u00e9, l&rsquo;actuel pr\u00e9sident, faisant savoir que sa succession ne serait en jeu qu&rsquo;en 2027, au bout de son mandat. De son c\u00f4t\u00e9, l&rsquo;ex-proche d&rsquo;Alain Jupp\u00e9 a r\u00e9fut\u00e9 toute \u00ab\u00a0entreprise de d\u00e9stabilisation\u00a0\u00bb.<\/p>\n\n\n\n<h2 class=\"wp-block-heading\">\u00ab\u00a0Faire les choses dans le bon ordre\u00a0\u00bb<\/h2>\n\n\n\n<p>Du coup, l&rsquo;heure est aux bons sentiments exprim\u00e9s en public.<\/p>\n\n\n\n<p>Soutient-il cette premi\u00e8re candidature officielle d&rsquo;un de ses h\u00e9ritiers putatifs, lui qui est d\u00e9sormais en froid aussi avec Gabriel Attal, autre ancien chef du gouvernement et autre dauphin possible&nbsp;? \u00ab\u00a0J&rsquo;ai choisi \u00c9douard Philippe il y a sept&nbsp;ans car j&rsquo;ai confiance en lui. Il a \u00e9t\u00e9 un Premier ministre formidable \u00e0 mes c\u00f4t\u00e9s\u00a0\u00bb, r\u00e9pond d&rsquo;abord Emmanuel Macron \u00e0 des journalistes.<\/p>\n\n\n\n<p>Mais ce n&rsquo;est pas tout \u00e0 fait un adoubement. \u00ab\u00a0Maintenant, moi, je suis surtout concentr\u00e9 sur ce qui se passe aujourd&rsquo;hui et je veux que le pays r\u00e9ussisse. On ne va pas se mettre en mode pause jusqu&rsquo;en 2027\u00a0\u00bb, compl\u00e8te-t-il, disant vouloir \u00ab\u00a0faire les choses dans le bon ordre\u00a0\u00bb.<\/p>\n\n\n\n<p>Les deux hommes s&rsquo;en vont ensuite vers l&rsquo;h\u00f4tel de ville, l&rsquo;un passant la main dans le dos de l&rsquo;autre, pour un \u00e9change \u00e0 huis clos. L&rsquo;occasion de purger le passif d&rsquo;une relation qui semble s&rsquo;envenimer \u00e0 mesure qu&rsquo;approche la fin du quinquennat.<\/p>\n\n\n\n<p>Jusque-l\u00e0, la s\u00e9quence a \u00e9t\u00e9 protocolaire, ponctu\u00e9e de poign\u00e9es de mains longues et chaleureuses.<\/p>\n\n\n\n<p>Dans son discours, Emmanuel Macron a reconnu la \u00ab\u00a0d\u00e9chirure\u00a0\u00bb des bombardements alli\u00e9s qui ont ravag\u00e9 cette \u00ab\u00a0ville sacrifi\u00e9e pour lib\u00e9rer\u00a0\u00bb la&nbsp;<a href=\"https:\/\/www.france24.com\/fr\/tag\/france\/\">France<\/a>. Au m\u00eame pupitre, \u00c9douard Philippe,&nbsp;qui accompagne tous les d\u00e9placements \u00e9lys\u00e9ens, l&rsquo;a \u00ab\u00a0remerci\u00e9 sinc\u00e8rement\u00a0\u00bb de manifester par sa pr\u00e9sence \u00ab\u00a0l&rsquo;importance que la Nation accorde d\u00e9sormais\u00a0\u00bb \u00e0 cet \u00e9pisode douloureux.<\/p>\n\n\n\n<h2 class=\"wp-block-heading\">\u00ab\u00a0G\u00e9n\u00e9ralement, quand je lui donne un conseil, il fait l&rsquo;inverse\u00a0\u00bb<\/h2>\n\n\n\n<p>L&rsquo;invitation remonte au printemps, soit avant cette dissolution \u00ab\u00a0mal pens\u00e9e, mal expliqu\u00e9e, mal pr\u00e9par\u00e9e\u00a0\u00bb, par laquelle Emmanuel Macron \u00ab\u00a0a tu\u00e9 la majorit\u00e9 pr\u00e9sidentielle\u00a0\u00bb, selon les mots d&rsquo;\u00c9douard Philippe, d&rsquo;une duret\u00e9 rare venant d&rsquo;un \u00ab\u00a0ami\u00a0\u00bb politique.<\/p>\n\n\n\n<p>Cette dissolution qui a pr\u00e9cipit\u00e9 son \u00e9mancipation, lui qui s&rsquo;est montr\u00e9 incapable, mercredi sur BFMTV, d&rsquo;affirmer qu&rsquo;il appartient bien toujours au \u00ab\u00a0camp pr\u00e9sidentiel\u00a0\u00bb.<\/p>\n\n\n\n<p>Depuis que le chef de l&rsquo;\u00c9tat s&rsquo;est s\u00e9par\u00e9 de lui en juillet 2020, l&rsquo;ex-Premier ministre, qui n&rsquo;a jamais adh\u00e9r\u00e9 au parti pr\u00e9sidentiel mais a fond\u00e9 le sien, Horizons, se dit \u00ab\u00a0loyal mais libre\u00a0\u00bb.<\/p>\n\n\n\n<p>\u00c9douard Philippe ne cache plus les divergences avec son ancien patron. \u00ab\u00a0G\u00e9n\u00e9ralement, quand je lui donne un conseil, il fait l&rsquo;inverse\u00a0\u00bb, l\u00e2che-t-il en juillet.<\/p>\n\n\n\n<p>Surtout, il apporte un soutien enthousiaste \u00e0\u00a0Michel Barnier, cet\u00a0autre baron de la droite\u00a0qu&rsquo;Emmanuel Macron vient de nommer \u00e0 Matignon et que les macronistes regardent avec circonspection. Une nomination laborieuse, contest\u00e9e jusque dans l&rsquo;aile gauche de la Macronie car en d\u00e9calage avec un scrutin qui a plac\u00e9 la gauche en t\u00eate.<\/p>\n\n\n\n<p>\u00ab\u00a0Le r\u00e9sultat des \u00e9lections il faut le respecter, c&rsquo;est la moindre des choses\u00a0\u00bb, interpelle d&rsquo;ailleurs un homme dans la foule, avant de lancer au pr\u00e9sident&nbsp;: \u00ab\u00a0Vous \u00eates otage du Rassemblement national !\u00a0\u00bb<\/p>\n\n\n\n<p><em>Avec AFP<\/em><\/p>\n","protected":false},"excerpt":{"rendered":"<p>Le pr\u00e9sident de la R\u00e9publique Emmanuel Macron et l&rsquo;ancien Premier ministre \u00c9douard Philippe se sont offert un bain de foule<\/p>\n","protected":false},"author":1,"featured_media":42189,"comment_status":"open","ping_status":"open","sticky":false,"template":"","format":"standard","meta":{"footnotes":""},"categories":[51],"tags":[],"class_list":["post-42188","post","type-post","status-publish","format-standard","has-post-thumbnail","hentry","category-general"],"_links":{"self":[{"href":"https:\/\/dekkbi.com\/index.php?rest_route=\/wp\/v2\/posts\/42188","targetHints":{"allow":["GET"]}}],"collection":[{"href":"https:\/\/dekkbi.com\/index.php?rest_route=\/wp\/v2\/posts"}],"about":[{"href":"https:\/\/dekkbi.com\/index.php?rest_route=\/wp\/v2\/types\/post"}],"author":[{"embeddable":true,"href":"https:\/\/dekkbi.com\/index.php?rest_route=\/wp\/v2\/users\/1"}],"replies":[{"embeddable":true,"href":"https:\/\/dekkbi.com\/index.php?rest_route=%2Fwp%2Fv2%2Fcomments&post=42188"}],"version-history":[{"count":1,"href":"https:\/\/dekkbi.com\/index.php?rest_route=\/wp\/v2\/posts\/42188\/revisions"}],"predecessor-version":[{"id":42190,"href":"https:\/\/dekkbi.com\/index.php?rest_route=\/wp\/v2\/posts\/42188\/revisions\/42190"}],"wp:featuredmedia":[{"embeddable":true,"href":"https:\/\/dekkbi.com\/index.php?rest_route=\/wp\/v2\/media\/42189"}],"wp:attachment":[{"href":"https:\/\/dekkbi.com\/index.php?rest_route=%2Fwp%2Fv2%2Fmedia&parent=42188"}],"wp:term":[{"taxonomy":"category","embeddable":true,"href":"https:\/\/dekkbi.com\/index.php?rest_route=%2Fwp%2Fv2%2Fcategories&post=42188"},{"taxonomy":"post_tag","embeddable":true,"href":"https:\/\/dekkbi.com\/index.php?rest_route=%2Fwp%2Fv2%2Ftags&post=42188"}],"curies":[{"name":"wp","href":"https:\/\/api.w.org\/{rel}","templated":true}]}}