{"id":42163,"date":"2024-09-13T10:40:24","date_gmt":"2024-09-13T10:40:24","guid":{"rendered":"https:\/\/dekkbi.com\/?p=42163"},"modified":"2024-09-13T10:41:31","modified_gmt":"2024-09-13T10:41:31","slug":"chavirement-dune-pirogue-de-migrants-a-mbour-maimouna-dieye-souhaite-un-dispositif-de-soutien-aux-familles-des-victimes","status":"publish","type":"post","link":"https:\/\/dekkbi.com\/?p=42163","title":{"rendered":"Drame \u00e0 Mbour: Maimouna Di\u00e8ye souhaite un dispositif de soutien aux familles des victimes"},"content":{"rendered":"\n<p>Mbour, (APS) \u2013 La ministre de la Famille et des Solidarit\u00e9s Maimouna Di\u00e8ye a fait part, jeudi, de son souhait de mettre en place un dispositif pour soutenir et accompagner les familles et les veuves des victimes du chavirement d\u2019une pirogue de migrants irr\u00e9guliers au large de Mbour.<\/p>\n\n\n\n<p>\u201dNotre plus grand souhait est de mettre en place un dispositif pour soutenir et accompagner les familles et les veuves des \u00e9migr\u00e9s disparus. On y travaillera avec les autorit\u00e9s administratives et locales avec l\u2019ensemble des parties prenantes\u2019\u2019, a notamment dit Maimouna Di\u00e8ye.<\/p>\n\n\n\n<p>Elle a assur\u00e9 les familles du soutien de son minist\u00e8re \u00e0 travers ses programmes d\u2019\u00e9quit\u00e9 et d\u2019inclusion sociale, de s\u00e9curit\u00e9 alimentaire et de r\u00e9silience des m\u00e9nages vuln\u00e9rables, d\u2019acc\u00e8s des femmes et des filles au cr\u00e9dit, etc.<\/p>\n\n\n\n<p>Mme Di\u00e8ye, \u00e0 la t\u00eate d\u2019une d\u00e9l\u00e9gation compos\u00e9e des membres de son d\u00e9partement, s\u2019est rendue \u00e0 Thioc\u00e9 Ouest, pour pr\u00e9senter ses condol\u00e9ances aux familles des victimes.<\/p>\n\n\n\n<p>\u201dC\u2019est le lieu, pour nous, d\u2019inviter les jeunes \u00e0 plus de prudence et de vigilance, en \u00e9tant conscients des dangers et des lourdes pertes qu\u2019ils causent \u00e0 leurs familles et \u00e0 la nation en se lan\u00e7ant dans cette aventure p\u00e9rilleuse\u2019\u2019, a-t-elle lanc\u00e9.<\/p>\n\n\n\n<p>L\u2019officielle a aussi appel\u00e9 \u00e0 \u2018\u2019une mobilisation de masse de toutes les communaut\u00e9s et de tous les segments de la soci\u00e9t\u00e9, pour une sensibilisation tous azimuts sur les dangers de l\u2019\u00e9migration irr\u00e9guli\u00e8re\u2019\u2019.<\/p>\n\n\n\n<p>DOB\/ADI\/OID<\/p>\n","protected":false},"excerpt":{"rendered":"<p>Mbour, (APS) \u2013 La ministre de la Famille et des Solidarit\u00e9s Maimouna Di\u00e8ye a fait part, jeudi, de son souhait<\/p>\n","protected":false},"author":1,"featured_media":42164,"comment_status":"open","ping_status":"open","sticky":false,"template":"","format":"standard","meta":{"footnotes":""},"categories":[26],"tags":[],"class_list":["post-42163","post","type-post","status-publish","format-standard","has-post-thumbnail","hentry","category-fait-divers"],"_links":{"self":[{"href":"https:\/\/dekkbi.com\/index.php?rest_route=\/wp\/v2\/posts\/42163","targetHints":{"allow":["GET"]}}],"collection":[{"href":"https:\/\/dekkbi.com\/index.php?rest_route=\/wp\/v2\/posts"}],"about":[{"href":"https:\/\/dekkbi.com\/index.php?rest_route=\/wp\/v2\/types\/post"}],"author":[{"embeddable":true,"href":"https:\/\/dekkbi.com\/index.php?rest_route=\/wp\/v2\/users\/1"}],"replies":[{"embeddable":true,"href":"https:\/\/dekkbi.com\/index.php?rest_route=%2Fwp%2Fv2%2Fcomments&post=42163"}],"version-history":[{"count":2,"href":"https:\/\/dekkbi.com\/index.php?rest_route=\/wp\/v2\/posts\/42163\/revisions"}],"predecessor-version":[{"id":42166,"href":"https:\/\/dekkbi.com\/index.php?rest_route=\/wp\/v2\/posts\/42163\/revisions\/42166"}],"wp:featuredmedia":[{"embeddable":true,"href":"https:\/\/dekkbi.com\/index.php?rest_route=\/wp\/v2\/media\/42164"}],"wp:attachment":[{"href":"https:\/\/dekkbi.com\/index.php?rest_route=%2Fwp%2Fv2%2Fmedia&parent=42163"}],"wp:term":[{"taxonomy":"category","embeddable":true,"href":"https:\/\/dekkbi.com\/index.php?rest_route=%2Fwp%2Fv2%2Fcategories&post=42163"},{"taxonomy":"post_tag","embeddable":true,"href":"https:\/\/dekkbi.com\/index.php?rest_route=%2Fwp%2Fv2%2Ftags&post=42163"}],"curies":[{"name":"wp","href":"https:\/\/api.w.org\/{rel}","templated":true}]}}