{"id":42159,"date":"2024-09-13T10:34:05","date_gmt":"2024-09-13T10:34:05","guid":{"rendered":"https:\/\/dekkbi.com\/?p=42159"},"modified":"2024-09-13T10:34:05","modified_gmt":"2024-09-13T10:34:05","slug":"la-marche-de-protestation-contre-cheikh-oumar-diagne-interdite","status":"publish","type":"post","link":"https:\/\/dekkbi.com\/?p=42159","title":{"rendered":"La marche de protestation contre cheikh Oumar Diagne interdite"},"content":{"rendered":"\n<p>Ce vendredi, des membres de la communaut\u00e9 mouride avaient annonc\u00e9 une marche de protestation contre les propos de Cheikh Oumar Diagne. Elle risque de ne pas avoir lieu, puisque l\u2019autorit\u00e9 pr\u00e9fectorale a oppos\u00e9 une interdiction.<\/p>\n\n\n\n<p>La marche de protestation contre les propos de Cheikh Oumar Diagne, qui avait \u00e9t\u00e9 annonc\u00e9e pour ce vendredi, \u00e0 Massalikul Jinaan, n\u2019aura pas lieu. En effet, le pr\u00e9fet de Dakar a d\u00e9cid\u00e9 de l\u2018interdire. Il \u00e9voque des risques r\u00e9els de trouble \u00e0 l\u2019ordre public et d\u2019entrave \u00e0 la circulation, renseigne la Rfm.<\/p>\n\n\n\n<figure class=\"wp-block-embed is-type-rich is-provider-prise-en-charge-des-contenus-embarqu-s wp-block-embed-prise-en-charge-des-contenus-embarqu-s wp-embed-aspect-16-9 wp-has-aspect-ratio\"><div class=\"wp-block-embed__wrapper\">\n<iframe loading=\"lazy\" title=\"Massalikoul Jinaan :  La manifestation  col\u00e8re des fid\u00e8les mourides contre Cheikh Oumar Diagne\" width=\"800\" height=\"450\" src=\"https:\/\/www.youtube.com\/embed\/CUgs_7dbOAc?feature=oembed\" frameborder=\"0\" allow=\"accelerometer; autoplay; clipboard-write; encrypted-media; gyroscope; picture-in-picture; web-share\" referrerpolicy=\"strict-origin-when-cross-origin\" allowfullscreen><\/iframe>\n<\/div><\/figure>\n","protected":false},"excerpt":{"rendered":"<p>Ce vendredi, des membres de la communaut\u00e9 mouride avaient annonc\u00e9 une marche de protestation contre les propos de Cheikh Oumar<\/p>\n","protected":false},"author":1,"featured_media":42161,"comment_status":"open","ping_status":"open","sticky":false,"template":"","format":"standard","meta":{"footnotes":""},"categories":[26],"tags":[],"class_list":["post-42159","post","type-post","status-publish","format-standard","has-post-thumbnail","hentry","category-fait-divers"],"_links":{"self":[{"href":"https:\/\/dekkbi.com\/index.php?rest_route=\/wp\/v2\/posts\/42159","targetHints":{"allow":["GET"]}}],"collection":[{"href":"https:\/\/dekkbi.com\/index.php?rest_route=\/wp\/v2\/posts"}],"about":[{"href":"https:\/\/dekkbi.com\/index.php?rest_route=\/wp\/v2\/types\/post"}],"author":[{"embeddable":true,"href":"https:\/\/dekkbi.com\/index.php?rest_route=\/wp\/v2\/users\/1"}],"replies":[{"embeddable":true,"href":"https:\/\/dekkbi.com\/index.php?rest_route=%2Fwp%2Fv2%2Fcomments&post=42159"}],"version-history":[{"count":1,"href":"https:\/\/dekkbi.com\/index.php?rest_route=\/wp\/v2\/posts\/42159\/revisions"}],"predecessor-version":[{"id":42162,"href":"https:\/\/dekkbi.com\/index.php?rest_route=\/wp\/v2\/posts\/42159\/revisions\/42162"}],"wp:featuredmedia":[{"embeddable":true,"href":"https:\/\/dekkbi.com\/index.php?rest_route=\/wp\/v2\/media\/42161"}],"wp:attachment":[{"href":"https:\/\/dekkbi.com\/index.php?rest_route=%2Fwp%2Fv2%2Fmedia&parent=42159"}],"wp:term":[{"taxonomy":"category","embeddable":true,"href":"https:\/\/dekkbi.com\/index.php?rest_route=%2Fwp%2Fv2%2Fcategories&post=42159"},{"taxonomy":"post_tag","embeddable":true,"href":"https:\/\/dekkbi.com\/index.php?rest_route=%2Fwp%2Fv2%2Ftags&post=42159"}],"curies":[{"name":"wp","href":"https:\/\/api.w.org\/{rel}","templated":true}]}}