{"id":42077,"date":"2024-09-12T11:33:46","date_gmt":"2024-09-12T11:33:46","guid":{"rendered":"https:\/\/dekkbi.com\/?p=42077"},"modified":"2024-09-12T11:33:46","modified_gmt":"2024-09-12T11:33:46","slug":"taniere-concurrence-a-la-pointe-de-lattaque-en-labsence-de-boulaye-rien-de-9-pour-jackson-et-diallo","status":"publish","type":"post","link":"https:\/\/dekkbi.com\/?p=42077","title":{"rendered":"Tani\u00e8re \u2013 Concurrence \u00e0 la pointe de l\u2019attaque : En l\u2019absence de Boulaye, rien de \u00ab9\u00bb pour Jackson et Diallo"},"content":{"rendered":"\n<p><strong>Au sortir des deux premiers matchs des \u00e9liminatoires de la Can 2025, contre le Burkina Faso (1-1) et le Burundi (1-0), on peut dire que Boulaye Dia peut dormir (ou p\u00e9daler) tranquille, par rapport \u00e0 la concurrence chez les attaquants de pointe. Ni Nicolas Jackson ni Habib Diallo n\u2019ont fait oublier le \u00abpremier choix\u00bb de Aliou Ciss\u00e9.<\/strong><strong>Par Hyacinthe DIANDY \u2013<\/strong><\/p>\n\n\n\n<p>\u00abL\u2019inefficacit\u00e9 de l\u2019attaque s\u00e9n\u00e9galaise.\u00bb Cette complainte est devenue un disque ray\u00e9, \u00e0 force d\u2019entendre Aliou Ciss\u00e9 ressasser cette lacune offensive \u00e0 chaque conf\u00e9rence de presse d\u2019apr\u00e8s-match. Et \u00e0 l\u2019issue des deux matchs pauvres, contre le Burkina Faso (1-1) et le Burundi (1-0), en \u00e9liminatoires de la Can 2025, le s\u00e9lectionneur a encore embouch\u00e9 la m\u00eame trompette en \u00abchantant\u00bb aux oreilles de ses attaquants ce manque d\u2019efficacit\u00e9 criard.<br>Un ballon vol\u00e9 par Sadio Man\u00e9 contre les Etalons et un penalty de Isma\u00efla Sarr face aux Hirondelles ont \u00e9t\u00e9 les seuls \u00abchefs-d\u2019\u0153uvre\u00bb de l\u2019attaque s\u00e9n\u00e9galaise lors des deux matchs de Diamniadio et Lilongwe. Suffisant pour se poser des questions et nourrir des craintes.<\/p>\n\n\n\n<p>Il est vrai qu\u2019en se privant volontairement de Boulaye Dia (laiss\u00e9 \u00e0 la disposition de son nouveau club), \u00abEl Tactico\u00bb amenuisait du coup ses armes offensives. D\u2019ailleurs, au moment o\u00f9 il d\u00e9voilait sa liste de 26, le nouveau pensionnaire de la Lazio de Rome claquait un but pour sa premi\u00e8re titularisation ! L\u2019ancien joueur de la Salernitana ayant permis \u00e0 sa nouvelle formation de prendre l\u2019avantage (2-1), avant que le Milan Ac n\u2019arrache le nul (2-2) pour le compte de la 3e journ\u00e9e de Serie A. Pr\u00e9pos\u00e9s pour le remplacer, Nicolas Jackson et Habib Diallo n\u2019ont pas pu profiter de l\u2019absence du premier choix de Aliou Ciss\u00e9 \u00e0 la pointe de l\u2019attaque.<\/p>\n\n\n\n<p><strong>Jackson a tout pour \u00eatre un attaquant complet, mais\u2026<\/strong><br>Toujours sans aucune r\u00e9alisation avec l\u2019Equipe nationale apr\u00e8s 16 s\u00e9lections, \u00abNico\u00bb s\u2019est encore fait remarquer en vendangeant des occasions nettes. Titulaire lors des deux matchs, il n\u2019a donc pas fait oublier Boulaye Dia. Pourtant, l\u2019attaquant de Chelsea a tout pour \u00eatre un attaquant complet, car poss\u00e9dant les qualit\u00e9s requises&nbsp;: la vitesse, l\u2019explosivit\u00e9, \u00e0 l\u2019aise dans le jeu en profondeur, le tout doubl\u00e9 d\u2019un bon dribbleur.<\/p>\n\n\n\n<p>Mais malheureusement, il tra\u00eene comme un boulet un manque de finition. Un d\u00e9chet technique qui ne l\u2019a pourtant pas emp\u00each\u00e9 d\u2019\u00eatre le deuxi\u00e8me meilleur buteur des Blues la saison derni\u00e8re. Comme quoi\u2026<\/p>\n\n\n\n<p>Quid de Habib Diallo&nbsp;? A sa d\u00e9charge, il n\u2019a pas jou\u00e9 beaucoup de minutes, pour \u00eatre entr\u00e9 en jeu \u00e0 la 82e contre les Etalons et \u00e0 la 61e face aux Hirondelles. Mais il va falloir que le nouveau pensionnaire de Damac Fc (Saudi Pro), qui \u00e9tait un moment l\u2019un des choix forts de Ciss\u00e9 \u00e0 la pointe de l\u2019attaque, se fasse violence, en \u00e9tant plus pr\u00e9sent dans les surfaces adverses, agressif dans les duels et plus mobile.<\/p>\n\n\n\n<p>En tout cas, lui et Jackson ont int\u00e9r\u00eat \u00e0 se bouger, au risque de se voir laisser sur le flanc au retour de l\u2019avant-centre \u00abRomain\u00bb, forfait lors de la derni\u00e8re Can et qui doit \u00eatre nostalgique de la Tani\u00e8re, apr\u00e8s une longue absence. La double confrontation contre le Malawi va arriver tr\u00e8s vite.<br><strong>hdiandy@lequotidien.sn<\/strong><\/p>\n\n\n\n<p>SOURCE : LE QUOTIDIEN<\/p>\n","protected":false},"excerpt":{"rendered":"<p>Au sortir des deux premiers matchs des \u00e9liminatoires de la Can 2025, contre le Burkina Faso (1-1) et le Burundi<\/p>\n","protected":false},"author":1,"featured_media":42078,"comment_status":"open","ping_status":"open","sticky":false,"template":"","format":"standard","meta":{"footnotes":""},"categories":[9],"tags":[],"class_list":["post-42077","post","type-post","status-publish","format-standard","has-post-thumbnail","hentry","category-sports"],"_links":{"self":[{"href":"https:\/\/dekkbi.com\/index.php?rest_route=\/wp\/v2\/posts\/42077","targetHints":{"allow":["GET"]}}],"collection":[{"href":"https:\/\/dekkbi.com\/index.php?rest_route=\/wp\/v2\/posts"}],"about":[{"href":"https:\/\/dekkbi.com\/index.php?rest_route=\/wp\/v2\/types\/post"}],"author":[{"embeddable":true,"href":"https:\/\/dekkbi.com\/index.php?rest_route=\/wp\/v2\/users\/1"}],"replies":[{"embeddable":true,"href":"https:\/\/dekkbi.com\/index.php?rest_route=%2Fwp%2Fv2%2Fcomments&post=42077"}],"version-history":[{"count":1,"href":"https:\/\/dekkbi.com\/index.php?rest_route=\/wp\/v2\/posts\/42077\/revisions"}],"predecessor-version":[{"id":42079,"href":"https:\/\/dekkbi.com\/index.php?rest_route=\/wp\/v2\/posts\/42077\/revisions\/42079"}],"wp:featuredmedia":[{"embeddable":true,"href":"https:\/\/dekkbi.com\/index.php?rest_route=\/wp\/v2\/media\/42078"}],"wp:attachment":[{"href":"https:\/\/dekkbi.com\/index.php?rest_route=%2Fwp%2Fv2%2Fmedia&parent=42077"}],"wp:term":[{"taxonomy":"category","embeddable":true,"href":"https:\/\/dekkbi.com\/index.php?rest_route=%2Fwp%2Fv2%2Fcategories&post=42077"},{"taxonomy":"post_tag","embeddable":true,"href":"https:\/\/dekkbi.com\/index.php?rest_route=%2Fwp%2Fv2%2Ftags&post=42077"}],"curies":[{"name":"wp","href":"https:\/\/api.w.org\/{rel}","templated":true}]}}