{"id":42067,"date":"2024-09-12T11:14:28","date_gmt":"2024-09-12T11:14:28","guid":{"rendered":"https:\/\/dekkbi.com\/?p=42067"},"modified":"2024-09-12T11:14:28","modified_gmt":"2024-09-12T11:14:28","slug":"le-president-diomaye-sadresse-a-la-nation-ce-jeudi-a-20h","status":"publish","type":"post","link":"https:\/\/dekkbi.com\/?p=42067","title":{"rendered":"Le pr\u00e9sident Diomaye s&rsquo;adresse \u00e0 la nation ce jeudi \u00e0 20h"},"content":{"rendered":"\n<p>&nbsp;C\u2019est finalement aujurd\u2019hui que le chef de l\u2019Etat, Bassirou Diomaye Faye va s\u2019adresser \u00e0 la nation. Il prononcera son discours d\u00e8s 20 heures.<\/p>\n\n\n\n<p>Ce jeudi, \u00e0 partir de 20 heures, le pr\u00e9sident de la R\u00e9publique du S\u00e9n\u00e9gal, Bassirou Diomaye Faye, va s\u2019adresser \u00e0 la nation. L\u2019annonce a \u00e9t\u00e9 faite par le Directeur g\u00e9n\u00e9ral de la Rts, Pape Al\u00e9 Niang.<br><br>\u00abSuivez ce soir \u00e0 20h l\u2019allocution du Pr\u00e9sident de la R\u00e9publique, Bassirou Diomaye Faye. Un moment important pour tous les citoyens s\u00e9n\u00e9galais\u00bb, a-t-il inform\u00e9 sur ses plateformes num\u00e9riques.\u00a0\u00a0<\/p>\n\n\n\n<p>Un discours \u00e0 la nation qui avait d\u00e9j\u00e0 \u00e9t\u00e9 annonc\u00e9e par le premier ministre. \u00abIl dira aux s\u00e9n\u00e9galais l\u2019\u00e9tat dans lequel nous avons trouv\u00e9 ce pays\u00bb, avait d\u00e9voil\u00e9 Ousmane Sonko.<br><br>Mais, Le chef de l\u2019Etat devrait surtout annoncer la dissolution de l\u2019Assembl\u00e9e nationale qui devient possible d\u00e8s demain vendredi 13 septembre.<\/p>\n\n\n\n<p>SOURCE : IGFM<\/p>\n","protected":false},"excerpt":{"rendered":"<p>&nbsp;C\u2019est finalement aujurd\u2019hui que le chef de l\u2019Etat, Bassirou Diomaye Faye va s\u2019adresser \u00e0 la nation. Il prononcera son discours<\/p>\n","protected":false},"author":1,"featured_media":38468,"comment_status":"open","ping_status":"open","sticky":false,"template":"","format":"standard","meta":{"footnotes":""},"categories":[6],"tags":[],"class_list":["post-42067","post","type-post","status-publish","format-standard","has-post-thumbnail","hentry","category-politics"],"_links":{"self":[{"href":"https:\/\/dekkbi.com\/index.php?rest_route=\/wp\/v2\/posts\/42067","targetHints":{"allow":["GET"]}}],"collection":[{"href":"https:\/\/dekkbi.com\/index.php?rest_route=\/wp\/v2\/posts"}],"about":[{"href":"https:\/\/dekkbi.com\/index.php?rest_route=\/wp\/v2\/types\/post"}],"author":[{"embeddable":true,"href":"https:\/\/dekkbi.com\/index.php?rest_route=\/wp\/v2\/users\/1"}],"replies":[{"embeddable":true,"href":"https:\/\/dekkbi.com\/index.php?rest_route=%2Fwp%2Fv2%2Fcomments&post=42067"}],"version-history":[{"count":1,"href":"https:\/\/dekkbi.com\/index.php?rest_route=\/wp\/v2\/posts\/42067\/revisions"}],"predecessor-version":[{"id":42068,"href":"https:\/\/dekkbi.com\/index.php?rest_route=\/wp\/v2\/posts\/42067\/revisions\/42068"}],"wp:featuredmedia":[{"embeddable":true,"href":"https:\/\/dekkbi.com\/index.php?rest_route=\/wp\/v2\/media\/38468"}],"wp:attachment":[{"href":"https:\/\/dekkbi.com\/index.php?rest_route=%2Fwp%2Fv2%2Fmedia&parent=42067"}],"wp:term":[{"taxonomy":"category","embeddable":true,"href":"https:\/\/dekkbi.com\/index.php?rest_route=%2Fwp%2Fv2%2Fcategories&post=42067"},{"taxonomy":"post_tag","embeddable":true,"href":"https:\/\/dekkbi.com\/index.php?rest_route=%2Fwp%2Fv2%2Ftags&post=42067"}],"curies":[{"name":"wp","href":"https:\/\/api.w.org\/{rel}","templated":true}]}}