{"id":42064,"date":"2024-09-12T11:05:56","date_gmt":"2024-09-12T11:05:56","guid":{"rendered":"https:\/\/dekkbi.com\/?p=42064"},"modified":"2024-09-12T11:05:57","modified_gmt":"2024-09-12T11:05:57","slug":"rufisque-2eme-universite-dhivernage-du-sutsas-capital-humain-et-enjeux-de-gouvernance-au-centre-des-debats","status":"publish","type":"post","link":"https:\/\/dekkbi.com\/?p=42064","title":{"rendered":"#Rufisque \u2013 2\u00e8me Universit\u00e9 d\u2019hivernage du Sutsas : Capital humain et enjeux de gouvernance au centre des d\u00e9bats"},"content":{"rendered":"\n<p><strong>Le Syndicat unitaire des travailleurs de la sant\u00e9 et de l\u2019action sociale (Sutsas) a d\u00e9marr\u00e9, lundi \u00e0 Rufisque, son Universit\u00e9 d\u2019hivernage sur le th\u00e8me : \u00abLe capital humain et les enjeux de gouvernance sanitaire et sociale : contribution du Sutsas.\u00bb Cette deuxi\u00e8me \u00e9dition va permettre de confronter les id\u00e9es des diff\u00e9rentes personnalit\u00e9s pour faire \u00e9voluer le secteur.<\/strong><strong>Par Alioune Badara NDIAYE \u2013<\/strong><\/p>\n\n\n\n<p>Le Syndicat unitaire des travailleurs de la sant\u00e9 et de l\u2019action sociale (Sutsas) a d\u00e9marr\u00e9, lundi \u00e0 Rufisque, son Universit\u00e9 d\u2019hivernage sur le th\u00e8me&nbsp;: \u00abLe capital humain et les enjeux de gouvernance sanitaire et sociale : contribution du Sutsas.\u00bb Une seconde \u00e9dition qui intervient apr\u00e8s une premi\u00e8re aur\u00e9ol\u00e9e de succ\u00e8s en 2023, selon les organisateurs. Sp\u00e9cialistes de la sant\u00e9, universitaires, acteurs de la Soci\u00e9t\u00e9 civile et responsables en provenance des 14 r\u00e9gions ont ainsi pris part \u00e0 la c\u00e9r\u00e9monie inaugurale \u00e0 la salle du Cnfa baptis\u00e9e, pour la circonstance, \u00abAmphith\u00e9\u00e2tre Sidya Ndiaye\u00bb, en hommage au d\u00e9funt syndicaliste. Le discours d\u2019ouverture a \u00e9t\u00e9 prononc\u00e9 par Samba Cor Sarr, directeur de Cabinet du ministre de la Sant\u00e9 et de l\u2019action sociale. \u00abL\u2019Universit\u00e9 d\u2019hivernage est un espace libre de confrontation d\u2019id\u00e9es en vue de s\u2019enrichir mutuellement, de combler des gaps et de partager des id\u00e9es, des connaissances et des comp\u00e9tences s\u2019il y a lieu\u00bb, a indiqu\u00e9 Mballo Dia Thiam, \u00e0 la fin de la le\u00e7on inaugurale prononc\u00e9e par l\u2019ancien ministre de la Sant\u00e9 Abdou Fall. \u00abEn tant que ministre de la Sant\u00e9, Abdou Fall a jou\u00e9 un r\u00f4le crucial dans la mise en place de r\u00e9formes visant \u00e0 am\u00e9liorer le syst\u00e8me de sant\u00e9 du S\u00e9n\u00e9gal\u00bb, a t\u00e9moign\u00e9 M. Thiam, citant, entre autres, l\u2019organisation des 1\u00e8res Assises de la sant\u00e9, l\u2019octroi des frais de m\u00e9moire, l\u2019augmentation de la motivation nationale. \u00abLes travailleurs de la sant\u00e9 et leurs organisations repr\u00e9sentatives ont le devoir d\u2019envisager l\u2019avenir du mouvement syndical dans le secteur sous de nouveaux auspices\u00bb, a soulign\u00e9 l\u2019ancien ministre, pr\u00f4nant pour ce faire une r\u00e9unification du mouvement syndical. \u00abDans ce cadre, le Sutsas, qui est h\u00e9ritier d\u2019une histoire et d\u2019une culture syndicales (\u2026), a un grand r\u00f4le \u00e0 jouer dans l\u2019actualisation d\u2019une d\u00e9marche syndicale r\u00e9nov\u00e9e. D\u2019abord dans le cadre de la r\u00e9unification des travailleurs du secteur de la sant\u00e9 et de l\u2019action sociale, et en m\u00eame temps jeter les bases de la reconstruction de l\u2019unit\u00e9 des membres de tous les corps dans une entit\u00e9 nationale f\u00e9d\u00e9r\u00e9e\u00bb, a ainsi exhort\u00e9 M. Fall, appelant les syndicats \u00e0 s\u2019inspirer des mod\u00e8les syndicaux occidentaux et des pays africains anglo-saxons. \u00abLe syndicalisme de d\u00e9veloppement, l\u2019option doctrinale du Sutsas, pourrait marquer une \u00e9volution qualitative dans ce sens de se faire au syndicalisme d\u2019investissements\u00bb, a relev\u00e9 dans cette dynamique l\u2019ancien ministre sous Abdoulaye Wade. C\u2019est sur cette question et d\u2019autres aussi que vont tourner les sessions de cette \u00e9dition qui va se poursuivre jusqu\u2019au 12 septembre.<br><strong>abdniaye@lequotidien.sn<\/strong><\/p>\n\n\n\n<p>SOURCE : LE QUOTIDIEN<\/p>\n\n\n\n<p><\/p>\n","protected":false},"excerpt":{"rendered":"<p>Le Syndicat unitaire des travailleurs de la sant\u00e9 et de l\u2019action sociale (Sutsas) a d\u00e9marr\u00e9, lundi \u00e0 Rufisque, son Universit\u00e9<\/p>\n","protected":false},"author":1,"featured_media":42065,"comment_status":"open","ping_status":"open","sticky":false,"template":"","format":"standard","meta":{"footnotes":""},"categories":[26],"tags":[],"class_list":["post-42064","post","type-post","status-publish","format-standard","has-post-thumbnail","hentry","category-fait-divers"],"_links":{"self":[{"href":"https:\/\/dekkbi.com\/index.php?rest_route=\/wp\/v2\/posts\/42064","targetHints":{"allow":["GET"]}}],"collection":[{"href":"https:\/\/dekkbi.com\/index.php?rest_route=\/wp\/v2\/posts"}],"about":[{"href":"https:\/\/dekkbi.com\/index.php?rest_route=\/wp\/v2\/types\/post"}],"author":[{"embeddable":true,"href":"https:\/\/dekkbi.com\/index.php?rest_route=\/wp\/v2\/users\/1"}],"replies":[{"embeddable":true,"href":"https:\/\/dekkbi.com\/index.php?rest_route=%2Fwp%2Fv2%2Fcomments&post=42064"}],"version-history":[{"count":1,"href":"https:\/\/dekkbi.com\/index.php?rest_route=\/wp\/v2\/posts\/42064\/revisions"}],"predecessor-version":[{"id":42066,"href":"https:\/\/dekkbi.com\/index.php?rest_route=\/wp\/v2\/posts\/42064\/revisions\/42066"}],"wp:featuredmedia":[{"embeddable":true,"href":"https:\/\/dekkbi.com\/index.php?rest_route=\/wp\/v2\/media\/42065"}],"wp:attachment":[{"href":"https:\/\/dekkbi.com\/index.php?rest_route=%2Fwp%2Fv2%2Fmedia&parent=42064"}],"wp:term":[{"taxonomy":"category","embeddable":true,"href":"https:\/\/dekkbi.com\/index.php?rest_route=%2Fwp%2Fv2%2Fcategories&post=42064"},{"taxonomy":"post_tag","embeddable":true,"href":"https:\/\/dekkbi.com\/index.php?rest_route=%2Fwp%2Fv2%2Ftags&post=42064"}],"curies":[{"name":"wp","href":"https:\/\/api.w.org\/{rel}","templated":true}]}}