{"id":42049,"date":"2024-09-12T10:44:05","date_gmt":"2024-09-12T10:44:05","guid":{"rendered":"https:\/\/dekkbi.com\/?p=42049"},"modified":"2024-09-12T10:44:05","modified_gmt":"2024-09-12T10:44:05","slug":"le-khalif-cheikh-mahi-ibrahima-niasse-au-president-diomaye-faye-la-visite-aux-foyers-religieux-occupe-une-infirme-place-sur-votre-calendrier-cest-plutot-le-senegal-qui-vous-est","status":"publish","type":"post","link":"https:\/\/dekkbi.com\/?p=42049","title":{"rendered":"Le Khalif Cheikh Mahi Ibrahima Niasse au pr\u00e9sident Diomaye Faye : \u00ab\u00a0La visite aux foyers religieux occupe une infirme place sur votre calendrier, c\u2019est plut\u00f4t le S\u00e9n\u00e9gal qui vous est confi\u00e9\u00a0\u00bb"},"content":{"rendered":"\n<p>Le Khalif de M\u00e9dine Baye Cheikh Mahi Ibrahima Niasse qui r\u00e9pondait au Pr\u00e9sident Bassirou Diomaye Faye sur le long moment attendu pour venir lui rendre visite, s\u2019est montr\u00e9 compr\u00e9hensif et coop\u00e9ratif. \u00ab&nbsp;Nous savons que dans votre calendrier, la visite aux chefs religieux occupe une infirme place, mais comprenez que c\u2019est le S\u00e9n\u00e9gal tout entier qui vous est confi\u00e9&nbsp;\u00bb a adress\u00e9 le guide de M\u00e9dina Baye \u00e0 son h\u00f4te du jour le Pr\u00e9sident Diomaye Faye.<\/p>\n\n\n\n<p>Cheikh Mahi Ibrahima Niasse a ainsi poursuivi son r\u00e9cit en affirmant&nbsp;: \u00ab&nbsp;on vous a confi\u00e9 le S\u00e9n\u00e9gal par rapport \u00e0 son march\u00e9, son agriculture, son \u00e9cole, la sant\u00e9 de ses populations. C\u2019est ce S\u00e9n\u00e9gal l\u00e0 qu\u2019on vous a confi\u00e9&nbsp;\u00bb.<\/p>\n\n\n\n<p>Pour lui, le retard conc\u00e9d\u00e9 par le chef de l\u2019\u00c9tat pour se rendre \u00e0 M\u00e9dina Baye ne peut en aucun cas ternir les relations entre le Pr\u00e9sident Bassirou Diomaye Faye, lui et la famille de Baye Niasse. Au contraire, c\u2019est une chose qui peut se comprendre compte tenu du calendrier charg\u00e9 d\u2019un chef d\u2019\u00c9tat.<\/p>\n\n\n\n<p>\u00ab&nbsp;Mais d\u00e8s l\u2019instant o\u00f9 vous avez mis les pieds sur cette terre nous ne devons que vous renouveler nos espoirs. Ceux que nous avons fond\u00e9 sur tous les Proph\u00e8tes qui ont pr\u00e9c\u00e9d\u00e9 notre existence. Car, aujourd\u2019hui, dans ce pays, c\u2019est Dieu qui vous a install\u00e9 l\u00e0 o\u00f9 vous \u00eates. Vous \u00eates le seul dirigeant de ce pays. Vous \u00eates le Pr\u00e9sident de R\u00e9publique et vous le premier que Dieu demande des comptes.&nbsp; Aussi, le premier \u00e0 \u00eatre servi et nous prions pour que Dieu te donne ce que vous voulez dans la plus grande saintet\u00e9&nbsp;\u00bb.<\/p>\n\n\n\n<p>Les pri\u00e8res du guide de M\u00e9dina Baye sont ensuite all\u00e9es sur un S\u00e9n\u00e9gal de tous les r\u00eaves. Un pays de paix, de bien-\u00eatre social, prosp\u00e8re o\u00f9 les jeunes n\u2019auront plus besoin de braver les oc\u00e9ans pour se rendre en Europe. Parlant ainsi de l\u2019esplanade nouvellement construite pour abriter la nuit du Proph\u00e8te, le Khalif de M\u00e9dina Baye s\u2019est montr\u00e9 tr\u00e8s humble. \u00ab&nbsp;Nous n\u2019avons pas r\u00e9alis\u00e9 cette infrastructure parce que nous avons de l\u2019argent. Mais cette place-l\u00e0 est une universit\u00e9 o\u00f9 le fondateur de M\u00e9dina Baye prenait place pour enseigner. A sa disparition nous nous confinons toujours ici pour les m\u00eames pratiques. Mais \u00e0 l\u2019\u00e9poque nous \u00e9tions souvent inqui\u00e9t\u00e9s par la pluie qui d\u00e9truisait nos livres, et autres ouvrages d\u2019apprentissage. Mais Dieu merci, aujourd\u2019hui toutes ces impairs ont \u00e9t\u00e9 surpass\u00e9s&nbsp;\u00bb. Priant ainsi pour que les jeunes n\u2019auront plus besoin d\u2019aller se faire fortune ailleurs, le Khalif Cheikh Mahi Ibrahima Niasse a invit\u00e9 les jeunes au travail. Mieux, au retour \u00e0 la terre. Et \u00e0 cet effet, il a estim\u00e9 que le travail n\u2019est pas seulement dans les bureaux ou la diplomatie, mais peut \u00e9galement s\u2019obtenir \u00e0 partir de la terre. Et pour cela, il a annonc\u00e9 l\u2019exploitation d\u2019une superficie de 400 ha dans la commune de Ta\u00efba Niass\u00e8ne pour une diversit\u00e9 de cha\u00eenes de valeur et o\u00f9 les premi\u00e8res retomb\u00e9es appara\u00eetront dans les quatre voire les cinq (5) prochaine ann\u00e9es.<\/p>\n\n\n\n<p><strong>Abdoulaye FALL<\/strong><\/p>\n\n\n\n<p>SOURCE : SUDQUOTIDIEN<\/p>\n","protected":false},"excerpt":{"rendered":"<p>Le Khalif de M\u00e9dine Baye Cheikh Mahi Ibrahima Niasse qui r\u00e9pondait au Pr\u00e9sident Bassirou Diomaye Faye sur le long moment<\/p>\n","protected":false},"author":1,"featured_media":42050,"comment_status":"open","ping_status":"open","sticky":false,"template":"","format":"standard","meta":{"footnotes":""},"categories":[21],"tags":[],"class_list":["post-42049","post","type-post","status-publish","format-standard","has-post-thumbnail","hentry","category-societe"],"_links":{"self":[{"href":"https:\/\/dekkbi.com\/index.php?rest_route=\/wp\/v2\/posts\/42049","targetHints":{"allow":["GET"]}}],"collection":[{"href":"https:\/\/dekkbi.com\/index.php?rest_route=\/wp\/v2\/posts"}],"about":[{"href":"https:\/\/dekkbi.com\/index.php?rest_route=\/wp\/v2\/types\/post"}],"author":[{"embeddable":true,"href":"https:\/\/dekkbi.com\/index.php?rest_route=\/wp\/v2\/users\/1"}],"replies":[{"embeddable":true,"href":"https:\/\/dekkbi.com\/index.php?rest_route=%2Fwp%2Fv2%2Fcomments&post=42049"}],"version-history":[{"count":1,"href":"https:\/\/dekkbi.com\/index.php?rest_route=\/wp\/v2\/posts\/42049\/revisions"}],"predecessor-version":[{"id":42051,"href":"https:\/\/dekkbi.com\/index.php?rest_route=\/wp\/v2\/posts\/42049\/revisions\/42051"}],"wp:featuredmedia":[{"embeddable":true,"href":"https:\/\/dekkbi.com\/index.php?rest_route=\/wp\/v2\/media\/42050"}],"wp:attachment":[{"href":"https:\/\/dekkbi.com\/index.php?rest_route=%2Fwp%2Fv2%2Fmedia&parent=42049"}],"wp:term":[{"taxonomy":"category","embeddable":true,"href":"https:\/\/dekkbi.com\/index.php?rest_route=%2Fwp%2Fv2%2Fcategories&post=42049"},{"taxonomy":"post_tag","embeddable":true,"href":"https:\/\/dekkbi.com\/index.php?rest_route=%2Fwp%2Fv2%2Ftags&post=42049"}],"curies":[{"name":"wp","href":"https:\/\/api.w.org\/{rel}","templated":true}]}}