{"id":42011,"date":"2024-09-11T12:13:39","date_gmt":"2024-09-11T12:13:39","guid":{"rendered":"https:\/\/dekkbi.com\/?p=42011"},"modified":"2024-09-11T12:13:40","modified_gmt":"2024-09-11T12:13:40","slug":"france-monique-olivier-lex-epouse-du-tueur-michel-fourniret-placee-en-garde-a-vue-dans-une-nouvelle-enquete","status":"publish","type":"post","link":"https:\/\/dekkbi.com\/?p=42011","title":{"rendered":"France: Monique Olivier, l&rsquo;ex-\u00e9pouse du tueur Michel Fourniret, plac\u00e9e en garde \u00e0 vue dans une nouvelle enqu\u00eate"},"content":{"rendered":"\n<p>Monique Olivier n&rsquo;en a pas fini avec la justice. L&rsquo;ex-\u00e9pouse du tueur et violeur en s\u00e9rie Michel Fourniret a \u00e9t\u00e9 plac\u00e9e mardi 10 septembre en garde \u00e0 vue dans le cadre de l&rsquo;information judiciaire sur la disparition en Savoie de la jeune C\u00e9cile Vallin en 1997. Sa garde \u00e0 vue a \u00e9t\u00e9 lev\u00e9e dans la soir\u00e9e a pr\u00e9cis\u00e9 le parquet de Nanterre. L&rsquo;enqu\u00eate, ouverte \u00e0 l&rsquo;\u00e9poque, a \u00e9t\u00e9 reprise fin 2022 par le p\u00f4le \u00ab&nbsp;<em>cold case<\/em>&nbsp;\u00bb de Nanterre.&nbsp;<\/p>\n\n\n\n<p>Le 8 juin 1997, C\u00e9cile Vallin,17 ans, disparaissait sur une route de Savoie, dans l&rsquo;est de la\u00a0<strong>France<\/strong>.\u00a0C&rsquo;est en d\u00e9cembre dernier, dans la foul\u00e9e du\u00a0<strong>proc\u00e8s<\/strong>\u00a0de Monique Olivier pour complicit\u00e9 dans l&rsquo;enl\u00e8vement et le meurtre de deux jeunes femmes et de la petite Estelle Mouzin que la piste Michel Fourniret a \u00e9t\u00e9 rouverte.\u00a0\u00c0 l&rsquo;audience, un avocat avait lu des d\u00e9clarations de Monique Olivier aux enqu\u00eateurs belges, \u00e9voquant une \u00ab<em>\u00a0baby-sitter<\/em>\u00a0\u00bb, \u00ab<em>\u00a0une jeune fille endormie<\/em>\u00a0\u00bb qu&rsquo;elle aurait vu au domicile belge du couple et que Michel Fourniret aurait \u00ab<em>\u00a0\u00e9trangl\u00e9 \u00e0 mains nues<\/em>\u00a0\u00bb aux alentours de juin 1997.\u00a0<\/p>\n\n\n\n<p>\u00ab&nbsp;<em>Cela a eu un grand retentissement dans mon esprit, surtout au niveau de la concordance des dates,&nbsp;<\/em>confie Caty Richard, l&rsquo;avocate de la famille Vallin.&nbsp;<em>J&rsquo;ai alors demand\u00e9 son audition, car je pense que Monique Olivier aurait des choses \u00e0 dire et qu&rsquo;elle pourrait nous aider.&nbsp;<\/em>\u00bb<\/p>\n\n\n\n<h2 class=\"wp-block-heading\">\u00ab&nbsp;<em>Une garde \u00e0 vue sauvage comme cela risque d&rsquo;\u00eatre contreproductif<\/em>&nbsp;\u00bb<\/h2>\n\n\n\n<p>Sauf que l&rsquo;avocat de Monique Olivier, qui dit ne pas avoir \u00e9t\u00e9 inform\u00e9 de cette garde \u00e0 vue, affirme que sa cliente restera muette en son absence. Pire, elle pourrait durablement se braquer, assure-t-il.&nbsp;\u00ab<em>&nbsp;Cela fait 15<\/em>&nbsp;<em>ans que l&rsquo;on sait qu&rsquo;il faut du temps pour qu&rsquo;elle parle et qu&rsquo;il faut la mettre en confiance. Une garde \u00e0 vue sauvage comme cela risque d&rsquo;\u00eatre contreproductif pour la famille Vallin mais aussi pour le dossier Lydie Log\u00e9&nbsp;<\/em>\u00bb, d\u00e9plore ma\u00eetre Richard Delgenes.<\/p>\n\n\n\n<p>Monique Olivier a en effet \u00e9t\u00e9 mise en examen en 2021 pour complicit\u00e9 dans la disparition en 1993 de cette jeune femme de 29 ans, apr\u00e8s des rapprochements entre de l&rsquo;ADN retrouv\u00e9 dans la camionnette de Michel Fourniret et celui de la m\u00e8re de Lydie Log\u00e9. Michel Fourniret, lui, est d\u00e9c\u00e9d\u00e9 en 2021.<\/p>\n\n\n\n<p>SOURCE : RFI<\/p>\n","protected":false},"excerpt":{"rendered":"<p>Monique Olivier n&rsquo;en a pas fini avec la justice. L&rsquo;ex-\u00e9pouse du tueur et violeur en s\u00e9rie Michel Fourniret a \u00e9t\u00e9<\/p>\n","protected":false},"author":1,"featured_media":42012,"comment_status":"open","ping_status":"open","sticky":false,"template":"","format":"standard","meta":{"footnotes":""},"categories":[51],"tags":[],"class_list":["post-42011","post","type-post","status-publish","format-standard","has-post-thumbnail","hentry","category-general"],"_links":{"self":[{"href":"https:\/\/dekkbi.com\/index.php?rest_route=\/wp\/v2\/posts\/42011","targetHints":{"allow":["GET"]}}],"collection":[{"href":"https:\/\/dekkbi.com\/index.php?rest_route=\/wp\/v2\/posts"}],"about":[{"href":"https:\/\/dekkbi.com\/index.php?rest_route=\/wp\/v2\/types\/post"}],"author":[{"embeddable":true,"href":"https:\/\/dekkbi.com\/index.php?rest_route=\/wp\/v2\/users\/1"}],"replies":[{"embeddable":true,"href":"https:\/\/dekkbi.com\/index.php?rest_route=%2Fwp%2Fv2%2Fcomments&post=42011"}],"version-history":[{"count":1,"href":"https:\/\/dekkbi.com\/index.php?rest_route=\/wp\/v2\/posts\/42011\/revisions"}],"predecessor-version":[{"id":42013,"href":"https:\/\/dekkbi.com\/index.php?rest_route=\/wp\/v2\/posts\/42011\/revisions\/42013"}],"wp:featuredmedia":[{"embeddable":true,"href":"https:\/\/dekkbi.com\/index.php?rest_route=\/wp\/v2\/media\/42012"}],"wp:attachment":[{"href":"https:\/\/dekkbi.com\/index.php?rest_route=%2Fwp%2Fv2%2Fmedia&parent=42011"}],"wp:term":[{"taxonomy":"category","embeddable":true,"href":"https:\/\/dekkbi.com\/index.php?rest_route=%2Fwp%2Fv2%2Fcategories&post=42011"},{"taxonomy":"post_tag","embeddable":true,"href":"https:\/\/dekkbi.com\/index.php?rest_route=%2Fwp%2Fv2%2Ftags&post=42011"}],"curies":[{"name":"wp","href":"https:\/\/api.w.org\/{rel}","templated":true}]}}