{"id":42008,"date":"2024-09-11T12:06:54","date_gmt":"2024-09-11T12:06:54","guid":{"rendered":"https:\/\/dekkbi.com\/?p=42008"},"modified":"2024-09-11T12:06:55","modified_gmt":"2024-09-11T12:06:55","slug":"mexique-le-senat-adopte-sa-tres-controversee-reforme-judiciaire-malgre-lhostilite-des-manifestants","status":"publish","type":"post","link":"https:\/\/dekkbi.com\/?p=42008","title":{"rendered":"Mexique: le S\u00e9nat adopte sa tr\u00e8s controvers\u00e9e r\u00e9forme judiciaire malgr\u00e9 l&rsquo;hostilit\u00e9 des manifestants"},"content":{"rendered":"\n<p>Le S\u00e9nat mexicain a approuv\u00e9, mercredi 11 septembre, la r\u00e9forme constitutionnelle apr\u00e8s avoir \u00e9t\u00e9 envahi par des manifestants hostiles au projet. Ce dernier fait du pays le premier au monde \u00e0 d\u00e9signer tous ses juges par un vote populaire.<\/p>\n\n\n\n<p>Voulue par le pr\u00e9sident de gauche sortant\u00a0<strong>Andres Manuel Lopez Obrador<\/strong>, la r\u00e9forme a \u00e9t\u00e9 adopt\u00e9e ce mercredi. Elle a \u00e9t\u00e9 approuv\u00e9e par 86 voix pour, soit les deux tiers des 127 s\u00e9nateurs pr\u00e9sents \u00e0 la Chambre haute, domin\u00e9e par le parti au pouvoir\u00a0<strong>Morena<\/strong>\u00a0et ses alli\u00e9s, et 41 voix contre de la part des partis d&rsquo;opposition.<\/p>\n\n\n\n<p>La veille, dans la soir\u00e9e, plusieurs centaines de manifestants avaient envahi le si\u00e8ge du S\u00e9nat mexicain pour s&rsquo;opposer \u00e0 cette explosive r\u00e9forme du pouvoir judiciaire, for\u00e7ant la d\u00e9localisation des d\u00e9bats.&nbsp;Apr\u00e8s avoir franchi les barri\u00e8res de s\u00e9curit\u00e9, ils ont oblig\u00e9 le pr\u00e9sident du S\u00e9nat Gerardo Fernandez Noro\u00f1a \u00e0 ajourner la session avant que ce dernier n&rsquo;annonce que la session serait d\u00e9localis\u00e9e dans l&rsquo;ancien si\u00e8ge du S\u00e9nat. \u00ab&nbsp;<em>Il y aura une r\u00e9forme du pouvoir judiciaire&nbsp;<\/em>\u00bb, a-t-il ajout\u00e9. Les d\u00e9bats ont repris dans la soir\u00e9e dans la nouvelle enceinte, aux alentours de laquelle se sont \u00e9galement d\u00e9plac\u00e9s les protestataires.<\/p>\n\n\n\n<p>La r\u00e9forme\u00a0<strong>avait d\u00e9j\u00e0 \u00e9t\u00e9 adopt\u00e9e<\/strong>\u00a0la semaine derni\u00e8re par les d\u00e9put\u00e9s dans un gymnase, sous des paniers de basketball, apr\u00e8s le blocage de la Chambre basse\u00a0<strong>par<a href=\"https:\/\/rfi.fr\/fr\/am%C3%A9riques\/20240909-mexique-des-milliers-de-personnes-manifestent-contre-une-r%C3%A9forme-judicaire-tr%C3%A8s-contest%C3%A9e\" target=\"_blank\" rel=\"noreferrer noopener\"> <\/a>des<a href=\"https:\/\/rfi.fr\/fr\/am%C3%A9riques\/20240909-mexique-des-milliers-de-personnes-manifestent-contre-une-r%C3%A9forme-judicaire-tr%C3%A8s-contest%C3%A9e\" target=\"_blank\" rel=\"noreferrer noopener\"> <\/a>manifestants<\/strong>. Le chef d&rsquo;\u00c9tat mexicain, qui c\u00e9dera le pouvoir le 1er octobre \u00e0 Claudia Sheinbaum, issue du m\u00eame parti, soutient que la justice mexicaine est corrompue et ne sert que les int\u00e9r\u00eats \u00e9conomiques des \u00e9lites, alors que plus de 90% des crimes restent impunis au Mexique, selon les ONG. Ses opposants estiment que cette r\u00e9forme fragilisera l&rsquo;ind\u00e9pendance des juges et les rendra vuln\u00e9rables aux pressions du crime organis\u00e9.<\/p>\n\n\n\n<p>SOURCE : RFI<\/p>\n","protected":false},"excerpt":{"rendered":"<p>Le S\u00e9nat mexicain a approuv\u00e9, mercredi 11 septembre, la r\u00e9forme constitutionnelle apr\u00e8s avoir \u00e9t\u00e9 envahi par des manifestants hostiles au<\/p>\n","protected":false},"author":1,"featured_media":42009,"comment_status":"open","ping_status":"open","sticky":false,"template":"","format":"standard","meta":{"footnotes":""},"categories":[51],"tags":[],"class_list":["post-42008","post","type-post","status-publish","format-standard","has-post-thumbnail","hentry","category-general"],"_links":{"self":[{"href":"https:\/\/dekkbi.com\/index.php?rest_route=\/wp\/v2\/posts\/42008","targetHints":{"allow":["GET"]}}],"collection":[{"href":"https:\/\/dekkbi.com\/index.php?rest_route=\/wp\/v2\/posts"}],"about":[{"href":"https:\/\/dekkbi.com\/index.php?rest_route=\/wp\/v2\/types\/post"}],"author":[{"embeddable":true,"href":"https:\/\/dekkbi.com\/index.php?rest_route=\/wp\/v2\/users\/1"}],"replies":[{"embeddable":true,"href":"https:\/\/dekkbi.com\/index.php?rest_route=%2Fwp%2Fv2%2Fcomments&post=42008"}],"version-history":[{"count":1,"href":"https:\/\/dekkbi.com\/index.php?rest_route=\/wp\/v2\/posts\/42008\/revisions"}],"predecessor-version":[{"id":42010,"href":"https:\/\/dekkbi.com\/index.php?rest_route=\/wp\/v2\/posts\/42008\/revisions\/42010"}],"wp:featuredmedia":[{"embeddable":true,"href":"https:\/\/dekkbi.com\/index.php?rest_route=\/wp\/v2\/media\/42009"}],"wp:attachment":[{"href":"https:\/\/dekkbi.com\/index.php?rest_route=%2Fwp%2Fv2%2Fmedia&parent=42008"}],"wp:term":[{"taxonomy":"category","embeddable":true,"href":"https:\/\/dekkbi.com\/index.php?rest_route=%2Fwp%2Fv2%2Fcategories&post=42008"},{"taxonomy":"post_tag","embeddable":true,"href":"https:\/\/dekkbi.com\/index.php?rest_route=%2Fwp%2Fv2%2Ftags&post=42008"}],"curies":[{"name":"wp","href":"https:\/\/api.w.org\/{rel}","templated":true}]}}