{"id":41871,"date":"2024-09-10T10:02:51","date_gmt":"2024-09-10T10:02:51","guid":{"rendered":"https:\/\/dekkbi.com\/?p=41871"},"modified":"2024-09-10T10:02:52","modified_gmt":"2024-09-10T10:02:52","slug":"michel-barnier-une-bonne-affaire-pour-le-allies-de-la-france","status":"publish","type":"post","link":"https:\/\/dekkbi.com\/?p=41871","title":{"rendered":"Michel Barnier, une bonne affaire pour le alli\u00e9s de la France ?"},"content":{"rendered":"\n<p><strong>Durant la longue p\u00e9riode de recherche d\u2019un Premier ministre fran\u00e7ais entam\u00e9e par le pr\u00e9sident Emmanuel Macron apr\u00e8s les l\u00e9gislatives anticip\u00e9es, les alli\u00e9s de la France regardaient ce vide institutionnel avec une forme d\u2019inqui\u00e9tude. En Europe, au Maghreb, en Afrique, dans le monde arabe, la curiosit\u00e9 \u00e9tait grande de conna\u00eetre la personnalit\u00e9 qui allait conduire et g\u00e9rer les affaires de la France. Une personnalit\u00e9 de gauche avec un agenda et un programme qui annon\u00e7ait une rupture et un changement \u00e9tait certainement diff\u00e9rente d\u2019une personnalit\u00e9 de droite qui assurant permanence et continuit\u00e9.<\/strong><a target=\"_blank\" rel=\"noreferrer noopener\"><\/a><\/p>\n\n\n\n<p>La question de savoir si la France va changer de politique \u00e9trang\u00e8re parce que Michel Barnier vient de succ\u00e9der \u00e0 Gabriel Attal apr\u00e8s une longue attente et d\u2019\u00e2pres n\u00e9gociations, ne se pose qu\u2019\u00e0 l\u2019\u00e9tranger, notamment dans les pays directement concern\u00e9s par le devenir de la parole et de l\u2019influence fran\u00e7aise.<\/p>\n\n\n\n<p>En France, cette interrogation est quasi inexistante pour le moment. La raison \u00e9tant que les choix de politique \u00e9trang\u00e8re sont du domaine r\u00e9serv\u00e9 du Pr\u00e9sident de la R\u00e9publique et que quel que soit le ministre qui va succ\u00e9der \u00e0 St\u00e9phane S\u00e9journ\u00e9 au Quai d\u2019Orsay, il aura comme feuille de route diplomatique la vision concoct\u00e9e \u00e0 l\u2019Elys\u00e9e.<\/p>\n\n\n\n<p>En plein campagne des l\u00e9gislatives, cette affirmation n\u2019\u00e9tait pas une \u00e9vidence. Alors que les sondages annon\u00e7aient un triomphe de l\u2019extr\u00eame droite et l\u2019installation in\u00e9vitable de Jordane Bardella \u00e0 Matignon, un d\u00e9bat in\u00e9dit avait eu lieu entre les deux tours des l\u00e9gislatives entre Marine Le Pen et Emmanuel Macron pour savoir qui conduirait la politique \u00e9trang\u00e8re et de d\u00e9fense de la France. Marine Le Pen avait choqu\u00e9 le c\u00e9nacle fran\u00e7ais en affirmant que le futur Premier ministre et donc Jordan Bardella aura son mot \u00e0 dire pour dessiner la politique \u00e9trang\u00e8re de la France et que le Pr\u00e9sident de la R\u00e9publique n\u2019\u00e9tait que le chef honorifique des arm\u00e9es. Ce qui avait provoqu\u00e9 une immense pol\u00e9mique en France.<\/p>\n\n\n\n<p>La politique \u00e9trang\u00e8re de la France aurait connu des frictions certaines si l\u2019extr\u00eame droite \u00e9tait arriv\u00e9e au pouvoir. Elle aurait \u00e9t\u00e9 l\u2019objet d\u2019un grand changement si Emmanuel Macron avait choisi un personnalit\u00e9 adoub\u00e9e par la gauche. Et pour cause. A tire d\u2019exemple , parmi les id\u00e9es diplomatiques phares de la gauche, celle d\u2019une reconnaissance imm\u00e9diate de l\u2019Etat de Palestine. Ce qu\u2019Emmanuel Macron avait h\u00e9sit\u00e9 \u00e0 faire, pr\u00e9textant que cette d\u00e9cision serait d\u00e9pourvue d\u2019efficacit\u00e9 dans un contexte de guerre isra\u00e9lienne sur Gaza.<\/p>\n\n\n\n<p>La politique de la France dans la gestion de la guerre Russie-Ukraine aurait \u00e9t\u00e9 aussi diff\u00e9rente si la gauche ou l\u2019extr\u00eame droite \u00e9taient au pouvoir. Ces deux p\u00f4les politiques se sont distingu\u00e9s par des prises de positions qui aspirent \u00e0 stopper cette guerre au prix de devoir reculer sur l\u2019aide \u00e0 apporter \u00e0 l\u2019Ukraine et consacrer les acquis militaires de la Russie dans l\u2019est de ce pays.<a href=\"https:\/\/account.microsoft.com\/privacy\/ad-settings\" target=\"_blank\" rel=\"noreferrer noopener\"><\/a><\/p>\n\n\n\n<p>Avec Michel Barnier et quel que soit le nouveau ministre des affaires \u00e9trang\u00e8res, il y a tr\u00e8s peu de chances que la politique \u00e9trang\u00e8re de la France puisse conna\u00eetre la moindre inflexion. Si le pedigree europ\u00e9en de Michel Barnier va l\u2019aider \u00e0 porter davantage l\u2019importance de la construction europ\u00e9enne dans la politique fran\u00e7aise, il sera en totale harmonie avec le pr\u00e9sident Macron, lui m\u00eame chantre passionn\u00e9 de la construction europ\u00e9enne.<\/p>\n\n\n\n<p>M\u00eame si aucun changement notoire de la France \u00e0 l\u2019international n\u2019est attendu avec l\u2019arriv\u00e9e de Michel Barnier \u00e0 Matignon, cette nomination peut \u00eatre l\u2019occasion pour Emmanuel Macron pour r\u00e9actualiser la relation de Paris avec ses partenaires politiques au Maghreb et au Moyen Orient \u00e0 l\u2019ombre des nouvelles donn\u00e9s politiques qui s\u2019annoncent avec le r\u00e9sultat impr\u00e9visible des \u00e9lections am\u00e9ricaines.<\/p>\n\n\n\n<p>Sur la crise iranienne, aussi bien que sur la question de la guerre isra\u00e9lo-palestinienne, l\u2019impasse libanaise et les menaces d\u2019explosion r\u00e9gionale, le nouveau ministre des affaires \u00e9trang\u00e8res de Michel Barnier aura l\u2019imp\u00e9rieuse t\u00e2che de mettre \u00e0 niveau la vision diplomatique fran\u00e7aise qui a souffert d\u2019une forme de paralysie et de distanciation que l\u2019\u00e9preuve \u00e9lectorale apr\u00e8s la dissolution de l\u2019Assembl\u00e9e lui avait impos\u00e9e.<a href=\"https:\/\/account.microsoft.com\/privacy\/ad-settings\" target=\"_blank\" rel=\"noreferrer noopener\"><\/a><\/p>\n\n\n\n<p>Pour Emmanuel Macron, cette s\u00e9quence n\u2019est aussi l\u2019occasion de pr\u00e9ciser les contours de sa relation avec les pays du Maghreb. Une visite d\u2019Etat au Maroc doit \u00eatre programm\u00e9e avec la m\u00eame urgence que l\u2019indispensable clarification des relations de la France avec l\u2019Alg\u00e9rie, pays avec lequel Paris entretient aujourd\u2019hui des relations en dents de scie.<\/p>\n\n\n\n<p>Le profil de Michel Barnier est de ceux qui rassurent au niveau interne. C\u2019est d\u2019ailleurs une des principales qualit\u00e9s que la presse avait soulign\u00e9e d\u00e8s sa nomination. Il poss\u00e8de le m\u00eame effet au niveau international. Les partenaires de la France, notamment \u00e9conomiques, doivent s\u2019attendre \u00e0 une forme de continuit\u00e9 dans leurs relations avec l\u2019hexagone.<\/p>\n\n\n\n<p>Si pour se distinguer de l\u2019\u00e8re de Gabriel Attal, Barnier avait promis des changements et des ruptures dans la politique nationale, justement pour donner cette impression que le message que les Fran\u00e7ais ont envoy\u00e9 \u00e0 travers ces l\u00e9gislatives \u00e9tait entendu, il n\u2019est pas attendu qu\u2019il en fasse de m\u00eame en politique internationale qui devait suivre un rythme de continuit\u00e9 et de permanence.<\/p>\n\n\n\n<p>The post\u00a0Michel Barnier, une bonne affaire pour le alli\u00e9s de la France ?\u00a0appeared first on\u00a0Hespress Fran\u00e7ais &#8211; Actualit\u00e9s du Maroc.<a href=\"https:\/\/fr.hespress.com\/\" target=\"_blank\" rel=\"noreferrer noopener\"><\/a><\/p>\n","protected":false},"excerpt":{"rendered":"<p>Durant la longue p\u00e9riode de recherche d\u2019un Premier ministre fran\u00e7ais entam\u00e9e par le pr\u00e9sident Emmanuel Macron apr\u00e8s les l\u00e9gislatives anticip\u00e9es,<\/p>\n","protected":false},"author":1,"featured_media":41670,"comment_status":"open","ping_status":"open","sticky":false,"template":"","format":"standard","meta":{"footnotes":""},"categories":[51],"tags":[],"class_list":["post-41871","post","type-post","status-publish","format-standard","has-post-thumbnail","hentry","category-general"],"_links":{"self":[{"href":"https:\/\/dekkbi.com\/index.php?rest_route=\/wp\/v2\/posts\/41871","targetHints":{"allow":["GET"]}}],"collection":[{"href":"https:\/\/dekkbi.com\/index.php?rest_route=\/wp\/v2\/posts"}],"about":[{"href":"https:\/\/dekkbi.com\/index.php?rest_route=\/wp\/v2\/types\/post"}],"author":[{"embeddable":true,"href":"https:\/\/dekkbi.com\/index.php?rest_route=\/wp\/v2\/users\/1"}],"replies":[{"embeddable":true,"href":"https:\/\/dekkbi.com\/index.php?rest_route=%2Fwp%2Fv2%2Fcomments&post=41871"}],"version-history":[{"count":1,"href":"https:\/\/dekkbi.com\/index.php?rest_route=\/wp\/v2\/posts\/41871\/revisions"}],"predecessor-version":[{"id":41872,"href":"https:\/\/dekkbi.com\/index.php?rest_route=\/wp\/v2\/posts\/41871\/revisions\/41872"}],"wp:featuredmedia":[{"embeddable":true,"href":"https:\/\/dekkbi.com\/index.php?rest_route=\/wp\/v2\/media\/41670"}],"wp:attachment":[{"href":"https:\/\/dekkbi.com\/index.php?rest_route=%2Fwp%2Fv2%2Fmedia&parent=41871"}],"wp:term":[{"taxonomy":"category","embeddable":true,"href":"https:\/\/dekkbi.com\/index.php?rest_route=%2Fwp%2Fv2%2Fcategories&post=41871"},{"taxonomy":"post_tag","embeddable":true,"href":"https:\/\/dekkbi.com\/index.php?rest_route=%2Fwp%2Fv2%2Ftags&post=41871"}],"curies":[{"name":"wp","href":"https:\/\/api.w.org\/{rel}","templated":true}]}}