{"id":41862,"date":"2024-09-10T09:56:47","date_gmt":"2024-09-10T09:56:47","guid":{"rendered":"https:\/\/dekkbi.com\/?p=41862"},"modified":"2024-09-10T10:22:38","modified_gmt":"2024-09-10T10:22:38","slug":"apres-la-reelection-du-president-tebboune-quelles-perspectives-pour-lalgerie-et-le-mali","status":"publish","type":"post","link":"https:\/\/dekkbi.com\/?p=41862","title":{"rendered":"R\u00e9\u00e9lection de Tebboune, quelles perspectives pour l\u2019Alg\u00e9rie et le Mali?"},"content":{"rendered":"\n<p>Aucun message de f\u00e9licitations de la part de Bamako, du moins pour le moment. Le Pr\u00e9sident alg\u00e9rien Abdelmadjid Tebboune a \u00e9t\u00e9 r\u00e9\u00e9lu dimanche, dans un scrutin aux r\u00e9sultats contest\u00e9s. Sur le plan diplomatique, il devra tenter d\u2019am\u00e9liorer des relations de plus en plus crisp\u00e9es avec ses voisins, \u00e0 commencer par le Mali. Les relations entre les deux pays sont plus d\u00e9grad\u00e9es que jamais. L\u2019Alg\u00e9rie est pass\u00e9e de partenaire strat\u00e9gique \u00e0 celui de paria.<\/p>\n\n\n\n<p>Il est loin le temps o\u00f9 le ministre alg\u00e9rien des Affaires \u00e9trang\u00e8res en visite \u00e0 Bamako fustigeait la France aux c\u00f4t\u00e9s d\u2019un Premier ministre malien de transition tout sourire. C\u2019\u00e9tait\u00a0<strong>en octobre 2021<\/strong>\u00a0: Ramtane Lamamra, envoy\u00e9 \u00e0 Bamako par le pr\u00e9sident Tebboune, d\u00e9non\u00e7ait en sortant de son entretien avec Choguel Ma\u00efga la \u00ab\u00a0<em>faillite m\u00e9morielle\u00a0<\/em>\u00bb de l\u2019ancien colonisateur, ennemi commun affich\u00e9 des deux pays.<\/p>\n\n\n\n<p>L\u2019histoire des relations entre le\u00a0<strong>Mali\u00a0<\/strong>et l\u2019Alg\u00e9rie est ponctu\u00e9e de p\u00e9riodes de tension, mais en l\u2019espace d\u2019environ une ann\u00e9e, l\u2019Alg\u00e9rie est pass\u00e9e du statut de partenaire strat\u00e9gique \u00e0 celui de paria, accus\u00e9 d\u2019\u00ab<em>\u00a0hostilit\u00e9\u00a0<\/em>\u00bb et \u00ab<em>\u00a0d\u2019ing\u00e9rence\u00a0<\/em>\u00bb. Des termes utilis\u00e9s en janvier dernier lorsque le Mali a officiellement rompu l\u2019accord de paix qui avait \u00e9t\u00e9 conclu en 2015 avec les rebelles ind\u00e9pendantistes du Nord, sous l\u2019\u00e9gide de l\u2019Alg\u00e9rie. Bamako, qui reprochait \u00e0 l\u2019Alg\u00e9rie de continuer de consulter sur son sol les groupes arm\u00e9s pour tenter de sauver l\u2019accord de paix, avait alors carr\u00e9ment accus\u00e9 Alger de consid\u00e9rer le Mali comme son \u00ab<em>\u00a0arri\u00e8re-cour<\/em>\u00a0\u00bb, un \u00ab<em>\u00a0\u00c9tat paillasson\u00a0<\/em>\u00bb trait\u00e9 avec \u00ab<em>\u00a0m\u00e9pris\u00a0<\/em>\u00bb et \u00ab<em>\u00a0condescendance\u00a0<\/em>\u00bb.<\/p>\n\n\n\n<p>La r\u00e9ponse plus mesur\u00e9e d\u2019Alger, clamant sa \u00ab<em>&nbsp;bonne foi&nbsp;<\/em>\u00bb et sa \u00ab<em>&nbsp;solidarit\u00e9 ind\u00e9fectible&nbsp;<\/em>\u00bb envers le \u00ab&nbsp;<em>Mali fr\u00e8re&nbsp;<\/em>\u00bb n\u2019a clairement pas permis de restaurer les liens entre les deux pays, ni de convaincre Bamako d\u2019abandonner&nbsp;l\u2019option strictement militaire d\u00e9sormais retenue contre les groupes rebelles du Nord. \u00ab<em>&nbsp;L\u2019Alg\u00e9rie reste attach\u00e9e au principe d\u2019un accord de paix et d\u2019une solution n\u00e9goci\u00e9e&nbsp;<\/em>\u00bb, analyse un chercheur africain sp\u00e9cialiste de la zone et requ\u00e9rant l\u2019anonymat. \u00ab<em>&nbsp;Alger ne changera pas de paradigme, or ce n\u2019est pas du tout la ligne des autorit\u00e9s de Bamako. Il ne faut donc pas s\u2019attendre \u00e0 une \u00e9volution, plut\u00f4t \u00e0 une stagnation.&nbsp;<\/em>\u00bb<\/p>\n\n\n\n<h2 class=\"wp-block-heading\">50&nbsp;000 Maliens \u00e0 la fronti\u00e8re alg\u00e9rienne<\/h2>\n\n\n\n<p>Bamako consid\u00e8re d\u00e9sormais les groupes rebelles du nord du Mali\u00a0<strong>comme \u00ab<em>\u00a0terroristes<\/em>\u00a0\u00bb<\/strong>, au m\u00eame titre que les jihadistes du Jnim, li\u00e9 \u00e0 al-Qa\u00efda. La pr\u00e9sence ou les s\u00e9jours de certains de leurs chefs en\u00a0<strong>Alg\u00e9rie<\/strong>, o\u00f9 l\u2019accord de paix de 2015 avait en grande partie \u00e9t\u00e9 n\u00e9goci\u00e9, sont donc per\u00e7us comme une forme de collaboration avec l\u2019ennemi. \u00ab<em>\u00a0Ces derniers temps, poursuit le m\u00eame chercheur sp\u00e9cialiste du Sahel, des cadres du Cadre strat\u00e9gique permanent (CSP) ont pris la direction de la Mauritanie plut\u00f4t que de l\u2019Alg\u00e9rie, cela pourrait apaiser un peu les relations entre Bamako et Alger.\u00a0<\/em>\u00bb<\/p>\n\n\n\n<p>Par ailleurs, depuis l\u2019\u00e9t\u00e9 dernier, environ 50&nbsp;000 civils maliens du nord, selon une estimation du HCR (Haut-commissariat des Nations unies pour les r\u00e9fugi\u00e9s), se sont r\u00e9fugi\u00e9s \u00e0 la fronti\u00e8re alg\u00e9rienne, fuyant la reprise des combats entre l\u2019arm\u00e9e malienne, ses suppl\u00e9tifs de Wagner et les rebelles du CSP. Mais le HCR, des deux c\u00f4t\u00e9s de la fronti\u00e8re, n\u2019a pas \u00e9t\u00e9 autoris\u00e9 \u00e0 leur porter assistance&nbsp;: le Mali lui refuse l\u2019acc\u00e8s \u00e0 des zones o\u00f9 l\u2019arm\u00e9e m\u00e8ne des op\u00e9rations et l\u2019Alg\u00e9rie, si elle n\u2019a pas ferm\u00e9 ses portes, ne souhaite pas enregistrer de demandes pouvant conduire \u00e0 l\u2019obtention du statut de r\u00e9fugi\u00e9s, selon les explications du HCR.<\/p>\n\n\n\n<p>Les autorit\u00e9s maliennes de transition appellent les r\u00e9fugi\u00e9s et d\u00e9plac\u00e9s de la r\u00e9gion de Kidal \u00e0 rentrer chez eux, mais ceux que RFI a pu joindre, d\u2019un c\u00f4t\u00e9 ou de l\u2019autre de la fronti\u00e8re alg\u00e9rienne, affirment ne pas avoir suffisamment de garanties quant \u00e0 leur s\u00e9curit\u00e9.<\/p>\n\n\n\n<h2 class=\"wp-block-heading\">Passe d\u2019armes \u00e0 l\u2019ONU sur les frappes de drone<\/h2>\n\n\n\n<p>Le ton est encore mont\u00e9 d\u2019un cran il y a une dizaine de jours, lorsque l\u2019Alg\u00e9rie a d\u00e9nonc\u00e9 les frappes de drones op\u00e9r\u00e9es fin ao\u00fbt par l\u2019arm\u00e9e malienne \u00e0 Tinzaouat\u00e8ne, ville fronti\u00e8re entre le Mali et l\u2019Alg\u00e9rie, et qui avaient fait une vingtaine de victimes civiles, dont des enfants \u2013 des informations v\u00e9rifi\u00e9es et recoup\u00e9es par RFI. Apr\u00e8s la s\u00e9v\u00e8re d\u00e9faite inflig\u00e9e fin juillet par les rebelles du CSP \u00e0 l\u2019arm\u00e9e malienne et \u00e0 ses suppl\u00e9tifs russes de Wagner, le Mali a multipli\u00e9 les frappes de drones dans la zone de Tinzaouat\u00e8ne. Certains projectiles ont explos\u00e9 si pr\u00e8s du territoire alg\u00e9rien que l\u2019aviation alg\u00e9rienne a m\u00eame \u00e9t\u00e9 mobilis\u00e9e, sans que la situation d\u00e9g\u00e9n\u00e8re.<\/p>\n\n\n\n<p>Le repr\u00e9sentant de l\u2019Alg\u00e9rie aux Nations unies a donc r\u00e9clam\u00e9 des sanctions onusiennes et appel\u00e9 \u00e0&nbsp;\u00ab<em>&nbsp;mettre un terme aux violations des arm\u00e9es priv\u00e9es utilis\u00e9es par certains pays&nbsp;<\/em>\u00bb, en r\u00e9f\u00e9rence aux mercenaires de Wagner qui suppl\u00e9ent l\u2019arm\u00e9e malienne, et dont la pr\u00e9sence \u00e0 ses portes a toujours \u00e9t\u00e9 vue d\u2019un mauvais \u0153il par Alger. R\u00e9ponse imm\u00e9diate et scandalis\u00e9e du Mali&nbsp;: son propre ambassadeur aux Nations unies a qualifi\u00e9 ces accusations de \u00ab<em>&nbsp;graves et infond\u00e9es&nbsp;<\/em>\u00bb et accus\u00e9 l\u2019Alg\u00e9rie d\u2019\u00eatre un \u00ab&nbsp;<em>relais de la propagande terroriste<\/em>&nbsp;\u00bb. Le Mali, qui ne reconna\u00eet toujours pas la pr\u00e9sence dans le pays du groupe Wagner, d\u00e9sormais int\u00e9gr\u00e9s au \u00ab&nbsp;<em>Corps africain<\/em>&nbsp;\u00bb contr\u00f4l\u00e9 par Moscou, d\u00e9ment avoir tu\u00e9 des civils et assure n\u2019avoir jamais \u00ab&nbsp;<em>d\u00e9truit<\/em>&nbsp;\u00bb que des \u00ab<em>&nbsp;cibles terroristes&nbsp;<\/em>\u00bb \u00e0 Tinzaouat\u00e8ne \u2013 comme dans le reste du Mali d\u2019ailleurs, toutes les accusations d\u2019exactions ayant \u00e9t\u00e9 cat\u00e9goriquement rejet\u00e9 par les autorit\u00e9s politiques et militaires en place.<\/p>\n\n\n\n<h2 class=\"wp-block-heading\">\u00ab<em>&nbsp;Personne ne souhaite aller au conflit&nbsp;<\/em>\u00bb<\/h2>\n\n\n\n<p>\u00ab<em>&nbsp;Pour l\u2019instant, ni Alger ni Bamako ne sont all\u00e9s au-del\u00e0 des d\u00e9clarations, il n\u2019y a par exemple pas eu de rappel d\u2019ambassadeur&nbsp;<\/em>\u00bb, note le chercheur sp\u00e9cialiste du Sahel sous couvert d\u2019anonymat, qui estime que \u00ab<em>&nbsp;pour le moment, tout le monde va tenter d\u2019\u00e9viter la rupture. L\u2019Alg\u00e9rie aurait souhait\u00e9 que les Fama et Wagner s\u2019arr\u00eatent \u00e0 Kidal&nbsp;<\/em>[et ne s\u2019approchent pas davantage de la fronti\u00e8re ndlr]<em>, donc on verra comment les choses \u00e9voluent, mais je crois que personne ne souhaite aller au conflit. Les cons\u00e9quences seraient mauvaises des deux c\u00f4t\u00e9s.&nbsp;<\/em>\u00bb<\/p>\n\n\n\n<p>Les autorit\u00e9s maliennes de transition reprochent \u00e0 Alger ses relations avec les groupes rebelles du Nord, mais aussi avec l\u2019opposition politique malienne. Cela fait bient\u00f4t un an que l\u2019imam Mahmoud Dicko, venu se faire soigner en Alg\u00e9rie en d\u00e9cembre 2023, n\u2019a plus quitt\u00e9 le pays o\u00f9 il a m\u00eame \u00e9t\u00e9 re\u00e7u par le pr\u00e9sident Tebboune en personne. Ce qui avait profond\u00e9ment irrit\u00e9 les dirigeants maliens de transition.<\/p>\n\n\n\n<p>Ancien pr\u00e9sident du Haut conseil islamique du Mali, Mahmoud Dicko est progressivement devenu un virulent opposant du r\u00e9gime en place, d\u00e9non\u00e7ant les d\u00e9rives antid\u00e9mocratiques d\u2019une transition malienne \u00ab<em>&nbsp;sans trajectoire&nbsp;<\/em>\u00bb et s\u2019\u00e9ternisant au pouvoir. Son organisation, la Coordination des mouvements, associations et sympathisants de l&rsquo;imam Mahmoud Dicko (CMAS), a officiellement \u00e9t\u00e9 dissoute par les autorit\u00e9s maliennes de transition en mars 2024. Le coordinateur g\u00e9n\u00e9ral de la CMAS et proche de l\u2019imam Dicko, Youssouf Diawara, est en prison depuis le mois de juillet&nbsp;: sa participation \u00e0 une manifestation \u00e0 Bamako r\u00e9clamant la fin des coupures d\u2019\u00e9lectricit\u00e9 et l\u2019organisation d\u2019\u00e9lections lui vaut d\u2019\u00eatre poursuivi pour \u00ab<em>&nbsp;opposition \u00e0 l&rsquo;autorit\u00e9 l\u00e9gitime&nbsp;<\/em>\u00bb. Les partisans de l\u2019imam estiment qu\u2019\u00e0 travers cette proc\u00e9dure, c\u2019est Mahmoud Dicko lui-m\u00eame qui est vis\u00e9 et menac\u00e9&nbsp;: difficile pour lui, dans ses conditions, d\u2019envisager un retour au pays.<\/p>\n\n\n\n<p>Le pr\u00e9sident alg\u00e9rien Abdelmadjid Tebboune, officiellement r\u00e9\u00e9lu, aura donc fort \u00e0 faire avec le Mali, mais aussi avec ses autres voisins\u00a0: le Maroc, avec qui le conflit ancestral sur le Sahara occidental s\u2019est \u00e0 nouveau envenim\u00e9 ces derniers mois, ou encore la Libye, o\u00f9 l\u2019ANL du mar\u00e9chal Haftar, qui recourt \u00e9galement au groupe Wagner, a\u00a0<strong>men\u00e9 pendant l\u2019\u00e9t\u00e9 des op\u00e9rations \u00e0 la fronti\u00e8re alg\u00e9rienne<\/strong>, officiellement pour la \u00ab<em>\u00a0s\u00e9curiser\u00a0<\/em>\u00bb.<\/p>\n\n\n\n<p>Par : David Bach\u00e9<\/p>\n\n\n\n<p>SOURCE RFI<\/p>\n","protected":false},"excerpt":{"rendered":"<p>Aucun message de f\u00e9licitations de la part de Bamako, du moins pour le moment. Le Pr\u00e9sident alg\u00e9rien Abdelmadjid Tebboune a<\/p>\n","protected":false},"author":1,"featured_media":41864,"comment_status":"open","ping_status":"open","sticky":false,"template":"","format":"standard","meta":{"footnotes":""},"categories":[51],"tags":[],"class_list":["post-41862","post","type-post","status-publish","format-standard","has-post-thumbnail","hentry","category-general"],"_links":{"self":[{"href":"https:\/\/dekkbi.com\/index.php?rest_route=\/wp\/v2\/posts\/41862","targetHints":{"allow":["GET"]}}],"collection":[{"href":"https:\/\/dekkbi.com\/index.php?rest_route=\/wp\/v2\/posts"}],"about":[{"href":"https:\/\/dekkbi.com\/index.php?rest_route=\/wp\/v2\/types\/post"}],"author":[{"embeddable":true,"href":"https:\/\/dekkbi.com\/index.php?rest_route=\/wp\/v2\/users\/1"}],"replies":[{"embeddable":true,"href":"https:\/\/dekkbi.com\/index.php?rest_route=%2Fwp%2Fv2%2Fcomments&post=41862"}],"version-history":[{"count":2,"href":"https:\/\/dekkbi.com\/index.php?rest_route=\/wp\/v2\/posts\/41862\/revisions"}],"predecessor-version":[{"id":41892,"href":"https:\/\/dekkbi.com\/index.php?rest_route=\/wp\/v2\/posts\/41862\/revisions\/41892"}],"wp:featuredmedia":[{"embeddable":true,"href":"https:\/\/dekkbi.com\/index.php?rest_route=\/wp\/v2\/media\/41864"}],"wp:attachment":[{"href":"https:\/\/dekkbi.com\/index.php?rest_route=%2Fwp%2Fv2%2Fmedia&parent=41862"}],"wp:term":[{"taxonomy":"category","embeddable":true,"href":"https:\/\/dekkbi.com\/index.php?rest_route=%2Fwp%2Fv2%2Fcategories&post=41862"},{"taxonomy":"post_tag","embeddable":true,"href":"https:\/\/dekkbi.com\/index.php?rest_route=%2Fwp%2Fv2%2Ftags&post=41862"}],"curies":[{"name":"wp","href":"https:\/\/api.w.org\/{rel}","templated":true}]}}