{"id":41860,"date":"2024-09-10T09:51:37","date_gmt":"2024-09-10T09:51:37","guid":{"rendered":"https:\/\/dekkbi.com\/?p=41860"},"modified":"2024-09-10T09:51:38","modified_gmt":"2024-09-10T09:51:38","slug":"plainte-contre-la-falsification-du-reglement-interieur-de-lassemblee-nationale-amadou-mame-diop-et-ses-collegues-de-la-majorite-en-zone-de-turbulence","status":"publish","type":"post","link":"https:\/\/dekkbi.com\/?p=41860","title":{"rendered":"Plainte contre la falsification du r\u00e8glement int\u00e9rieur de l\u2019Assembl\u00e9e nationale : Amadou Mame Diop et ses coll\u00e8gues de la majorit\u00e9 en zone de turbulence"},"content":{"rendered":"\n<p><strong>Les d\u00e9put\u00e9s Abass Fall et Mamadou Lamine Diallo relancent le d\u00e9bat sur le faux r\u00e8glement int\u00e9rieur de l\u2019Assembl\u00e9e nationale qui a servi de base de travail l\u00e9gislatif durant les deux ann\u00e9es de mandature de cette quatorzi\u00e8me l\u00e9gislature. Ils ont, en effet, d\u00e9pos\u00e9 une plainte au niveau du Parquet de Dakar pour, disent-ils, situer les responsabilit\u00e9s sur les retouches faites sur le R\u00e8glement int\u00e9rieur hors pl\u00e9ni\u00e8re de l\u2019Assembl\u00e9e nationale.&nbsp;&nbsp;<\/strong><\/p>\n\n\n\n<p>Le pr\u00e9sident de l\u2019Assembl\u00e9e nationale, Amadou Mame Diop, et ses coll\u00e8gues de la majorit\u00e9 en zone de turbulence. Alors que la quatorzi\u00e8me l\u00e9gislature est d\u00e9j\u00e0 sous la menace de dissolution par le pr\u00e9sident de la R\u00e9publique, voil\u00e0 qu\u2019une autre \u00e9p\u00e9e de Damocl\u00e8s plane sur la t\u00eate de certains membres de l\u2019actuel bureau de l\u2019Assembl\u00e9e nationale. En effet, les d\u00e9put\u00e9s Abass Fall et Mamadou Lamine Diallo ont d\u00e9cid\u00e9 hier, lundi 9 septembre, de mettre en ex\u00e9cution leur menace contre certains de leurs coll\u00e8gues de la majorit\u00e9 responsables de la falsification du r\u00e8glement int\u00e9rieur de l\u2019Assembl\u00e9e nationale qui a servi de base de travail l\u00e9gislatif durant les deux ann\u00e9es de mandature de cette quatorzi\u00e8me l\u00e9gislature. En effet, ces deux d\u00e9put\u00e9s membres des principaux groupes parlementaires de l\u2019opposition Yewwi askan wi et Libert\u00e9 d\u00e9mocratie et changement (Wallu) ont d\u00e9pos\u00e9 une plainte au niveau du Parquet de Dakar. L\u2019information a \u00e9t\u00e9 r\u00e9v\u00e9l\u00e9e par les deux parlementaires \u00e0 travers des publications sur leurs plateformes num\u00e9riques.<\/p>\n\n\n\n<p>\u00ab&nbsp;Chose promise, Chose faite ! Avec l\u2019Honorable Abass Fall, j\u2019ai d\u00e9pos\u00e9 une plainte pour faux et usage de faux sur le r\u00e8glement int\u00e9rieur de l\u2019Assembl\u00e9e nationale aupr\u00e8s du Procureur de la R\u00e9publique. Cette Assembl\u00e9e nationale s\u2019est accommod\u00e9e au faux durant plus de 22 mois. A l\u2019\u00e9vidence, elle a perdu la force morale de repr\u00e9senter la Nation. Au S\u00e9n\u00e9gal, il faut en finir avec le \u00ab tapal\u00e9 \u00bb, a publi\u00e9 l\u2019honorable d\u00e9put\u00e9 Mamadou Lamine DIALLO dans son profil sur M\u00e9ta (ex facebook). Abondant dans le m\u00eame sens, son coll\u00e8gue Abass Fall va plus loin en r\u00e9v\u00e9lant les infractions vis\u00e9es dans leur plainte. \u00ab&nbsp;Nous avons d\u00e9pos\u00e9 aujourd\u2019hui, le Pr\u00e9sident Mamadou Lamine DIALLO et moi-m\u00eame, une plainte aupr\u00e8s du Procureur de la R\u00e9publique pour faux, usage de faux et falsification du r\u00e8glement int\u00e9rieur de l\u2019Assembl\u00e9e nationale. Cette plainte vise tout simplement \u00e0 situer les responsabilit\u00e9s sur les graves retouches faites sur le RI sans que les d\u00e9put\u00e9s ne soient au courant. Plus jamais \u00e7a \u00e0 l\u2019Assembl\u00e9e nationale !&nbsp;\u00bb.<\/p>\n\n\n\n<p><strong>NANDO CABRAL GOMIS<\/strong><br>SOURCE SUDQUOTIDIEN<\/p>\n","protected":false},"excerpt":{"rendered":"<p>Les d\u00e9put\u00e9s Abass Fall et Mamadou Lamine Diallo relancent le d\u00e9bat sur le faux r\u00e8glement int\u00e9rieur de l\u2019Assembl\u00e9e nationale qui<\/p>\n","protected":false},"author":1,"featured_media":3971,"comment_status":"open","ping_status":"open","sticky":false,"template":"","format":"standard","meta":{"footnotes":""},"categories":[6],"tags":[],"class_list":["post-41860","post","type-post","status-publish","format-standard","has-post-thumbnail","hentry","category-politics"],"_links":{"self":[{"href":"https:\/\/dekkbi.com\/index.php?rest_route=\/wp\/v2\/posts\/41860","targetHints":{"allow":["GET"]}}],"collection":[{"href":"https:\/\/dekkbi.com\/index.php?rest_route=\/wp\/v2\/posts"}],"about":[{"href":"https:\/\/dekkbi.com\/index.php?rest_route=\/wp\/v2\/types\/post"}],"author":[{"embeddable":true,"href":"https:\/\/dekkbi.com\/index.php?rest_route=\/wp\/v2\/users\/1"}],"replies":[{"embeddable":true,"href":"https:\/\/dekkbi.com\/index.php?rest_route=%2Fwp%2Fv2%2Fcomments&post=41860"}],"version-history":[{"count":1,"href":"https:\/\/dekkbi.com\/index.php?rest_route=\/wp\/v2\/posts\/41860\/revisions"}],"predecessor-version":[{"id":41861,"href":"https:\/\/dekkbi.com\/index.php?rest_route=\/wp\/v2\/posts\/41860\/revisions\/41861"}],"wp:featuredmedia":[{"embeddable":true,"href":"https:\/\/dekkbi.com\/index.php?rest_route=\/wp\/v2\/media\/3971"}],"wp:attachment":[{"href":"https:\/\/dekkbi.com\/index.php?rest_route=%2Fwp%2Fv2%2Fmedia&parent=41860"}],"wp:term":[{"taxonomy":"category","embeddable":true,"href":"https:\/\/dekkbi.com\/index.php?rest_route=%2Fwp%2Fv2%2Fcategories&post=41860"},{"taxonomy":"post_tag","embeddable":true,"href":"https:\/\/dekkbi.com\/index.php?rest_route=%2Fwp%2Fv2%2Ftags&post=41860"}],"curies":[{"name":"wp","href":"https:\/\/api.w.org\/{rel}","templated":true}]}}