{"id":41779,"date":"2024-09-09T09:27:37","date_gmt":"2024-09-09T09:27:37","guid":{"rendered":"https:\/\/dekkbi.com\/?p=41779"},"modified":"2024-09-09T09:27:38","modified_gmt":"2024-09-09T09:27:38","slug":"dissolution-ou-non-de-lassemblee-nationale-lavis-du-conseil-constitutionnel-ne-dit-pas-que-le-president-de-la-republique-doit-supprimer-mais-plutot-qu","status":"publish","type":"post","link":"https:\/\/dekkbi.com\/?p=41779","title":{"rendered":"Dissolution ou non de l\u2019Assembl\u00e9e nationale: \u00ab L\u2019avis du Conseil constitutionnel ne dit pas que le pr\u00e9sident de la R\u00e9publique \u00ab doit supprimer \u00bb mais plut\u00f4t \u00ab qu\u2019il peut supprimer \u00bb"},"content":{"rendered":"\n<p>Le myst\u00e8re demeure sur la volont\u00e9 du pr\u00e9sident de la R\u00e9publique de dissoudre ou non l\u2019Assembl\u00e9e nationale \u00e0 partir du 12 septembre prochain. Interpell\u00e9 sur cette question lors de son passage dans l\u2019\u00e9mission Objection de la radio Sudfm (priv\u00e9e) hier, dimanche 8 septembre, le ministre en charge des relations avec les institutions a fait remarquer que \u00ab\u00a0l\u2019avis du Conseil constitutionnel ne dit pas que le pr\u00e9sident de la R\u00e9publique \u00ab\u00a0doit supprimer\u00a0\u00bb mais plut\u00f4t \u00ab\u00a0qu\u2019il peut supprimer\u00a0\u00bb \u00e0 partir du 12 septembre prochain. <\/p>\n\n\n\n<p>\u00ab\u00a0Aujourd\u2019hui s\u2019il (chef de l\u2019Etat) dissout l\u2019Assembl\u00e9e nationale, il n\u2019acte pas l\u2019avis du Conseil constitutionnel. S\u2019il ne dissout pas, il n\u2019acte pas l\u2019avis. Il a pris acte de l\u2019avis du Conseil constitutionnel, \u00e0 charge pour lui de savoir ce que lui offre la loi dans le cadre de l\u2019utilisation de ses pr\u00e9rogatives r\u00e9galiennes. Maintenant, je sais qu\u2019il est pr\u00e9vu la d\u00e9claration de politique g\u00e9n\u00e9rale le 13 septembre 2024 \u00e0 l\u2019Assembl\u00e9e nationale.<\/p>\n\n\n\n<p> Je sais \u00e9galement que le pr\u00e9sident de la R\u00e9publique, \u00e0 partir du 12 septembre \u00e0 minuit, est habilit\u00e9 \u00e0 dissoudre l\u2019Assembl\u00e9e nationale conform\u00e9ment \u00e0 ses pr\u00e9rogatives r\u00e9galiennes m\u00eame si je sais qu\u2019il a \u00e9t\u00e9 convoqu\u00e9 une session extraordinaire pour la d\u00e9claration de politique g\u00e9n\u00e9rale pour le 13, je m\u2019en tiens \u00e0 \u00e7a jusqu\u2019\u00e0 ce que le pr\u00e9sident nous dise ce qu\u2019il veut faire ou ce qu\u2019il fera. Mais, pour le moment, tous les ministres travaillent ardemment \u00e0 accompagner le Premier ministre \u00e0 la date du 13\u00a0\u00bb.<\/p>\n\n\n\n<p><strong>NANDO CABRAL GOMIS<\/strong><\/p>\n\n\n\n<p>SUDQUOTIDIEN<\/p>\n","protected":false},"excerpt":{"rendered":"<p>Le myst\u00e8re demeure sur la volont\u00e9 du pr\u00e9sident de la R\u00e9publique de dissoudre ou non l\u2019Assembl\u00e9e nationale \u00e0 partir du<\/p>\n","protected":false},"author":1,"featured_media":41572,"comment_status":"open","ping_status":"open","sticky":false,"template":"","format":"standard","meta":{"footnotes":""},"categories":[6],"tags":[],"class_list":["post-41779","post","type-post","status-publish","format-standard","has-post-thumbnail","hentry","category-politics"],"_links":{"self":[{"href":"https:\/\/dekkbi.com\/index.php?rest_route=\/wp\/v2\/posts\/41779","targetHints":{"allow":["GET"]}}],"collection":[{"href":"https:\/\/dekkbi.com\/index.php?rest_route=\/wp\/v2\/posts"}],"about":[{"href":"https:\/\/dekkbi.com\/index.php?rest_route=\/wp\/v2\/types\/post"}],"author":[{"embeddable":true,"href":"https:\/\/dekkbi.com\/index.php?rest_route=\/wp\/v2\/users\/1"}],"replies":[{"embeddable":true,"href":"https:\/\/dekkbi.com\/index.php?rest_route=%2Fwp%2Fv2%2Fcomments&post=41779"}],"version-history":[{"count":1,"href":"https:\/\/dekkbi.com\/index.php?rest_route=\/wp\/v2\/posts\/41779\/revisions"}],"predecessor-version":[{"id":41780,"href":"https:\/\/dekkbi.com\/index.php?rest_route=\/wp\/v2\/posts\/41779\/revisions\/41780"}],"wp:featuredmedia":[{"embeddable":true,"href":"https:\/\/dekkbi.com\/index.php?rest_route=\/wp\/v2\/media\/41572"}],"wp:attachment":[{"href":"https:\/\/dekkbi.com\/index.php?rest_route=%2Fwp%2Fv2%2Fmedia&parent=41779"}],"wp:term":[{"taxonomy":"category","embeddable":true,"href":"https:\/\/dekkbi.com\/index.php?rest_route=%2Fwp%2Fv2%2Fcategories&post=41779"},{"taxonomy":"post_tag","embeddable":true,"href":"https:\/\/dekkbi.com\/index.php?rest_route=%2Fwp%2Fv2%2Ftags&post=41779"}],"curies":[{"name":"wp","href":"https:\/\/api.w.org\/{rel}","templated":true}]}}