{"id":4177,"date":"2022-11-30T14:49:51","date_gmt":"2022-11-30T14:49:51","guid":{"rendered":"https:\/\/dekkbi.com\/?p=4177"},"modified":"2022-11-30T14:49:53","modified_gmt":"2022-11-30T14:49:53","slug":"sida-de-plus-en-plus-deuropeens-vivent-avec-le-vih-sans-le-savoir","status":"publish","type":"post","link":"https:\/\/dekkbi.com\/?p=4177","title":{"rendered":"Sida: de plus en plus d\u2019Europ\u00e9ens vivent avec le VIH sans le savoir"},"content":{"rendered":"\n<p>De plus en plus de personnes vivent dans la r\u00e9gion Europe &#8211; c&rsquo;est-\u00e0-dire 53 pays dont ceux l&rsquo;Union europ\u00e9enne (UE)\/Espace \u00e9conomique europ\u00e9enne (EEE) &#8211; avec le VIH sans que celui-ci ne soit diagnostiqu\u00e9, indique mercredi le Centre europ\u00e9en de pr\u00e9vention et de contr\u00f4le des maladies (ECDC). Ce constat a \u00e9t\u00e9 soulev\u00e9 \u00e0 la suite de la publication du rapport annuel de surveillance en Europe du sida et du VIH, publi\u00e9 conjointement avec le Bureau r\u00e9gional de l&rsquo;OMS pour l&rsquo;Europe.<\/p>\n\n\n\n<p><strong>R\u00e9daction&nbsp;<\/strong>30-11-22, 13:50&nbsp;<strong>Source:<\/strong>&nbsp;BELGA<\/p>\n\n\n\n<ul class=\"wp-block-list\">\n<li><a href=\"https:\/\/www.facebook.com\/sharer\/sharer.php?u=https%3A%2F%2Fwww.7sur7.be%2Fsante%2Fsida-de-plus-en-plus-deuropeens-vivent-avec-le-vih-sans-le-savoir%7Ea5b6dba0%2F%3Futm_source%3Dfacebook%26utm_medium%3Dsocial%26utm_campaign%3Dsocialsharing_web\"><\/a><\/li>\n\n\n\n<li><a href=\"http:\/\/twitter.com\/share?text=Sida%3A+de+plus+en+plus+d%E2%80%99Europ%C3%A9ens+vivent+avec+le+VIH+sans+le+savoir&amp;url=https%3A%2F%2Fwww.7sur7.be%2Fsante%2Fsida-de-plus-en-plus-deuropeens-vivent-avec-le-vih-sans-le-savoir%7Ea5b6dba0%2F%3Futm_source%3Dtwitter%26utm_medium%3Dsocial%26utm_campaign%3Dsocialsharing_web\"><\/a><\/li>\n<\/ul>\n\n\n\n<p>\u00c0 l&rsquo;occasion de la Journ\u00e9e mondiale de lutte contre le sida, ce jeudi, le nouveau rapport montre que depuis au moins 2018 et jusqu&rsquo;en 2021, le nombre de personnes infect\u00e9es par le VIH dans la r\u00e9gion Europe est sup\u00e9rieur au nombre de personnes diagnostiqu\u00e9es. En revanche, dans l&rsquo;UE\/EEE, il y a eu l\u00e9g\u00e8rement plus de diagnostics que d&rsquo;infections par le VIH au cours de la derni\u00e8re d\u00e9cennie, ce qui indique que le nombre de personnes vivant avec un VIH non diagnostiqu\u00e9 est probablement en baisse dans nombre de ces pays, selon l&rsquo;ECDC. Ce dernier estime toutefois qu&rsquo;une personne sur huit vivant avec le VIH dans l&rsquo;UE\/EEE n&rsquo;est toujours pas diagnostiqu\u00e9e.<\/p>\n\n\n\n<h2 class=\"wp-block-heading\">Lire aussi<\/h2>\n\n\n\n<ul class=\"wp-block-list\">\n<li><a href=\"https:\/\/www.7sur7.be\/sante\/les-diagnostics-de-vih-en-legere-hausse-nous-devons-redoubler-nos-efforts~af7f94ca\/\">Les diagnostics de VIH en l\u00e9g\u00e8re hausse: \u201cNous devons redoubler nos efforts\u201d<\/a><\/li>\n<\/ul>\n\n\n\n<p>En Belgique, 781 nouveaux diagnostics d&rsquo;infections par le VIH ont \u00e9t\u00e9 \u00e9tablis (6,8 nouveaux diagnostics pour 100.000 habitants), selon le rapport. Au total, 580 \u00e9taient des hommes, soit 74,2%. Plus de 54% des cas de VIH ont \u00e9t\u00e9 diagnostiqu\u00e9s chez des personnes \u00e2g\u00e9es de 30 \u00e0 49 ans.<\/p>\n\n\n\n<h2 class=\"wp-block-heading\">Transmission du VIH<\/h2>\n\n\n\n<p>\u00ab\u00a0En l&rsquo;absence de d\u00e9pistage r\u00e9gulier du VIH pour les personnes les plus expos\u00e9es, il peut s&rsquo;\u00e9couler une longue p\u00e9riode entre l&rsquo;infection par le VIH et le diagnostic. Ce n&rsquo;est pas bon pour les individus, car ils risquent davantage de souffrir de maladies graves, voire de mourir, si le diagnostic est tardif. Ce n&rsquo;est pas bon non plus pour la sant\u00e9 publique, car les personnes s\u00e9ropositives non trait\u00e9es peuvent transmettre le VIH \u00e0 leurs partenaires sexuels sans le savoir\u00a0\u00bb, souligne la directrice de l&rsquo;ECDC, Andrea Ammon. \u00ab\u00a0La stigmatisation persistante et g\u00e9n\u00e9ralis\u00e9e du VIH dissuade les gens de se faire d\u00e9pister et nous \u00e9loigne dangereusement de notre objectif de 2030, qui est de mettre fin au sida\u00a0\u00bb, ajoute Mme Ammon.<\/p>\n\n\n\n<h2 class=\"wp-block-heading\">Impact de la crise sanitaire<\/h2>\n\n\n\n<p>La crise sanitaire a \u00e9galement eu un impact sur le d\u00e9pistage du VIH. L&rsquo;ECDC pointe le fait que les chiffres rapport\u00e9s ont fortement diminu\u00e9 en 2020, premi\u00e8re ann\u00e9e de la pand\u00e9mie de Covid-19, et les nouveaux diagnostics de VIH rapport\u00e9s dans la r\u00e9gion Europe de l&rsquo;OMS en 2021 sont rest\u00e9s inf\u00e9rieurs de pr\u00e8s de 25% au niveau pr\u00e9c\u00e9dant la pand\u00e9mie. L&rsquo;ECDC rappelle ainsi la n\u00e9cessit\u00e9 d&rsquo;intensifier \u00ab\u00a0rapidement le d\u00e9pistage du VIH\u00a0\u00bb.<\/p>\n\n\n\n<p>Au cours des quatre derni\u00e8res d\u00e9cennies, plus de 2,3 millions de personnes ont \u00e9t\u00e9 diagnostiqu\u00e9es et d\u00e9clar\u00e9es comme vivant avec le VIH dans la r\u00e9gion Europe de l&rsquo;OMS, dont pr\u00e8s de 590.000 dans l&rsquo;UE\/EEE.<\/p>\n","protected":false},"excerpt":{"rendered":"<p>De plus en plus de personnes vivent dans la r\u00e9gion Europe &#8211; c&rsquo;est-\u00e0-dire 53 pays dont ceux l&rsquo;Union europ\u00e9enne (UE)\/Espace<\/p>\n","protected":false},"author":1,"featured_media":2663,"comment_status":"open","ping_status":"open","sticky":false,"template":"","format":"standard","meta":{"footnotes":""},"categories":[51],"tags":[],"class_list":["post-4177","post","type-post","status-publish","format-standard","has-post-thumbnail","hentry","category-general"],"_links":{"self":[{"href":"https:\/\/dekkbi.com\/index.php?rest_route=\/wp\/v2\/posts\/4177","targetHints":{"allow":["GET"]}}],"collection":[{"href":"https:\/\/dekkbi.com\/index.php?rest_route=\/wp\/v2\/posts"}],"about":[{"href":"https:\/\/dekkbi.com\/index.php?rest_route=\/wp\/v2\/types\/post"}],"author":[{"embeddable":true,"href":"https:\/\/dekkbi.com\/index.php?rest_route=\/wp\/v2\/users\/1"}],"replies":[{"embeddable":true,"href":"https:\/\/dekkbi.com\/index.php?rest_route=%2Fwp%2Fv2%2Fcomments&post=4177"}],"version-history":[{"count":1,"href":"https:\/\/dekkbi.com\/index.php?rest_route=\/wp\/v2\/posts\/4177\/revisions"}],"predecessor-version":[{"id":4178,"href":"https:\/\/dekkbi.com\/index.php?rest_route=\/wp\/v2\/posts\/4177\/revisions\/4178"}],"wp:featuredmedia":[{"embeddable":true,"href":"https:\/\/dekkbi.com\/index.php?rest_route=\/wp\/v2\/media\/2663"}],"wp:attachment":[{"href":"https:\/\/dekkbi.com\/index.php?rest_route=%2Fwp%2Fv2%2Fmedia&parent=4177"}],"wp:term":[{"taxonomy":"category","embeddable":true,"href":"https:\/\/dekkbi.com\/index.php?rest_route=%2Fwp%2Fv2%2Fcategories&post=4177"},{"taxonomy":"post_tag","embeddable":true,"href":"https:\/\/dekkbi.com\/index.php?rest_route=%2Fwp%2Fv2%2Ftags&post=4177"}],"curies":[{"name":"wp","href":"https:\/\/api.w.org\/{rel}","templated":true}]}}