{"id":41769,"date":"2024-09-09T09:18:18","date_gmt":"2024-09-09T09:18:18","guid":{"rendered":"https:\/\/dekkbi.com\/?p=41769"},"modified":"2024-09-09T09:18:18","modified_gmt":"2024-09-09T09:18:18","slug":"diegane-sene-a-la-tete-dune-nouvelle-alliance-politique-la-federation-du-renouveau","status":"publish","type":"post","link":"https:\/\/dekkbi.com\/?p=41769","title":{"rendered":"Di\u00e9gane S\u00e8ne \u00e0 la t\u00eate d\u2019une nouvelle alliance politique, la F\u00e9d\u00e9ration du renouveau"},"content":{"rendered":"\n<p>Dakar,  (APS) \u2013 La F\u00e9d\u00e9ration du renouveau (FDR), constitu\u00e9e de partis et de mouvements politiques, ainsi que de personnalit\u00e9s ind\u00e9pendantes, a proc\u00e9d\u00e9 au lancement de ses activit\u00e9s, samedi, \u00e0 Dakar, en aspirant \u00e0 \u00eatre parmi les \u2018\u2019premi\u00e8res alliances politiques du S\u00e9n\u00e9gal\u2019\u2019, sous la houlette de l\u2019ancien ministre Di\u00e9gane S\u00e8ne.<\/p>\n\n\n\n<p>\u2018\u2019La F\u00e9d\u00e9ration du renouveau nourrit l\u2019ambition d\u2019\u00eatre pr\u00e9sente sur l\u2019\u00e9chiquier politique national et d\u2019\u00eatre parmi les premi\u00e8res alliances politiques du S\u00e9n\u00e9gal\u2019\u2019, a d\u00e9clar\u00e9 M. S\u00e8ne lors d\u2019une c\u00e9r\u00e9monie de lancement des activit\u00e9s de cette organisation.<\/p>\n\n\n\n<p>La FDR a manifest\u00e9 le d\u00e9sir de participer aux prochaines \u00e9lections. \u2018\u2019La F\u00e9d\u00e9ration du renouveau, conform\u00e9ment \u00e0 son ambition de conqu\u00eate et d\u2019exercice du pouvoir \u00e0 travers le suffrage universel, s\u2019engage \u00e0 participer \u00e0 toutes les \u00e9lections d\u00e9mocratiquement organis\u00e9es au S\u00e9n\u00e9gal\u2019\u2019, a dit l\u2019un de ses dirigeants, Abdoulaye Gallo Diao, en lisant un document de l\u2019alliance.<\/p>\n\n\n\n<p>Di\u00e9gane S\u00e8ne et ses alli\u00e9s aspirent aussi \u00e0 \u00eatre \u2018\u2019une force de r\u00e9flexion, d\u2019impulsion, de mouvement et d\u2019accompagnement de toutes les initiatives allant dans le sens de la consolidation de la coh\u00e9sion nationale et du renforcement de la bonne gouvernance\u2019\u2019.<\/p>\n\n\n\n<p>Interrog\u00e9 sur l\u2019actualit\u00e9 politique, le leader de la FDR a souhait\u00e9 la dissolution de l\u2019Assembl\u00e9e nationale et l\u2019organisation d\u2019\u00e9lections l\u00e9gislatives dans les mois \u00e0 venir.<\/p>\n\n\n\n<figure class=\"wp-block-image size-full\"><img loading=\"lazy\" decoding=\"async\" width=\"701\" height=\"394\" src=\"https:\/\/dekkbi.com\/wp-content\/uploads\/2024\/09\/FDR.png\" alt=\"\" class=\"wp-image-41770\" srcset=\"https:\/\/dekkbi.com\/wp-content\/uploads\/2024\/09\/FDR.png 701w, https:\/\/dekkbi.com\/wp-content\/uploads\/2024\/09\/FDR-300x169.png 300w\" sizes=\"auto, (max-width: 701px) 100vw, 701px\" \/><\/figure>\n\n\n\n<p>Ancien membre du bureau politique du Parti socialiste (PS), Di\u00e9gane S\u00e8ne, historien, sp\u00e9cialiste de l\u2019histoire des m\u00e9dias, est un ancien d\u00e9put\u00e9. Il a \u00e9t\u00e9 ministre de l\u2019Alphab\u00e9tisation, des Langues nationales et de la Francophonie, dans le gouvernement dirig\u00e9 par Macky Sall durant la pr\u00e9sidence d\u2019Abdoulaye Wade.<\/p>\n\n\n\n<p>Il est le secr\u00e9taire g\u00e9n\u00e9ral de l\u2019Union pour le renouveau d\u00e9mocratique (URD), une formation politique dont il fait partie des membres fondateurs.<\/p>\n\n\n\n<p>L\u2019URD a \u00e9t\u00e9 cr\u00e9\u00e9e \u00e0 la fin des ann\u00e9es 1990 par des militants de premier plan du PS et dirig\u00e9e pendant plusieurs ann\u00e9es par Djibo Leyti K\u00e2 (1948-2017).<\/p>\n\n\n\n<p>BB\/ESF<\/p>\n","protected":false},"excerpt":{"rendered":"<p>Dakar, (APS) \u2013 La F\u00e9d\u00e9ration du renouveau (FDR), constitu\u00e9e de partis et de mouvements politiques, ainsi que de personnalit\u00e9s ind\u00e9pendantes,<\/p>\n","protected":false},"author":1,"featured_media":41771,"comment_status":"open","ping_status":"open","sticky":false,"template":"","format":"standard","meta":{"footnotes":""},"categories":[6],"tags":[],"class_list":["post-41769","post","type-post","status-publish","format-standard","has-post-thumbnail","hentry","category-politics"],"_links":{"self":[{"href":"https:\/\/dekkbi.com\/index.php?rest_route=\/wp\/v2\/posts\/41769","targetHints":{"allow":["GET"]}}],"collection":[{"href":"https:\/\/dekkbi.com\/index.php?rest_route=\/wp\/v2\/posts"}],"about":[{"href":"https:\/\/dekkbi.com\/index.php?rest_route=\/wp\/v2\/types\/post"}],"author":[{"embeddable":true,"href":"https:\/\/dekkbi.com\/index.php?rest_route=\/wp\/v2\/users\/1"}],"replies":[{"embeddable":true,"href":"https:\/\/dekkbi.com\/index.php?rest_route=%2Fwp%2Fv2%2Fcomments&post=41769"}],"version-history":[{"count":1,"href":"https:\/\/dekkbi.com\/index.php?rest_route=\/wp\/v2\/posts\/41769\/revisions"}],"predecessor-version":[{"id":41772,"href":"https:\/\/dekkbi.com\/index.php?rest_route=\/wp\/v2\/posts\/41769\/revisions\/41772"}],"wp:featuredmedia":[{"embeddable":true,"href":"https:\/\/dekkbi.com\/index.php?rest_route=\/wp\/v2\/media\/41771"}],"wp:attachment":[{"href":"https:\/\/dekkbi.com\/index.php?rest_route=%2Fwp%2Fv2%2Fmedia&parent=41769"}],"wp:term":[{"taxonomy":"category","embeddable":true,"href":"https:\/\/dekkbi.com\/index.php?rest_route=%2Fwp%2Fv2%2Fcategories&post=41769"},{"taxonomy":"post_tag","embeddable":true,"href":"https:\/\/dekkbi.com\/index.php?rest_route=%2Fwp%2Fv2%2Ftags&post=41769"}],"curies":[{"name":"wp","href":"https:\/\/api.w.org\/{rel}","templated":true}]}}