{"id":41754,"date":"2024-09-06T12:45:21","date_gmt":"2024-09-06T12:45:21","guid":{"rendered":"https:\/\/dekkbi.com\/?p=41754"},"modified":"2024-09-06T12:48:05","modified_gmt":"2024-09-06T12:48:05","slug":"jeux-paralympiques-le-nageur-bresilien-gabrielzinho-star-a-paris","status":"publish","type":"post","link":"https:\/\/dekkbi.com\/?p=41754","title":{"rendered":"Jeux paralympiques: le nageur br\u00e9silien Gabrielzinho, star \u00e0 Paris"},"content":{"rendered":"\n<p>Avant sa derni\u00e8re course, vendredi 6 septembre, dans l\u2019enceinte Paris La D\u00e9fense Arena, l&rsquo;objectif de trois m\u00e9dailles d&rsquo;or \u00e9tait atteint pour Gabriel dos Santos Araujo, dit \u00ab&nbsp;Gabrielzinho&nbsp;\u00bb. Le nageur paralympique br\u00e9silien a largement fait le&nbsp;<em>buzz<\/em>&nbsp;dans la capitale fran\u00e7aise.<\/p>\n\n\n\n<p>Il ondule sous l\u2019eau comme un dauphin, \u00e0 la seule force de son torse et de son bassin.&nbsp;\u00c0 Paris, le nageur de 22 ans, 1,21 m\u00e8tre, sans bras et avec des jambes atrophi\u00e9es, a remport\u00e9 trois m\u00e9daille d\u2019or avec le 100m dos, le 50m dos, et le 200m nage libre, dans la cat\u00e9gorie S2, celle r\u00e9serv\u00e9e aux nageurs pr\u00e9sentant une \u00ab&nbsp;<em>d\u00e9ficience physique grave<\/em>&nbsp;\u00bb. Ce vendredi 6 septembre, il \u00e9tait de nouveau en action mais n&rsquo;a pas r\u00e9ussi \u00e0 se qualifier pour la finale apr\u00e8s \u00eatre pass\u00e9 dans une autre cat\u00e9gorie (S3). Il a termin\u00e9 cinqui\u00e8me de sa s\u00e9rie en 50 m nage libre, remport\u00e9e par l\u2019Ukrainien Serhii Palamarchuk, le laissant en dehors des 8 nageurs les plus rapides des deux s\u00e9ries qualifi\u00e9es pour la finale.<\/p>\n\n\n\n<h2 class=\"wp-block-heading\">Une petite danse pour c\u00e9l\u00e9brer ses titres<\/h2>\n\n\n\n<p>\u00ab&nbsp;Gabrielzinho&nbsp;\u00bb (le petit Gabriel), atteint de phocom\u00e9lie, une malformation cong\u00e9nitale due \u00e0 l\u2019arr\u00eat du d\u00e9veloppement d\u2019un ou de plusieurs membres durant la grossesse, porte-drapeau de la d\u00e9l\u00e9gation br\u00e9silienne lors de la c\u00e9r\u00e9monie d\u2019ouverture, a fait le show et le public parisien l\u2019a adopt\u00e9 tr\u00e8s vite. Apr\u00e8s chaque m\u00e9daille d\u2019or, il fait la r\u00e9v\u00e9rence aux spectateurs, puis aspire une gorg\u00e9e au bord de la piscine avant de laisser \u00e9chapper un immense jet d\u2019eau. Sur le podium, il s\u2019amuse \u00e0 ex\u00e9cuter une petite danse.&nbsp;<\/p>\n\n\n\n<p>Sa carri\u00e8re d\u2019athl\u00e8te\u00a0<strong>paralympique\u00a0<\/strong>a d\u00e9but\u00e9 aux Jeux de Tokyo, o\u00f9 il est mont\u00e9 \u00e0 trois reprises sur le podium. Au Japon, il s\u2019est offert deux titres olympiques en 50m dos et 200m nage libre. Sans oublier une m\u00e9daille d\u2019argent en 100m dos. L\u00e0, \u00ab\u00a0Gabrielzinho\u00a0\u00bb, pouss\u00e9 au sport et \u00e0 la natation par sa m\u00e8re d\u00e8s le plus jeune \u00e2ge, n&rsquo;avait pas eu la chance de profiter des supporters absents pour cause de Covid-19.\u00a0<\/p>\n\n\n\n<p>\u00ab&nbsp;<em>Comme on voulait qu\u2019il ait une enfance normale, on l\u2019emmenait dans un club o\u00f9 il y avait une piscine. \u00c0 4 ou 5 ans, il savait d\u00e9j\u00e0 nager, m\u00eame s\u2019il n\u2019avait pas de bras. Je crois que c\u2019est un don qu\u2019il a re\u00e7u de Dieu&nbsp;<\/em>\u00bb, a racont\u00e9 sa m\u00e8re \u00e0 l\u2019AFP.<\/p>\n\n\n\n<p>SOURCE : RFI<\/p>\n","protected":false},"excerpt":{"rendered":"<p>Avant sa derni\u00e8re course, vendredi 6 septembre, dans l\u2019enceinte Paris La D\u00e9fense Arena, l&rsquo;objectif de trois m\u00e9dailles d&rsquo;or \u00e9tait atteint<\/p>\n","protected":false},"author":1,"featured_media":41755,"comment_status":"open","ping_status":"open","sticky":false,"template":"","format":"standard","meta":{"footnotes":""},"categories":[9],"tags":[],"class_list":["post-41754","post","type-post","status-publish","format-standard","has-post-thumbnail","hentry","category-sports"],"_links":{"self":[{"href":"https:\/\/dekkbi.com\/index.php?rest_route=\/wp\/v2\/posts\/41754","targetHints":{"allow":["GET"]}}],"collection":[{"href":"https:\/\/dekkbi.com\/index.php?rest_route=\/wp\/v2\/posts"}],"about":[{"href":"https:\/\/dekkbi.com\/index.php?rest_route=\/wp\/v2\/types\/post"}],"author":[{"embeddable":true,"href":"https:\/\/dekkbi.com\/index.php?rest_route=\/wp\/v2\/users\/1"}],"replies":[{"embeddable":true,"href":"https:\/\/dekkbi.com\/index.php?rest_route=%2Fwp%2Fv2%2Fcomments&post=41754"}],"version-history":[{"count":2,"href":"https:\/\/dekkbi.com\/index.php?rest_route=\/wp\/v2\/posts\/41754\/revisions"}],"predecessor-version":[{"id":41757,"href":"https:\/\/dekkbi.com\/index.php?rest_route=\/wp\/v2\/posts\/41754\/revisions\/41757"}],"wp:featuredmedia":[{"embeddable":true,"href":"https:\/\/dekkbi.com\/index.php?rest_route=\/wp\/v2\/media\/41755"}],"wp:attachment":[{"href":"https:\/\/dekkbi.com\/index.php?rest_route=%2Fwp%2Fv2%2Fmedia&parent=41754"}],"wp:term":[{"taxonomy":"category","embeddable":true,"href":"https:\/\/dekkbi.com\/index.php?rest_route=%2Fwp%2Fv2%2Fcategories&post=41754"},{"taxonomy":"post_tag","embeddable":true,"href":"https:\/\/dekkbi.com\/index.php?rest_route=%2Fwp%2Fv2%2Ftags&post=41754"}],"curies":[{"name":"wp","href":"https:\/\/api.w.org\/{rel}","templated":true}]}}