{"id":41718,"date":"2024-09-06T11:31:48","date_gmt":"2024-09-06T11:31:48","guid":{"rendered":"https:\/\/dekkbi.com\/?p=41718"},"modified":"2024-09-06T11:31:49","modified_gmt":"2024-09-06T11:31:49","slug":"guediawaye-un-commercant-accuse-de-viol-sur-une-jeune-deficiente-mentale-defere-au-parquet","status":"publish","type":"post","link":"https:\/\/dekkbi.com\/?p=41718","title":{"rendered":"Gu\u00e9diawaye : Un commer\u00e7ant accus\u00e9 de viol sur une jeune d\u00e9ficiente mentale d\u00e9f\u00e9r\u00e9 au parquet"},"content":{"rendered":"\n<p>E. M. Mbaye a \u00e9t\u00e9 d\u00e9f\u00e9r\u00e9 au parquet pour \u00ab viol \u00bb, sur une d\u00e9ficiente mentale. Le mis en est accus\u00e9 d\u2019avoir app\u00e2t\u00e9 la victime N. M. N., \u00e2g\u00e9e de 22 ans, pour la violer dans sa boutique.<\/p>\n\n\n\n<p>Retra\u00e7ant le film de l\u2019agression sexuelle, ce jour-l\u00e0, E. M. Mbaye, a fait venir la jeune dame dans sa boutique situ\u00e9e au march\u00e9 Peund \u00e0 Gu\u00e9diawaye. Une fois \u00e0 l\u2019int\u00e9rieur, il a entretenu un rapport sexuel forc\u00e9 avec elle.<\/p>\n\n\n\n<p>Selon \u00ab\u00a0Senenews\u00a0\u00bb, le commer\u00e7ant a \u00e9t\u00e9 d\u00e9nonc\u00e9 par N. M. N., qui s\u2019est confi\u00e9e \u00e0 sa m\u00e8re. Cette derni\u00e8re est all\u00e9e se plaindre aupr\u00e8s du mis en cause, qui a reconnu les faits.<\/p>\n\n\n\n<p>Arr\u00eat\u00e9 et interrog\u00e9 sur proc\u00e8s-verbal, E. M. Mbaye, \u00e2g\u00e9 de 42 ans, a avou\u00e9 avoir entretenu des rapports sexuels avec la d\u00e9ficiente mentale. Au terme de l\u2019enqu\u00eate, le pr\u00e9sum\u00e9 violeur a \u00e9t\u00e9 pr\u00e9sent\u00e9 au procureur.<\/p>\n\n\n\n<p>SOURCE : LERAL.NET<\/p>\n","protected":false},"excerpt":{"rendered":"<p>E. M. Mbaye a \u00e9t\u00e9 d\u00e9f\u00e9r\u00e9 au parquet pour \u00ab viol \u00bb, sur une d\u00e9ficiente mentale. Le mis en est<\/p>\n","protected":false},"author":1,"featured_media":1739,"comment_status":"open","ping_status":"open","sticky":false,"template":"","format":"standard","meta":{"footnotes":""},"categories":[26],"tags":[],"class_list":["post-41718","post","type-post","status-publish","format-standard","has-post-thumbnail","hentry","category-fait-divers"],"_links":{"self":[{"href":"https:\/\/dekkbi.com\/index.php?rest_route=\/wp\/v2\/posts\/41718","targetHints":{"allow":["GET"]}}],"collection":[{"href":"https:\/\/dekkbi.com\/index.php?rest_route=\/wp\/v2\/posts"}],"about":[{"href":"https:\/\/dekkbi.com\/index.php?rest_route=\/wp\/v2\/types\/post"}],"author":[{"embeddable":true,"href":"https:\/\/dekkbi.com\/index.php?rest_route=\/wp\/v2\/users\/1"}],"replies":[{"embeddable":true,"href":"https:\/\/dekkbi.com\/index.php?rest_route=%2Fwp%2Fv2%2Fcomments&post=41718"}],"version-history":[{"count":1,"href":"https:\/\/dekkbi.com\/index.php?rest_route=\/wp\/v2\/posts\/41718\/revisions"}],"predecessor-version":[{"id":41719,"href":"https:\/\/dekkbi.com\/index.php?rest_route=\/wp\/v2\/posts\/41718\/revisions\/41719"}],"wp:featuredmedia":[{"embeddable":true,"href":"https:\/\/dekkbi.com\/index.php?rest_route=\/wp\/v2\/media\/1739"}],"wp:attachment":[{"href":"https:\/\/dekkbi.com\/index.php?rest_route=%2Fwp%2Fv2%2Fmedia&parent=41718"}],"wp:term":[{"taxonomy":"category","embeddable":true,"href":"https:\/\/dekkbi.com\/index.php?rest_route=%2Fwp%2Fv2%2Fcategories&post=41718"},{"taxonomy":"post_tag","embeddable":true,"href":"https:\/\/dekkbi.com\/index.php?rest_route=%2Fwp%2Fv2%2Ftags&post=41718"}],"curies":[{"name":"wp","href":"https:\/\/api.w.org\/{rel}","templated":true}]}}