{"id":41706,"date":"2024-09-06T11:13:45","date_gmt":"2024-09-06T11:13:45","guid":{"rendered":"https:\/\/dekkbi.com\/?p=41706"},"modified":"2024-09-06T12:51:15","modified_gmt":"2024-09-06T12:51:15","slug":"kaolack-resilience-des-petits-agriculteurs-a-linsecurite-alimentaire-405-000-beneficiaires-dans-le-viseur-du-pam","status":"publish","type":"post","link":"https:\/\/dekkbi.com\/?p=41706","title":{"rendered":"Kaolack\/ r\u00e9silience des petits agriculteurs \u00e0 l\u2019ins\u00e9curit\u00e9 alimentaire"},"content":{"rendered":"\n<p>Le Programme alimentaire mondial (PAM) et le secr\u00e9tariat ex\u00e9cutif du Conseil national de la s\u00e9curit\u00e9 Alimentaire (SE-CNSA) par le biais de leur comit\u00e9 de pilotage de l\u2019initiative 4R pour l\u2019instauration de la r\u00e9silience dans les communaut\u00e9s vuln\u00e9rables du monde rural, ont proc\u00e9d\u00e9 \u00e0 Kaolack hier, mercredi 4 septembre dernier, \u00e0 l\u2019\u00e9valuation du projet (2019\/2023) qui visait \u00e0 b\u00e2tir la r\u00e9silience des petits agriculteurs \u00e0 l\u2019ins\u00e9curit\u00e9 alimentaire et \u00e0 faire face aux chocs climatiques \u00e0 travers une gestion int\u00e9gr\u00e9e des risques li\u00e9s au climat.&nbsp; Mieux, il s\u2019agissait \u00e0 travers cette rencontre de finaliser les activit\u00e9s du comit\u00e9 de pilotage qui devaient en principe prendre fin depuis Janvier dernier, mais prolong\u00e9es de quelques mois encore pour finaliser certaines qui n\u2019avaient pas pu se concr\u00e9tiser et consolider d\u2019autres pour la durabilit\u00e9. Ainsi financ\u00e9 par le fonds Verts pour le climat (GCF), \u00e0 hauteur de 5 Milliards 800 millions de Frs CFA, pour le renforcement des programmes nationaux de r\u00e9silience de l\u2019\u00c9tat, ce projet apr\u00e8s \u00e9tude a permis de toucher pr\u00e8s de 405. 000 personnes vuln\u00e9rables, les petits agriculteurs en particulier en mettant en \u00e9chelle leur r\u00e9silience face aux chocs climatiques. Et ceci, dans cinq (5) r\u00e9gions cibles du pays (Kolda, Tambacounda, Kaffrine, Kaolack, et Fatick). Pour le repr\u00e9sentant permanent du Programme alimentaire mondial venu pour pr\u00e9senter la c\u00e9r\u00e9monie de cl\u00f4ture,&nbsp; \u00ab&nbsp;la fin du projet de financement du fonds Verts pour le climat n\u2019est pas celle de l\u2019approche 4R pour le PAM au S\u00e9n\u00e9gal.&nbsp; C\u2019est une approche en construction pour aider les petits producteurs agricoles vuln\u00e9rables \u00e0 faire face aux d\u00e9fis caus\u00e9s par les al\u00e9as climatiques par rapport \u00e0 leur souverainet\u00e9 alimentaire\u00bb. Invitant ainsi les partenaires coop\u00e9rants du PAM et les communaut\u00e9s b\u00e9n\u00e9ficiaires \u00e0 poursuivre leurs engagements en s\u2019appropriant des efforts d\u00e9j\u00e0 consentis, le directeur du PAM Pierre Lucas a pour autant annonc\u00e9 les prochaines \u00e9tapes \u00e0 conqu\u00e9rir. Il s\u2019agit en effet de l\u2019int\u00e9gration et l\u2019acc\u00e8s au march\u00e9 des petits producteurs et exploitants agricoles, ainsi que la cr\u00e9ation d\u2019emplois verts pour les jeunes avec le d\u00e9marrage d\u2019un nouveau projet financ\u00e9 par la Fondation MasterCard (MCF).<\/p>\n\n\n\n<p><strong>ABDOULAYE FALL<\/strong><\/p>\n\n\n\n<p>SOURCE : SUD QUOTIDIEN<\/p>\n","protected":false},"excerpt":{"rendered":"<p>Le Programme alimentaire mondial (PAM) et le secr\u00e9tariat ex\u00e9cutif du Conseil national de la s\u00e9curit\u00e9 Alimentaire (SE-CNSA) par le biais<\/p>\n","protected":false},"author":1,"featured_media":41707,"comment_status":"open","ping_status":"open","sticky":false,"template":"","format":"standard","meta":{"footnotes":""},"categories":[3],"tags":[],"class_list":["post-41706","post","type-post","status-publish","format-standard","has-post-thumbnail","hentry","category-event-more-news"],"_links":{"self":[{"href":"https:\/\/dekkbi.com\/index.php?rest_route=\/wp\/v2\/posts\/41706","targetHints":{"allow":["GET"]}}],"collection":[{"href":"https:\/\/dekkbi.com\/index.php?rest_route=\/wp\/v2\/posts"}],"about":[{"href":"https:\/\/dekkbi.com\/index.php?rest_route=\/wp\/v2\/types\/post"}],"author":[{"embeddable":true,"href":"https:\/\/dekkbi.com\/index.php?rest_route=\/wp\/v2\/users\/1"}],"replies":[{"embeddable":true,"href":"https:\/\/dekkbi.com\/index.php?rest_route=%2Fwp%2Fv2%2Fcomments&post=41706"}],"version-history":[{"count":3,"href":"https:\/\/dekkbi.com\/index.php?rest_route=\/wp\/v2\/posts\/41706\/revisions"}],"predecessor-version":[{"id":41759,"href":"https:\/\/dekkbi.com\/index.php?rest_route=\/wp\/v2\/posts\/41706\/revisions\/41759"}],"wp:featuredmedia":[{"embeddable":true,"href":"https:\/\/dekkbi.com\/index.php?rest_route=\/wp\/v2\/media\/41707"}],"wp:attachment":[{"href":"https:\/\/dekkbi.com\/index.php?rest_route=%2Fwp%2Fv2%2Fmedia&parent=41706"}],"wp:term":[{"taxonomy":"category","embeddable":true,"href":"https:\/\/dekkbi.com\/index.php?rest_route=%2Fwp%2Fv2%2Fcategories&post=41706"},{"taxonomy":"post_tag","embeddable":true,"href":"https:\/\/dekkbi.com\/index.php?rest_route=%2Fwp%2Fv2%2Ftags&post=41706"}],"curies":[{"name":"wp","href":"https:\/\/api.w.org\/{rel}","templated":true}]}}